{"id":34525,"date":"2020-09-09T23:22:15","date_gmt":"2020-09-09T23:22:15","guid":{"rendered":"https:\/\/jorgezanoni.com.br\/2019\/?p=34525"},"modified":"2020-09-09T23:22:15","modified_gmt":"2020-09-09T23:22:15","slug":"operacao-camouflage-desarticula-associacao-criminosa-que-movimentou-mais-de-r-14-milhoes-em-jogo-do-bicho-agiotagem-e-lavagem-de-dinheiro","status":"publish","type":"post","link":"https:\/\/jorgezanoni.com.br\/2019\/operacao-camouflage-desarticula-associacao-criminosa-que-movimentou-mais-de-r-14-milhoes-em-jogo-do-bicho-agiotagem-e-lavagem-de-dinheiro\/","title":{"rendered":"Opera\u00e7\u00e3o &#8220;Camouflage&#8221; desarticula associa\u00e7\u00e3o criminosa que movimentou mais de R$ 14 milh\u00f5es em jogo do bicho, agiotagem e lavagem de dinheiro"},"content":{"rendered":"<h2 class=\"content-head__subtitle\" style=\"text-align: justify;\"><strong>Tr\u00eas homens e uma mulher foram presos nesta quarta-feira (9), em Regente Feij\u00f3 (SP). Pol\u00edcia Civil ainda apreendeu caminhonete, pistola, muni\u00e7\u00f5es e m\u00e1quinas de apostas.<\/strong><\/h2>\n<div class=\"mc-column content-text active-extra-styles \" data-block-type=\"unstyled\" data-block-weight=\"50\" data-block-id=\"2\">\n<p class=\"content-text__container \" style=\"text-align: justify;\" data-track-category=\"Link no Texto\" data-track-links=\"\">Ap\u00f3s um ano de investiga\u00e7\u00f5es, a Pol\u00edcia Civil desarticulou nesta quarta-feira (9) uma associa\u00e7\u00e3o criminosa dedicada \u00e0 explora\u00e7\u00e3o ilegal do jogo do bicho, \u00e0 agiotagem e \u00e0 lavagem de dinheiro, em\u00a0<a href=\"https:\/\/g1.globo.com\/sp\/presidente-prudente-regiao\/cidade\/regente-feijo\/\">Regente Feij\u00f3 (SP)<\/a>. Os criminosos movimentaram, no per\u00edodo de cinco anos, mais de R$ 14 milh\u00f5es, segundo a pol\u00edcia.<\/p>\n<\/div>\n<div class=\"wall protected-content\">\n<div class=\"mc-column content-text active-extra-styles \" style=\"text-align: justify;\" data-block-type=\"unstyled\" data-block-weight=\"48\" data-block-id=\"3\">\n<p class=\"content-text__container \" data-track-category=\"Link no Texto\" data-track-links=\"\">A pol\u00edcia ainda identificou que a associa\u00e7\u00e3o criminosa, para ocultar ou dissimular a natureza e a origem do dinheiro il\u00edcito, utilizava contas banc\u00e1rias para incluir no sistema financeiro os valores vindos do jogo ilegal e da agiotagem, movimentando mais de R$ 14 milh\u00f5es no per\u00edodo de cinco anos.<\/p>\n<\/div>\n<div class=\"mc-column content-text active-extra-styles \" style=\"text-align: justify;\" data-block-type=\"unstyled\" data-block-weight=\"39\" data-block-id=\"4\">\n<p class=\"content-text__container \" data-track-category=\"Link no Texto\" data-track-links=\"\">A Opera\u00e7\u00e3o Camouflage foi deflagrada para cumprir 22 mandados expedidos pela Justi\u00e7a, consistentes em 17 mandados de buscas domiciliares, mandados de sequestro de 13 contas banc\u00e1rias, sequestro de bens im\u00f3veis e m\u00f3veis e quatro mandados de pris\u00f5es tempor\u00e1rias.<\/p>\n<\/div>\n<div class=\"mc-column content-text active-extra-styles \" style=\"text-align: justify;\" data-block-type=\"unstyled\" data-block-weight=\"21\" data-block-id=\"5\">\n<p class=\"content-text__container \" data-track-category=\"Link no Texto\" data-track-links=\"\">Durante a opera\u00e7\u00e3o, foram apreendidas m\u00e1quinas digitais de apostas, bobinas de papel, uma pistola, muni\u00e7\u00f5es, dois\u00a0<em>notebooks\u00a0<\/em>e uma caminhonete.<\/p>\n<\/div>\n<div class=\"mc-column content-text active-extra-styles \" style=\"text-align: justify;\" data-block-type=\"unstyled\" data-block-weight=\"29\" data-block-id=\"6\">\n<p class=\"content-text__container \" data-track-category=\"Link no Texto\" data-track-links=\"\">Ainda foram cumpridos quatro mandados de pris\u00e3o tempor\u00e1ria, envolvendo tr\u00eas homens, que foram encaminhados \u00e0 Cadeia de\u00a0<a href=\"https:\/\/g1.globo.com\/sp\/presidente-prudente-regiao\/cidade\/adamantina\/\">Adamantina (SP)<\/a>, e uma mulher, levada para a Cadeia de\u00a0<a href=\"https:\/\/g1.globo.com\/sp\/presidente-prudente-regiao\/cidade\/dracena\/\">Dracena (SP)<\/a>.<\/p>\n<\/div>\n<div class=\"mc-column content-text active-extra-styles \" style=\"text-align: justify;\" data-block-type=\"unstyled\" data-block-weight=\"38\" data-block-id=\"7\">\n<p class=\"content-text__container \" data-track-category=\"Link no Texto\" data-track-links=\"\">O delegado Deminis Sevilha Salvucci, respons\u00e1vel pelas investiga\u00e7\u00f5es, explicou ao\u00a0<strong>G1\u00a0<\/strong>que, al\u00e9m das quatro pris\u00f5es, a opera\u00e7\u00e3o ainda resultou em outras 11 pessoas que foram detidas pelo cometimento da contraven\u00e7\u00e3o de jogo do bicho e acabaram liberadas.<\/p>\n<\/div>\n<div class=\"mc-column content-text active-extra-styles\" style=\"text-align: justify;\" data-block-type=\"raw\" data-block-weight=\"44\" data-block-id=\"9\">\n<blockquote class=\"content-blockquote theme-border-color-primary-before\"><p>&#8220;O jogo do bicho \u00e9 tratado como contraven\u00e7\u00e3o penal, por\u00e9m, a lavagem de dinheiro adjacente traz sempre preju\u00edzos \u00e0 ordem econ\u00f4mica, \u00e0 concorr\u00eancia leal e tamb\u00e9m fomenta o crime organizado, e por isso deve ser investigado e combatido pela pol\u00edcia&#8221;, afirmou Salvucci ao\u00a0<strong>G1<\/strong>.<\/p><\/blockquote>\n<\/div>\n<div class=\"mc-column content-text active-extra-styles \" style=\"text-align: justify;\" data-block-type=\"unstyled\" data-block-weight=\"19\" data-block-id=\"10\">\n<p class=\"content-text__container \" data-track-category=\"Link no Texto\" data-track-links=\"\">Ainda segundo o coordenador das investiga\u00e7\u00f5es, a opera\u00e7\u00e3o resultou na apreens\u00e3o de farto material probat\u00f3rio, que ser\u00e1 analisado pericialmente.<\/p>\n<\/div>\n<div class=\"mc-column content-text active-extra-styles \" style=\"text-align: justify;\" data-block-type=\"unstyled\" data-block-weight=\"32\" data-block-id=\"11\">\n<p class=\"content-text__container \" data-track-category=\"Link no Texto\" data-track-links=\"\">Conforme a Pol\u00edcia Civil, o nome Camouflage, dado \u00e0 opera\u00e7\u00e3o, faz alus\u00e3o \u00e0 camuflagem, que \u00e9 o conjunto de m\u00e9todos que permitem ao ca\u00e7ador esconder-se no ambiente, antes de abater a presa.<\/p>\n<\/div>\n<div class=\"row medium-uncollapsed content-media content-photo\" style=\"text-align: justify;\" data-block-type=\"backstage-photo\" data-block-id=\"12\">\n<div class=\"mc-column content-media__container\">\n<figure><img decoding=\"async\" class=\"i-amphtml-fill-content i-amphtml-replaced-content\" src=\"https:\/\/s2.glbimg.com\/mF7jArYxHOgeUR11vlOO9iVqyqc=\/0x0:1280x960\/984x0\/smart\/filters:strip_icc()\/i.s3.glbimg.com\/v1\/AUTH_59edd422c0c84a879bd37670ae4f538a\/internal_photos\/bs\/2020\/z\/o\/E1zPSGRnKeS98GaQmTMg\/whatsapp-image-2020-09-09-at-15.23.34.jpeg\" sizes=\"(max-width: 1366px) 648px, 100vw\" srcset=\"https:\/\/s2.glbimg.com\/dT-w-jOaL9ABB6QFitFuW3woGBU=\/0x0:1280x960\/1000x0\/smart\/filters:strip_icc()\/i.s3.glbimg.com\/v1\/AUTH_59edd422c0c84a879bd37670ae4f538a\/internal_photos\/bs\/2020\/z\/o\/E1zPSGRnKeS98GaQmTMg\/whatsapp-image-2020-09-09-at-15.23.34.jpeg 1000w, https:\/\/s2.glbimg.com\/mF7jArYxHOgeUR11vlOO9iVqyqc=\/0x0:1280x960\/984x0\/smart\/filters:strip_icc()\/i.s3.glbimg.com\/v1\/AUTH_59edd422c0c84a879bd37670ae4f538a\/internal_photos\/bs\/2020\/z\/o\/E1zPSGRnKeS98GaQmTMg\/whatsapp-image-2020-09-09-at-15.23.34.jpeg 984w, https:\/\/s2.glbimg.com\/4kattKhiMvM-4P6TYaaHQcT_bLI=\/0x0:1280x960\/640x0\/smart\/filters:strip_icc()\/i.s3.glbimg.com\/v1\/AUTH_59edd422c0c84a879bd37670ae4f538a\/internal_photos\/bs\/2020\/z\/o\/E1zPSGRnKeS98GaQmTMg\/whatsapp-image-2020-09-09-at-15.23.34.jpeg 640w, https:\/\/s2.glbimg.com\/L-48oTy_R7LuMmwuL4iUBu_D174=\/0x0:1280x960\/600x0\/smart\/filters:strip_icc()\/i.s3.glbimg.com\/v1\/AUTH_59edd422c0c84a879bd37670ae4f538a\/internal_photos\/bs\/2020\/z\/o\/E1zPSGRnKeS98GaQmTMg\/whatsapp-image-2020-09-09-at-15.23.34.jpeg 600w\" alt=\"Opera\u00e7\u00e3o Camouflage ocorreu em Regente Feij\u00f3 \u2014 Foto: Pol\u00edcia Civil \" \/><\/figure>\n<p class=\"content-media__description \">Opera\u00e7\u00e3o Camouflage ocorreu em Regente Feij\u00f3 \u2014 Foto: Pol\u00edcia Civil<\/p>\n<\/div>\n<\/div>\n<div class=\"row medium-uncollapsed content-media content-photo\" style=\"text-align: justify;\" data-block-type=\"backstage-photo\" data-block-id=\"13\">\n<div class=\"mc-column content-media__container\">\n<figure><img decoding=\"async\" class=\"i-amphtml-fill-content i-amphtml-replaced-content\" src=\"https:\/\/s2.glbimg.com\/p7e5QzG2FqEgK1lsh-r-2WTuHcI=\/0x0:1280x1220\/984x0\/smart\/filters:strip_icc()\/i.s3.glbimg.com\/v1\/AUTH_59edd422c0c84a879bd37670ae4f538a\/internal_photos\/bs\/2020\/S\/s\/8CrtuqQfygt7EHqkOFcg\/whatsapp-image-2020-09-09-at-14.59.28.jpeg\" sizes=\"(max-width: 1366px) 648px, 100vw\" srcset=\"https:\/\/s2.glbimg.com\/IqP7QNY93BUsN8DWg3fo7_DcmAQ=\/0x0:1280x1220\/1000x0\/smart\/filters:strip_icc()\/i.s3.glbimg.com\/v1\/AUTH_59edd422c0c84a879bd37670ae4f538a\/internal_photos\/bs\/2020\/S\/s\/8CrtuqQfygt7EHqkOFcg\/whatsapp-image-2020-09-09-at-14.59.28.jpeg 1000w, https:\/\/s2.glbimg.com\/p7e5QzG2FqEgK1lsh-r-2WTuHcI=\/0x0:1280x1220\/984x0\/smart\/filters:strip_icc()\/i.s3.glbimg.com\/v1\/AUTH_59edd422c0c84a879bd37670ae4f538a\/internal_photos\/bs\/2020\/S\/s\/8CrtuqQfygt7EHqkOFcg\/whatsapp-image-2020-09-09-at-14.59.28.jpeg 984w, https:\/\/s2.glbimg.com\/CnQO0FjbcaP6Ho-_pTwkoody9eg=\/0x0:1280x1220\/640x0\/smart\/filters:strip_icc()\/i.s3.glbimg.com\/v1\/AUTH_59edd422c0c84a879bd37670ae4f538a\/internal_photos\/bs\/2020\/S\/s\/8CrtuqQfygt7EHqkOFcg\/whatsapp-image-2020-09-09-at-14.59.28.jpeg 640w, https:\/\/s2.glbimg.com\/I3RwUigYB2pDVT2t4mGvDTfdus0=\/0x0:1280x1220\/600x0\/smart\/filters:strip_icc()\/i.s3.glbimg.com\/v1\/AUTH_59edd422c0c84a879bd37670ae4f538a\/internal_photos\/bs\/2020\/S\/s\/8CrtuqQfygt7EHqkOFcg\/whatsapp-image-2020-09-09-at-14.59.28.jpeg 600w\" alt=\"Opera\u00e7\u00e3o Camouflage ocorreu em Regente Feij\u00f3 \u2014 Foto: Pol\u00edcia Civil \" \/><\/figure>\n<p class=\"content-media__description \">Opera\u00e7\u00e3o Camouflage ocorreu em Regente Feij\u00f3 \u2014 Foto: Pol\u00edcia Civil<\/p>\n<\/div>\n<\/div>\n<div class=\"row medium-uncollapsed content-media content-photo\" data-block-type=\"backstage-photo\" data-block-id=\"14\">\n<div class=\"mc-column content-media__container\">\n<figure style=\"text-align: justify;\"><img decoding=\"async\" class=\"i-amphtml-fill-content i-amphtml-replaced-content\" src=\"https:\/\/s2.glbimg.com\/DcQk9ftjU_f9kkrYLuPD7lL0cAQ=\/0x0:1280x960\/984x0\/smart\/filters:strip_icc()\/i.s3.glbimg.com\/v1\/AUTH_59edd422c0c84a879bd37670ae4f538a\/internal_photos\/bs\/2020\/p\/I\/innEq0QqaIOujy0rxAWw\/65e8561c-0d93-4caa-8a4e-611581189d00.jpg\" sizes=\"(max-width: 1366px) 648px, 100vw\" srcset=\"https:\/\/s2.glbimg.com\/bv1lOolWh509FrQaJ5DMY9s2XiU=\/0x0:1280x960\/1000x0\/smart\/filters:strip_icc()\/i.s3.glbimg.com\/v1\/AUTH_59edd422c0c84a879bd37670ae4f538a\/internal_photos\/bs\/2020\/p\/I\/innEq0QqaIOujy0rxAWw\/65e8561c-0d93-4caa-8a4e-611581189d00.jpg 1000w, https:\/\/s2.glbimg.com\/DcQk9ftjU_f9kkrYLuPD7lL0cAQ=\/0x0:1280x960\/984x0\/smart\/filters:strip_icc()\/i.s3.glbimg.com\/v1\/AUTH_59edd422c0c84a879bd37670ae4f538a\/internal_photos\/bs\/2020\/p\/I\/innEq0QqaIOujy0rxAWw\/65e8561c-0d93-4caa-8a4e-611581189d00.jpg 984w, https:\/\/s2.glbimg.com\/xFaqI3_b1YB0OXZae1l5AlhGxlE=\/0x0:1280x960\/640x0\/smart\/filters:strip_icc()\/i.s3.glbimg.com\/v1\/AUTH_59edd422c0c84a879bd37670ae4f538a\/internal_photos\/bs\/2020\/p\/I\/innEq0QqaIOujy0rxAWw\/65e8561c-0d93-4caa-8a4e-611581189d00.jpg 640w, https:\/\/s2.glbimg.com\/OKQo_7NBcFvIg_ZnkHfQ4Cix8eE=\/0x0:1280x960\/600x0\/smart\/filters:strip_icc()\/i.s3.glbimg.com\/v1\/AUTH_59edd422c0c84a879bd37670ae4f538a\/internal_photos\/bs\/2020\/p\/I\/innEq0QqaIOujy0rxAWw\/65e8561c-0d93-4caa-8a4e-611581189d00.jpg 600w\" alt=\"Caminhonete foi apreendida pela pol\u00edcia durante opera\u00e7\u00e3o em Regente Feij\u00f3 \u2014 Foto: Pol\u00edcia Civil\" \/><\/figure>\n<p class=\"content-media__description \" style=\"text-align: justify;\">Caminhonete foi apreendida pela pol\u00edcia durante opera\u00e7\u00e3o em Regente Feij\u00f3 \u2014 Foto: Pol\u00edcia Civil<\/p>\n<p style=\"text-align: justify;\">Fonte: G1<\/p>\n<p style=\"text-align: justify;\">\n<\/div>\n<\/div>\n<\/div>\n","protected":false},"excerpt":{"rendered":"<p>Tr\u00eas homens e uma mulher foram presos nesta quarta-feira (9), em Regente Feij\u00f3 (SP). Pol\u00edcia Civil ainda apreendeu caminhonete, pistola, muni\u00e7\u00f5es e m\u00e1quinas de apostas. Ap\u00f3s um ano de investiga\u00e7\u00f5es, a Pol\u00edcia Civil desarticulou nesta quarta-feira (9) uma associa\u00e7\u00e3o criminosa dedicada \u00e0 explora\u00e7\u00e3o ilegal do jogo do bicho, \u00e0 agiotagem e \u00e0 lavagem de dinheiro, [&hellip;]<\/p>\n","protected":false},"author":1,"featured_media":34527,"comment_status":"closed","ping_status":"open","sticky":false,"template":"","format":"standard","meta":{"footnotes":""},"categories":[110,2],"tags":[],"class_list":["post-34525","post","type-post","status-publish","format-standard","has-post-thumbnail","hentry","category-noticiasdestaque","category-policial"],"_links":{"self":[{"href":"https:\/\/jorgezanoni.com.br\/2019\/wp-json\/wp\/v2\/posts\/34525","targetHints":{"allow":["GET"]}}],"collection":[{"href":"https:\/\/jorgezanoni.com.br\/2019\/wp-json\/wp\/v2\/posts"}],"about":[{"href":"https:\/\/jorgezanoni.com.br\/2019\/wp-json\/wp\/v2\/types\/post"}],"author":[{"embeddable":true,"href":"https:\/\/jorgezanoni.com.br\/2019\/wp-json\/wp\/v2\/users\/1"}],"replies":[{"embeddable":true,"href":"https:\/\/jorgezanoni.com.br\/2019\/wp-json\/wp\/v2\/comments?post=34525"}],"version-history":[{"count":0,"href":"https:\/\/jorgezanoni.com.br\/2019\/wp-json\/wp\/v2\/posts\/34525\/revisions"}],"wp:featuredmedia":[{"embeddable":true,"href":"https:\/\/jorgezanoni.com.br\/2019\/wp-json\/wp\/v2\/media\/34527"}],"wp:attachment":[{"href":"https:\/\/jorgezanoni.com.br\/2019\/wp-json\/wp\/v2\/media?parent=34525"}],"wp:term":[{"taxonomy":"category","embeddable":true,"href":"https:\/\/jorgezanoni.com.br\/2019\/wp-json\/wp\/v2\/categories?post=34525"},{"taxonomy":"post_tag","embeddable":true,"href":"https:\/\/jorgezanoni.com.br\/2019\/wp-json\/wp\/v2\/tags?post=34525"}],"curies":[{"name":"wp","href":"https:\/\/api.w.org\/{rel}","templated":true}]}}