{"id":34431,"date":"2020-09-08T14:00:03","date_gmt":"2020-09-08T14:00:03","guid":{"rendered":"https:\/\/jorgezanoni.com.br\/2019\/?p=34431"},"modified":"2020-09-08T14:00:03","modified_gmt":"2020-09-08T14:00:03","slug":"secretaria-de-cultura-e-economia-criativa-lanca-chamadas-publicas-para-o-juntospelacultura-2020","status":"publish","type":"post","link":"https:\/\/jorgezanoni.com.br\/2019\/secretaria-de-cultura-e-economia-criativa-lanca-chamadas-publicas-para-o-juntospelacultura-2020\/","title":{"rendered":"Secretaria de Cultura e Economia Criativa lan\u00e7a chamadas p\u00fablicas para o #JuntospelaCultura 2020"},"content":{"rendered":"<p style=\"text-align: justify;\"><strong><em>Pela primeira vez programa envolve a\u00e7\u00f5es voltadas diretamente para artistas, al\u00e9m de cinco grandes iniciativas realizadas em parceria com as prefeituras de todas as regi\u00f5es de S\u00e3o Paulo<\/em><\/strong><\/p>\n<p style=\"text-align: justify;\">O programa de fomento #JuntosPelaCultura 2020 est\u00e1 com inscri\u00e7\u00f5es abertas para chamadas p\u00fablicas voltadas a munic\u00edpios e artistas. Neste ano, o investimento total \u00e9 de R$ 18,9 milh\u00f5es \u2013R$ 6,4 milh\u00f5es a mais que no ano passado, quando foram destinados R$ 12,5 milh\u00f5es e 315 munic\u00edpios enviaram 600 propostas. O programa \u00e9 uma parceria do Governo do Estado de S\u00e3o Paulo com as prefeituras, atrav\u00e9s da Secretaria de Cultura e Economia Criativa e com gest\u00e3o da Organiza\u00e7\u00e3o Social Amigos da Arte. O objetivo \u00e9 garantir o acesso \u00e0 arte, \u00e0 cultura e \u00e0 economia criativa em todas as regi\u00f5es do estado. Por meio de chamadas p\u00fablicas, prefeituras de todo o Estado podem inscrever seus projetos para participar de eventos como a <strong>Virada SP Online<\/strong>, <strong>Revelando SP Online<\/strong>, <strong>Tradi\u00e7\u00e3o SP Online<\/strong> e do <strong>Programa de Capacita\u00e7\u00e3o Revelando SP<\/strong>.<\/p>\n<p style=\"text-align: justify;\">Em seu segundo ano, o programa de fomento traz uma novidade. Diante da paralisa\u00e7\u00e3o de atividades culturais presenciais, o #JuntosPelaCultura implementou a inscri\u00e7\u00e3o dirigida para artistas. Tamb\u00e9m, pela primeira vez, realiza o <strong>Concurso de Viola Caipira Revelando SP, o<\/strong><strong> Concurso de Piano Guiomar Novaes <\/strong><strong>e o Concurso de Batalhas de Rima SP e o Festival de Circo Online de S\u00e3o Paulo.<\/strong><\/p>\n<p style=\"text-align: justify;\">Todas as a\u00e7\u00f5es do #JuntosPelaCultura ser\u00e3o transmitidas pela plataforma #CulturaEmCasa, criada em abril pela Secretaria de Cultura e Economia Criativa e tamb\u00e9m gerida pela Organiza\u00e7\u00e3o Social Amigos da Arte. Em quatro meses, a plataforma j\u00e1 registrou 1,5 milh\u00e3o de acessos.<u>\u00a0<\/u><\/p>\n<p style=\"text-align: justify;\">Os setores da cultura e da economia criativa foram um dos que mais sofreram desde o in\u00edcio do isolamento social devido \u00e0 suspens\u00e3o das atividades presencias nos teatros, pra\u00e7as, circos e casas de espet\u00e1culos. \u201cPor isso, o #JuntosPelaCultura 2020 inova e oferece o ambiente online da plataforma #CulturaEmCasa para que a produ\u00e7\u00e3o cultural diversa e de excel\u00eancia de todo o Estado de S\u00e3o Paulo chegue de forma gratuita ao maior n\u00famero de pessoas\u201d, diz Danielle Nigromonte, diretora geral da Amigos da Arte.<\/p>\n<p style=\"text-align: justify;\">Outra inova\u00e7\u00e3o na edi\u00e7\u00e3o deste ano \u00e9 a parceria com o Instituto Oi Futuro, que fez a cess\u00e3o do sistema de inscri\u00e7\u00e3o de chamadas p\u00fablicas, permitindo que o processo seja transparente e audit\u00e1vel, garantindo mais legitimidade ao processo de sele\u00e7\u00e3o. O sistema tem o objetivo de facilitar a inscri\u00e7\u00e3o dos proponentes, mas tamb\u00e9m tornar mais eficiente e \u00e1gil o trabalho de an\u00e1lise virtual das comiss\u00f5es de sele\u00e7\u00e3o. As inscri\u00e7\u00f5es s\u00e3o gratuitas e dever\u00e3o ser realizadas exclusivamente pelo site <a href=\"http:\/\/www.juntospelacultura.org.br\">www.juntospelacultura.org.br<\/a><\/p>\n<p style=\"text-align: justify;\">de 9 de setembro a 28 de setembro de 2020.<strong><u>\u00a0<\/u><\/strong><\/p>\n<p style=\"text-align: justify;\"><strong><u>Confira as caracter\u00edsticas e investimentos para cada uma das oito chamadas p\u00fablicas at\u00e9 o fim do ano<\/u><\/strong><strong><u>\u00a0<\/u><\/strong><\/p>\n<p style=\"text-align: justify;\"><strong><u>CHAMADAS PARA MUNIC\u00cdPIOS<\/u><\/strong><strong><u>\u00a0<\/u><\/strong><\/p>\n<p style=\"text-align: justify;\"><strong>Virada SP Online<\/strong><\/p>\n<p style=\"text-align: justify;\">Esta Chamada \u00e9 destinada \u00e0 sele\u00e7\u00e3o de 16 munic\u00edpios do Estado de S\u00e3o Paulo interessados em participar da <strong>Virada SP Online<\/strong>, que ser\u00e1 realizada em formato online na Plataforma #CulturaEmCasa a partir de outubro de 2020.<\/p>\n<p style=\"text-align: justify;\">Para participar, o munic\u00edpio dever\u00e1 enviar uma proposta demonstrando interesse em executar, em parceria com a Amigos da Arte e a Secretaria de Cultura e Economia Criativa, 1 edi\u00e7\u00e3o da <strong>Virada SP Online<\/strong>, incluindo at\u00e9 12 indica\u00e7\u00f5es de atividades e artistas locais para composi\u00e7\u00e3o da programa\u00e7\u00e3o do evento.<\/p>\n<p style=\"text-align: justify;\"><strong>Quem pode participar<\/strong>: Munic\u00edpios do Estado de S\u00e3o Paulo, exceto a capital.<\/p>\n<p style=\"text-align: justify;\"><strong>Data de inscri\u00e7\u00e3o:<\/strong> 09 de setembro a 28 de setembro de 2020.<\/p>\n<p style=\"text-align: justify;\"><strong>N\u00famero de contemplados:<\/strong> 16 munic\u00edpios e, no m\u00ednimo, 96 atividades de arte e cultura indicadas.<\/p>\n<p style=\"text-align: justify;\"><strong>Total investido:<\/strong> <strong>R$ 2,4 milh\u00f5es<\/strong>.<\/p>\n<p style=\"text-align: justify;\"><strong>Data de realiza\u00e7\u00e3o dos eventos:<\/strong> a partir de 24 de outubro de 2020<\/p>\n<p style=\"text-align: justify;\"><strong>Revelando SP Online<\/strong><\/p>\n<p style=\"text-align: justify;\">Esta Chamada \u00e9 destinada \u00e0 sele\u00e7\u00e3o de munic\u00edpios do Estado de S\u00e3o Paulo interessados em participar do <strong>Revelando SP Online<\/strong> atrav\u00e9s de manifesta\u00e7\u00f5es que representem a valoriza\u00e7\u00e3o e difus\u00e3o da cultura tradicional do munic\u00edpio e regi\u00e3o durante o festival, que acontecer\u00e1 em novembro e dezembro de 2020 na Plataforma #CulturaEmCasa e em redes sociais relacionadas.<\/p>\n<p style=\"text-align: justify;\">Para participar, o munic\u00edpio dever\u00e1 indicar at\u00e9 oito artes\u00e3os, culinaristas, mestres e manifesta\u00e7\u00f5es da cultura tradicional local para elabora\u00e7\u00e3o de registro audiovisual sobre hist\u00f3rias, curiosidades, modos de fazer, materiais e\/ou ferramentas envolvidas na pr\u00e1tica do artesanato e culin\u00e1ria tradicional paulista; e sobre hist\u00f3rias, depoimentos e apresenta\u00e7\u00f5es art\u00edstico-culturais de manifesta\u00e7\u00f5es e mestres da cultura tradicional paulista.<\/p>\n<p style=\"text-align: justify;\"><strong>Quem pode participar:<\/strong> Munic\u00edpios do Estado de S\u00e3o Paulo, exceto a capital.<\/p>\n<p style=\"text-align: justify;\"><strong>Data de inscri\u00e7\u00e3o:<\/strong> 09 de setembro a 28 de setembro de 2020.<\/p>\n<p style=\"text-align: justify;\"><strong>N\u00famero de contemplados<\/strong>: 480 registros, sendo 120 de cada categoria.<\/p>\n<p style=\"text-align: justify;\"><strong>Total investido:<\/strong> <strong>R$2 milh\u00f5es, <\/strong>incluindo o Programa de Capacita\u00e7\u00e3o.<\/p>\n<p style=\"text-align: justify;\"><strong>Data de realiza\u00e7\u00e3o:<\/strong> novembro e dezembro de 2020.<\/p>\n<p style=\"text-align: justify;\"><strong>Programa de Capacita\u00e7\u00e3o Revelando SP<\/strong><\/p>\n<p style=\"text-align: justify;\">Esta Chamada \u00e9 destinada \u00e0 sele\u00e7\u00e3o de at\u00e9 60 munic\u00edpios do Estado de S\u00e3o Paulo interessados em participar, atrav\u00e9s de artes\u00e3os e culinaristas que representem a valoriza\u00e7\u00e3o e promo\u00e7\u00e3o da cultura tradicional do munic\u00edpio e regi\u00e3o, do <strong>Programa de Capacita\u00e7\u00e3o Revelando SP<\/strong> em 2020.<\/p>\n<p style=\"text-align: justify;\">O <strong>Programa de Capacita\u00e7\u00e3o Revelando SP<\/strong> visa qualificar e colaborar para o desenvolvimento da atividade econ\u00f4mica de artes\u00e3os e culinaristas respons\u00e1veis pela produ\u00e7\u00e3o e comercializa\u00e7\u00e3o de produtos de origem artesanal que tenham como base a valoriza\u00e7\u00e3o e promo\u00e7\u00e3o das tradi\u00e7\u00f5es culturais dos munic\u00edpios e regi\u00f5es do Estado de S\u00e3o Paulo.<\/p>\n<p style=\"text-align: justify;\">Para participar, o munic\u00edpio dever\u00e1 indicar at\u00e9 quatro artes\u00e3os e culinaristas da cultura tradicional local para serem contemplados com a participa\u00e7\u00e3o no programa, que ter\u00e1 palestras sobre plano de neg\u00f3cios, estrat\u00e9gias digitais para presen\u00e7a na internet e melhorias e adapta\u00e7\u00f5es de produtos para o mercado, al\u00e9m de mentorias exclusivas e individuais. Tamb\u00e9m contar\u00e1 com palestra exclusiva para gestores municipais das prefeituras participantes.<\/p>\n<p style=\"text-align: justify;\"><strong>Quem pode participar:<\/strong> Munic\u00edpios do Estado de S\u00e3o Paulo, exceto a capital.<\/p>\n<p style=\"text-align: justify;\"><strong>Data de inscri\u00e7\u00e3o:<\/strong> 09 de setembro a 28 de setembro de 2020.<\/p>\n<p style=\"text-align: justify;\"><strong>N\u00famero de contemplados:<\/strong> at\u00e9 60 munic\u00edpios e 60 artes\u00e3os e culinaristas.<\/p>\n<p style=\"text-align: justify;\"><strong>Data de realiza\u00e7\u00e3o:<\/strong> a partir de dezembro de 2020.<strong>\u00a0<\/strong><\/p>\n<p style=\"text-align: justify;\"><strong>Tradi\u00e7\u00e3o SP Online<\/strong><\/p>\n<p style=\"text-align: justify;\">Esta Chamada \u00e9 destinada \u00e0 sele\u00e7\u00e3o de 40 munic\u00edpios do Estado de S\u00e3o Paulo interessados em participar do <strong>Tradi\u00e7\u00e3o SP Online<\/strong> em 2020, para apoio a a\u00e7\u00f5es que contemplem a difus\u00e3o virtual de eventos locais, que sejam tradi\u00e7\u00e3o do calend\u00e1rio local e com grande impacto cultural.<\/p>\n<p style=\"text-align: justify;\">Para participar, o munic\u00edpio dever\u00e1 enviar um projeto contendo o interesse e a capacidade em viabilizar e executar a\u00e7\u00f5es relacionadas aos eventos locais em formato digital para lan\u00e7amento, exibi\u00e7\u00e3o e\/ou divulga\u00e7\u00e3o em redes sociais, canais digitais e\/ou plataformas p\u00fablicas municipais.<\/p>\n<p style=\"text-align: justify;\"><strong>Quem pode participar:<\/strong> Munic\u00edpios do Estado de S\u00e3o Paulo, exceto a capital.<\/p>\n<p style=\"text-align: justify;\"><strong>Data de inscri\u00e7\u00e3o:<\/strong> 9 de setembro a 28 de setembro de 2020.<\/p>\n<p style=\"text-align: justify;\"><strong>N\u00famero de contemplados:<\/strong> 40 munic\u00edpios e 40 a\u00e7\u00f5es para difus\u00e3o online.<\/p>\n<p style=\"text-align: justify;\"><strong>Total investido:<\/strong> <strong>R$ 1 milh\u00e3o<\/strong>.<\/p>\n<p style=\"text-align: justify;\"><strong>Data de realiza\u00e7\u00e3o:<\/strong> a partir de novembro de 2020.<strong>\u00a0<\/strong><\/p>\n<p style=\"text-align: justify;\"><strong><u>CHAMADAS PARA ARTISTAS<\/u><\/strong><strong>\u00a0<\/strong><\/p>\n<p style=\"text-align: justify;\"><strong>Festival de Circo Online de S\u00e3o Paulo<\/strong><\/p>\n<p style=\"text-align: justify;\">Esta Chamada \u00e9 destinada \u00e0 sele\u00e7\u00e3o de 340 propostas de atra\u00e7\u00f5es circenses em vers\u00e3o online, para participa\u00e7\u00e3o no <strong>Festival de Circo Online de S\u00e3o Paulo<\/strong>, que acontecer\u00e1 em novembro e dezembro de 2020 na Plataforma #CulturaEmCasa.<\/p>\n<p style=\"text-align: justify;\">Ser\u00e3o selecionados 20 espet\u00e1culos online de circo itinerantes, 20 espet\u00e1culos online de grupos ou companhias de repert\u00f3rio, 200 n\u00fameros circenses online e 100 oficinas de circo online.<\/p>\n<p style=\"text-align: justify;\">Para participar, os artistas, t\u00e9cnicos circenses, grupos, companhias e circos itinerantes dever\u00e3o enviar proposta de apresenta\u00e7\u00e3o para integrar a programa\u00e7\u00e3o do <strong>Festival de Circo Online de S\u00e3o Paulo<\/strong>.<\/p>\n<p style=\"text-align: justify;\"><strong>Quem pode participar:<\/strong> Circos itinerantes, artistas, t\u00e9cnicos, grupos e companhias circenses, comprovadamente sediados, instalados, residentes, domiciliados e\/ou com atua\u00e7\u00e3o art\u00edstica, prioritariamente, no Estado de S\u00e3o Paulo h\u00e1 pelo menos 1 (um) ano.<\/p>\n<p style=\"text-align: justify;\"><strong>Data de inscri\u00e7\u00e3o:<\/strong> 9 de setembro a 28 de setembro de 2020.<\/p>\n<p style=\"text-align: justify;\"><strong>N\u00famero de contemplados<\/strong>: 340 atra\u00e7\u00f5es circenses.<\/p>\n<p style=\"text-align: justify;\"><strong>Total investido:<\/strong> <strong>R$ 1 milh\u00e3o<\/strong>.<\/p>\n<p style=\"text-align: justify;\"><strong>Data de realiza\u00e7\u00e3o:<\/strong> novembro e dezembro de 2020.<strong>\u00a0<\/strong><\/p>\n<p style=\"text-align: justify;\"><strong>Concurso de Viola Caipira Revelando SP<\/strong><\/p>\n<p style=\"text-align: justify;\">Esta Chamada \u00e9 destinada \u00e0 sele\u00e7\u00e3o e premia\u00e7\u00e3o de violeiros do Estado de S\u00e3o Paulo interessados em participar do <strong>Concurso de Viola Caipira Revelando SP<\/strong>.<\/p>\n<p style=\"text-align: justify;\">Este concurso \u00e9 parte integrante da programa\u00e7\u00e3o do <strong>Revelando SP Online<\/strong>.<\/p>\n<p style=\"text-align: justify;\">Para participar, cada violeiro dever\u00e1 enviar um v\u00eddeo contendo uma performance solo que demonstre sua capacidade e qualidade t\u00e9cnica enquanto instrumentista.<\/p>\n<p style=\"text-align: justify;\">Ser\u00e3o selecionados 50 violeiros, que receber\u00e3o uma primeira premia\u00e7\u00e3o e ficar\u00e3o aptos a participar de uma vota\u00e7\u00e3o popular online, na qual o v\u00eddeo do violeiro mais votado receber\u00e1 o pr\u00eamio do p\u00fablico.<\/p>\n<p style=\"text-align: justify;\">Os 10 violeiros mais bem pontuados participar\u00e3o, adicionalmente, de um evento final, no qual ser\u00e3o premiados os tr\u00eas melhores violeiros do Estado de S\u00e3o Paulo por j\u00fari especializado.<\/p>\n<p style=\"text-align: justify;\"><strong>Quem pode participar:<\/strong> violeiros do Estado de S\u00e3o Paulo.<\/p>\n<p style=\"text-align: justify;\"><strong>Data de inscri\u00e7\u00e3o:<\/strong> 9 de setembro a 28 de setembro de 2020.<\/p>\n<p style=\"text-align: justify;\"><strong>N\u00famero de contemplados:<\/strong> 50 violeiros.<\/p>\n<p style=\"text-align: justify;\"><strong>Total investido: R$ 300 mil<\/strong><\/p>\n<p style=\"text-align: justify;\"><strong>Data de realiza\u00e7\u00e3o:<\/strong> novembro e dezembro de 2020.<strong>\u00a0<\/strong><\/p>\n<p style=\"text-align: justify;\"><strong>Concurso de Piano Guiomar Novaes<\/strong><\/p>\n<p style=\"text-align: justify;\">Esta Chamada \u00e9 destinada \u00e0 sele\u00e7\u00e3o e premia\u00e7\u00e3o de pianistas do Estado de S\u00e3o Paulo interessados em participar do <strong>Concurso de Piano Guiomar Novaes<\/strong>.<\/p>\n<p style=\"text-align: justify;\">Este concurso \u00e9 parte integrante da programa\u00e7\u00e3o da <strong>43\u00aa Semana Guiomar Novaes<\/strong>, que acontecer\u00e1 virtualmente na Plataforma #CulturaEmCasa e no Theatro Municipal de S\u00e3o Jo\u00e3o da Boa Vista, de 24 a 31 de outubro de 2020.<\/p>\n<p style=\"text-align: justify;\">Para participar, o pianista dever\u00e1 enviar um v\u00eddeo contendo performance solo, nas categorias piano erudito ou piano popular, demonstrando sua capacidade e qualidade t\u00e9cnica enquanto instrumentista.<\/p>\n<p style=\"text-align: justify;\">Ser\u00e3o selecionados 20 pianistas, 10 em cada categoria, que receber\u00e3o uma primeira premia\u00e7\u00e3o e ficar\u00e3o aptos a participar de uma vota\u00e7\u00e3o popular online, na qual o v\u00eddeo do pianista mais votado em cada categoria receber\u00e1 o pr\u00eamio do p\u00fablico.<\/p>\n<p style=\"text-align: justify;\">Os 20 pianistas selecionados participar\u00e3o, ainda, de um evento final durante a 43\u00aa Semana Guiomar Novaes, no qual ser\u00e3o premiados os tr\u00eas melhores pianistas do Estado de S\u00e3o Paulo em cada categoria por j\u00fari especializado.<\/p>\n<p style=\"text-align: justify;\"><strong>Quem pode participar:<\/strong> pianistas do Estado de S\u00e3o Paulo.<\/p>\n<p style=\"text-align: justify;\"><strong>Data de inscri\u00e7\u00e3o:<\/strong> 9 de setembro a 28 de setembro de 2020.<\/p>\n<p style=\"text-align: justify;\"><strong>N\u00famero de contemplados<\/strong>: 20 pianistas, sendo 10 na categoria piano popular e 10 na categoria piano erudito.<\/p>\n<p style=\"text-align: justify;\"><strong>Total investido: R$ 300 mil<\/strong><\/p>\n<p style=\"text-align: justify;\"><strong>Data de realiza\u00e7\u00e3o<\/strong>: outubro de 2020.<strong>\u00a0<\/strong><\/p>\n<p style=\"text-align: justify;\"><strong>Concurso de Batalhas de Rima de S\u00e3o Paulo<\/strong><\/p>\n<p style=\"text-align: justify;\">Esta Chamada \u00e9 destinada \u00e0 sele\u00e7\u00e3o e premia\u00e7\u00e3o das batalhas de freestyle mais relevantes do Estado de S\u00e3o Paulo. A partir desta sele\u00e7\u00e3o, ser\u00e1 organizado um evento final, com a participa\u00e7\u00e3o e premia\u00e7\u00e3o de representantes das batalhas selecionadas, que acontecer\u00e1 virtualmente na Plataforma #CulturaEmCasa e no Teatro S\u00e9rgio Cardoso, em S\u00e3o Paulo, em dezembro de 2020.<\/p>\n<p style=\"text-align: justify;\">Para participar, cada batalha dever\u00e1 enviar materiais referentes a sua exist\u00eancia e hist\u00f3rico de realiza\u00e7\u00f5es em seu munic\u00edpio de origem, no Estado de S\u00e3o Paulo.<\/p>\n<p style=\"text-align: justify;\">Ser\u00e3o selecionadas 50 batalhas, que receber\u00e3o uma primeira premia\u00e7\u00e3o e ficar\u00e3o aptas a participar de uma vota\u00e7\u00e3o popular online, por meio do envio de um v\u00eddeo art\u00edstico que relate o hist\u00f3rico da batalha. O v\u00eddeo mais votado receber\u00e1 o pr\u00eamio do p\u00fablico.<\/p>\n<p style=\"text-align: justify;\">As 16 batalhas mais bem pontuadas dever\u00e3o, adicionalmente, indicar um rimador representante que participar\u00e1 do evento final, no Teatro S\u00e9rgio Cardoso, no qual ser\u00e3o premiados os tr\u00eas melhores rimadores do Estado de S\u00e3o Paulo por j\u00fari especializado.<\/p>\n<p style=\"text-align: justify;\"><strong>Quem pode participar:<\/strong> Batalhas de rima freestyle do Estado de S\u00e3o Paulo.<\/p>\n<p style=\"text-align: justify;\"><strong>Data de inscri\u00e7\u00e3o:<\/strong> 9 de setembro a 28 de setembro de 2020.<\/p>\n<p style=\"text-align: justify;\"><strong>N\u00famero de contemplados:<\/strong> 50 batalhas.<\/p>\n<p style=\"text-align: justify;\"><strong>Total investido: R$ 300 mil<\/strong><\/p>\n<p style=\"text-align: justify;\"><strong>Data de realiza\u00e7\u00e3o:<\/strong> novembro e dezembro de 2020.<\/p>\n<p><img loading=\"lazy\" decoding=\"async\" class=\"alignnone size-full wp-image-34433\" src=\"https:\/\/jorgezanoni.com.br\/2019\/wp-content\/uploads\/2020\/09\/programa1.jpg\" alt=\"\" width=\"591\" height=\"1280\" srcset=\"https:\/\/jorgezanoni.com.br\/2019\/wp-content\/uploads\/2020\/09\/programa1.jpg 591w, https:\/\/jorgezanoni.com.br\/2019\/wp-content\/uploads\/2020\/09\/programa1-139x300.jpg 139w, https:\/\/jorgezanoni.com.br\/2019\/wp-content\/uploads\/2020\/09\/programa1-473x1024.jpg 473w, https:\/\/jorgezanoni.com.br\/2019\/wp-content\/uploads\/2020\/09\/programa1-194x420.jpg 194w\" sizes=\"auto, (max-width: 591px) 100vw, 591px\" \/><\/p>\n<p style=\"text-align: justify;\"><strong>Assessoria de imprensa \u2013 Secretaria de Cultura e Economia Criativa do Estado<\/strong><\/p>\n<p style=\"text-align: justify;\">C\u00edntia Ruiz \u2013 98080-9800<\/p>\n<p style=\"text-align: justify;\">Davi Franzon &#8211; 93411-6428<\/p>\n<p style=\"text-align: justify;\">Simone Blanes \u2013 94003-1711<\/p>\n<p style=\"text-align: justify;\">imprensaculturasp@sp.gov.br<\/p>\n<p style=\"text-align: justify;\"><strong>Atelier de Imagem e Comunica\u00e7\u00e3o<\/strong><\/p>\n<p style=\"text-align: justify;\">Ana Lucia Venerando \u2013 (11) 99299-7667<\/p>\n<p style=\"text-align: justify;\"><strong>analucia@ateliercom.com.br<\/strong><\/p>\n<p style=\"text-align: justify;\">\n<p>&nbsp;<\/p>\n","protected":false},"excerpt":{"rendered":"<p>Pela primeira vez programa envolve a\u00e7\u00f5es voltadas diretamente para artistas, al\u00e9m de cinco grandes iniciativas realizadas em parceria com as prefeituras de todas as regi\u00f5es de S\u00e3o Paulo O programa de fomento #JuntosPelaCultura 2020 est\u00e1 com inscri\u00e7\u00f5es abertas para chamadas p\u00fablicas voltadas a munic\u00edpios e artistas. Neste ano, o investimento total \u00e9 de R$ 18,9 [&hellip;]<\/p>\n","protected":false},"author":1,"featured_media":34432,"comment_status":"closed","ping_status":"open","sticky":false,"template":"","format":"standard","meta":{"footnotes":""},"categories":[111,110],"tags":[],"class_list":["post-34431","post","type-post","status-publish","format-standard","has-post-thumbnail","hentry","category-esporteecultura","category-noticiasdestaque"],"_links":{"self":[{"href":"https:\/\/jorgezanoni.com.br\/2019\/wp-json\/wp\/v2\/posts\/34431","targetHints":{"allow":["GET"]}}],"collection":[{"href":"https:\/\/jorgezanoni.com.br\/2019\/wp-json\/wp\/v2\/posts"}],"about":[{"href":"https:\/\/jorgezanoni.com.br\/2019\/wp-json\/wp\/v2\/types\/post"}],"author":[{"embeddable":true,"href":"https:\/\/jorgezanoni.com.br\/2019\/wp-json\/wp\/v2\/users\/1"}],"replies":[{"embeddable":true,"href":"https:\/\/jorgezanoni.com.br\/2019\/wp-json\/wp\/v2\/comments?post=34431"}],"version-history":[{"count":0,"href":"https:\/\/jorgezanoni.com.br\/2019\/wp-json\/wp\/v2\/posts\/34431\/revisions"}],"wp:featuredmedia":[{"embeddable":true,"href":"https:\/\/jorgezanoni.com.br\/2019\/wp-json\/wp\/v2\/media\/34432"}],"wp:attachment":[{"href":"https:\/\/jorgezanoni.com.br\/2019\/wp-json\/wp\/v2\/media?parent=34431"}],"wp:term":[{"taxonomy":"category","embeddable":true,"href":"https:\/\/jorgezanoni.com.br\/2019\/wp-json\/wp\/v2\/categories?post=34431"},{"taxonomy":"post_tag","embeddable":true,"href":"https:\/\/jorgezanoni.com.br\/2019\/wp-json\/wp\/v2\/tags?post=34431"}],"curies":[{"name":"wp","href":"https:\/\/api.w.org\/{rel}","templated":true}]}}