{"id":34366,"date":"2020-09-07T23:14:28","date_gmt":"2020-09-07T23:14:28","guid":{"rendered":"https:\/\/jorgezanoni.com.br\/2019\/?p=34366"},"modified":"2020-09-07T23:14:28","modified_gmt":"2020-09-07T23:14:28","slug":"policia-militar-flagra-individuo-pichando-muro-da-casa-do-padre","status":"publish","type":"post","link":"https:\/\/jorgezanoni.com.br\/2019\/policia-militar-flagra-individuo-pichando-muro-da-casa-do-padre\/","title":{"rendered":"Pol\u00edcia Militar flagra indiv\u00edduo pichando muro da casa do padre"},"content":{"rendered":"<p style=\"text-align: justify;\"><strong>Um indiv\u00edduo de 24 anos de idade foi flagrado pela Pol\u00edcia Militar quando pichava uma frase ofensiva e com palavr\u00f5es no muro da casa paroquial em Fl\u00f3rida Paulista.<\/strong><\/p>\n<p style=\"text-align: justify;\">A ocorr\u00eancia foi registrada na manh\u00e3 de s\u00e1bado (5) e de acordo com as informa\u00e7\u00f5es obtidas pelo N\u00facleo de Reportagem do Grupo Folha Regional \u2013 (Jornal TV e Site) junto a PM, durante patrulhamento pela Avenida Dirceu Rodrigues, no centro de Fl\u00f3rida Paulista, os policiais militares se depararam com o autor que tem 23 anos de idade fazendo a picha\u00e7\u00e3o.<\/p>\n<p style=\"text-align: justify;\">Segundos os policiais, ao ser abordado, ele entrou em luta corporal com a equipe, por\u00e9m, foi contido e algemado.<\/p>\n<p style=\"text-align: justify;\">As picha\u00e7\u00f5es s\u00e3o de ofensa ao presidente da Rep\u00fablica com palavr\u00f5es.<\/p>\n<p style=\"text-align: justify;\">Ele foi conduzido ao Plant\u00e3o Policial onde foi autuado na Lei de Crimes Ambientais e tamb\u00e9m vai responder por desacato e resist\u00eancia. Ap\u00f3s a confec\u00e7\u00e3o do boletim de ocorr\u00eancia e oitiva na Pol\u00edcia Civil ele foi liberado.<\/p>\n<p style=\"text-align: justify;\">A Pol\u00edcia Cient\u00edfica foi acionada e compareceu ao local para o registro de imagens.<\/p>\n<p style=\"text-align: justify;\">Fonte: Folha Regional<\/p>\n","protected":false},"excerpt":{"rendered":"<p>Um indiv\u00edduo de 24 anos de idade foi flagrado pela Pol\u00edcia Militar quando pichava uma frase ofensiva e com palavr\u00f5es no muro da casa paroquial em Fl\u00f3rida Paulista. A ocorr\u00eancia foi registrada na manh\u00e3 de s\u00e1bado (5) e de acordo com as informa\u00e7\u00f5es obtidas pelo N\u00facleo de Reportagem do Grupo Folha Regional \u2013 (Jornal TV [&hellip;]<\/p>\n","protected":false},"author":1,"featured_media":34367,"comment_status":"closed","ping_status":"open","sticky":false,"template":"","format":"standard","meta":{"footnotes":""},"categories":[110,2],"tags":[],"class_list":["post-34366","post","type-post","status-publish","format-standard","has-post-thumbnail","hentry","category-noticiasdestaque","category-policial"],"_links":{"self":[{"href":"https:\/\/jorgezanoni.com.br\/2019\/wp-json\/wp\/v2\/posts\/34366","targetHints":{"allow":["GET"]}}],"collection":[{"href":"https:\/\/jorgezanoni.com.br\/2019\/wp-json\/wp\/v2\/posts"}],"about":[{"href":"https:\/\/jorgezanoni.com.br\/2019\/wp-json\/wp\/v2\/types\/post"}],"author":[{"embeddable":true,"href":"https:\/\/jorgezanoni.com.br\/2019\/wp-json\/wp\/v2\/users\/1"}],"replies":[{"embeddable":true,"href":"https:\/\/jorgezanoni.com.br\/2019\/wp-json\/wp\/v2\/comments?post=34366"}],"version-history":[{"count":0,"href":"https:\/\/jorgezanoni.com.br\/2019\/wp-json\/wp\/v2\/posts\/34366\/revisions"}],"wp:featuredmedia":[{"embeddable":true,"href":"https:\/\/jorgezanoni.com.br\/2019\/wp-json\/wp\/v2\/media\/34367"}],"wp:attachment":[{"href":"https:\/\/jorgezanoni.com.br\/2019\/wp-json\/wp\/v2\/media?parent=34366"}],"wp:term":[{"taxonomy":"category","embeddable":true,"href":"https:\/\/jorgezanoni.com.br\/2019\/wp-json\/wp\/v2\/categories?post=34366"},{"taxonomy":"post_tag","embeddable":true,"href":"https:\/\/jorgezanoni.com.br\/2019\/wp-json\/wp\/v2\/tags?post=34366"}],"curies":[{"name":"wp","href":"https:\/\/api.w.org\/{rel}","templated":true}]}}