{"id":34350,"date":"2020-09-07T21:25:42","date_gmt":"2020-09-07T21:25:42","guid":{"rendered":"https:\/\/jorgezanoni.com.br\/2019\/?p=34350"},"modified":"2020-09-07T21:26:25","modified_gmt":"2020-09-07T21:26:25","slug":"dia-da-independencia-do-brasil-7-de-setembro-relembra-a-declaracao-de-independencia-do-pais-realizada-em-1822","status":"publish","type":"post","link":"https:\/\/jorgezanoni.com.br\/2019\/dia-da-independencia-do-brasil-7-de-setembro-relembra-a-declaracao-de-independencia-do-pais-realizada-em-1822\/","title":{"rendered":"Dia da Independ\u00eancia do Brasil: 7 de setembro relembra a declara\u00e7\u00e3o de independ\u00eancia do pa\u00eds realizada em 1822"},"content":{"rendered":"<p style=\"text-align: justify;\"><strong>Neste dia d. Pedro deu in\u00edcio a trajet\u00f3ria da na\u00e7\u00e3o independente e livre; neste dia acontecem os tradicionais desfiles, por\u00e9m em 2020 este evento n\u00e3o vai ocorrer devido a pandemia de Covid-19.<\/strong><\/p>\n<div style=\"width: 640px;\" class=\"wp-video\"><video class=\"wp-video-shortcode\" id=\"video-34350-1\" width=\"640\" height=\"360\" preload=\"metadata\" controls=\"controls\"><source type=\"video\/mp4\" src=\"https:\/\/jorgezanoni.com.br\/2019\/wp-content\/uploads\/2020\/09\/WhatsApp-Video-2020-09-07-at-09.01.44.mp4?_=1\" \/><a href=\"https:\/\/jorgezanoni.com.br\/2019\/wp-content\/uploads\/2020\/09\/WhatsApp-Video-2020-09-07-at-09.01.44.mp4\">https:\/\/jorgezanoni.com.br\/2019\/wp-content\/uploads\/2020\/09\/WhatsApp-Video-2020-09-07-at-09.01.44.mp4<\/a><\/video><\/div>\n<p dir=\"ltr\" style=\"text-align: justify;\">O dia 7 de\u00a0<a href=\"https:\/\/www.cliccamaqua.com.br\/noticias\/1\/ultimas-noticias.html\"><em><strong>setembro<\/strong><\/em><\/a>\u00a0\u00e9 uma das datas comemorativas mais importantes do Brasil. Neste dia aconteceu um dos principais eventos da nossa hist\u00f3ria: a independ\u00eancia do Brasil. Foi no dia 7 de setembro de 1822, que d. Pedro deu in\u00edcio a trajet\u00f3ria do pa\u00eds como uma na\u00e7\u00e3o independente.<\/p>\n<p dir=\"ltr\" style=\"text-align: justify;\">Atualmente, o 7 de setembro \u00e9 um feriado nacional que \u00e9 marcado por comemora\u00e7\u00f5es p\u00fablicas espalhadas pelo pa\u00eds inteiro. O dia da Independ\u00eancia do Brasil \u00e9 marcado por seu desfiles c\u00edvicos, que visam relembrar a data especial.<\/p>\n<p dir=\"ltr\" style=\"text-align: justify;\">\u00c0s margens do Rio Ipiranga, na atual cidade de S\u00e3o Paulo, d. Pedro proclamou o grito da independ\u00eancia. A partir disso, o\u00a0<a href=\"https:\/\/www.cliccamaqua.com.br\/noticias\/1\/ultimas-noticias.html\" target=\"_blank\" rel=\"noopener noreferrer\"><em><strong>Brasil<\/strong><\/em><\/a>\u00a0rompeu sua liga\u00e7\u00e3o com Portugal e tornou-se uma na\u00e7\u00e3o independente.<\/p>\n<p style=\"text-align: justify;\">A independ\u00eancia do Brasil foi resultado de um processo de desentendimentos entre os colonos brasileiros com a elite de Portugal. Tendo rela\u00e7\u00e3o com a Revolu\u00e7\u00e3o Liberal do Porto no ano de 1820, por\u00e9m considera-se que tudo come\u00e7ou com a transfer\u00eancia da fam\u00edlia real portuguesa para o Brasil, em 1808.<\/p>\n<p style=\"text-align: justify;\">O\u00a0<a href=\"https:\/\/www.cliccamaqua.com.br\/noticias\/1\/ultimas-noticias.html\" target=\"_blank\" rel=\"noopener noreferrer\"><em><strong>7 de setembro s\u00f3 foi transformado em feriado nacional<\/strong><\/em><\/a>\u00a0durante o\u00a0governo de Eurico Gaspar Dutra, o primeiro presidente do Brasil ap\u00f3s a\u00a0ditadura de Vargas. Essa lei decretou a exist\u00eancia de\u00a0sete feriados\u00a0no calend\u00e1rio brasileiro e foi refor\u00e7ada e modificada por uma lei assinada durante o\u00a0governo de Fernando Henrique Cardoso.<\/p>\n<p style=\"text-align: justify;\">Durante este ano de 2020, devido a pandemia de Covid-19, os tradicionais desfiles n\u00e3o devem acontecer. O risco de contamina\u00e7\u00e3o em locais de aglomera\u00e7\u00f5es \u00e9 muito alto.<\/p>\n<p style=\"text-align: justify;\">Fonte: https:\/\/www.cliccamaqua.com.br\/<\/p>\n","protected":false},"excerpt":{"rendered":"<p>Neste dia d. Pedro deu in\u00edcio a trajet\u00f3ria da na\u00e7\u00e3o independente e livre; neste dia acontecem os tradicionais desfiles, por\u00e9m em 2020 este evento n\u00e3o vai ocorrer devido a pandemia de Covid-19. O dia 7 de\u00a0setembro\u00a0\u00e9 uma das datas comemorativas mais importantes do Brasil. Neste dia aconteceu um dos principais eventos da nossa hist\u00f3ria: a [&hellip;]<\/p>\n","protected":false},"author":1,"featured_media":34353,"comment_status":"closed","ping_status":"open","sticky":false,"template":"","format":"video","meta":{"footnotes":""},"categories":[110,169],"tags":[],"class_list":["post-34350","post","type-post","status-publish","format-video","has-post-thumbnail","hentry","category-noticiasdestaque","category-videos","post_format-post-format-video"],"_links":{"self":[{"href":"https:\/\/jorgezanoni.com.br\/2019\/wp-json\/wp\/v2\/posts\/34350","targetHints":{"allow":["GET"]}}],"collection":[{"href":"https:\/\/jorgezanoni.com.br\/2019\/wp-json\/wp\/v2\/posts"}],"about":[{"href":"https:\/\/jorgezanoni.com.br\/2019\/wp-json\/wp\/v2\/types\/post"}],"author":[{"embeddable":true,"href":"https:\/\/jorgezanoni.com.br\/2019\/wp-json\/wp\/v2\/users\/1"}],"replies":[{"embeddable":true,"href":"https:\/\/jorgezanoni.com.br\/2019\/wp-json\/wp\/v2\/comments?post=34350"}],"version-history":[{"count":0,"href":"https:\/\/jorgezanoni.com.br\/2019\/wp-json\/wp\/v2\/posts\/34350\/revisions"}],"wp:featuredmedia":[{"embeddable":true,"href":"https:\/\/jorgezanoni.com.br\/2019\/wp-json\/wp\/v2\/media\/34353"}],"wp:attachment":[{"href":"https:\/\/jorgezanoni.com.br\/2019\/wp-json\/wp\/v2\/media?parent=34350"}],"wp:term":[{"taxonomy":"category","embeddable":true,"href":"https:\/\/jorgezanoni.com.br\/2019\/wp-json\/wp\/v2\/categories?post=34350"},{"taxonomy":"post_tag","embeddable":true,"href":"https:\/\/jorgezanoni.com.br\/2019\/wp-json\/wp\/v2\/tags?post=34350"}],"curies":[{"name":"wp","href":"https:\/\/api.w.org\/{rel}","templated":true}]}}