{"id":34343,"date":"2020-09-07T19:08:28","date_gmt":"2020-09-07T19:08:28","guid":{"rendered":"https:\/\/jorgezanoni.com.br\/2019\/?p=34343"},"modified":"2020-09-07T19:08:28","modified_gmt":"2020-09-07T19:08:28","slug":"apos-denuncia-anonima-policia-ambiental-constata-transporte-e-deposito-irregular-de-madeira-em-junqueiropolis","status":"publish","type":"post","link":"https:\/\/jorgezanoni.com.br\/2019\/apos-denuncia-anonima-policia-ambiental-constata-transporte-e-deposito-irregular-de-madeira-em-junqueiropolis\/","title":{"rendered":"Ap\u00f3s den\u00fancia an\u00f4nima, Pol\u00edcia Ambiental constata transporte e dep\u00f3sito irregular de Madeira em Junqueir\u00f3polis"},"content":{"rendered":"<div class=\"kvgmc6g5 cxmmr5t8 oygrvhab hcukyx3x c1et5uql ii04i59q\">\n<div dir=\"auto\" style=\"text-align: justify;\">ONTEM (06\/09) UMA EQUIPE DA POL\u00cdCIA MILITAR AMBIENTAL FOI ATENDER UMA DEN\u00daNCIA AN\u00d4NIMA DE QUE ESTARIA OCORRENDO O DESCARREGAMENTO DE MADEIRA IRREGULAR EM UMA MADEIREIRA NO MUNIC\u00cdPIO DE JUNQUEIR\u00d3POLIS.<\/div>\n<\/div>\n<div class=\"o9v6fnle cxmmr5t8 oygrvhab hcukyx3x c1et5uql ii04i59q\">\n<div dir=\"auto\" style=\"text-align: justify;\">FOI REALIZADA A VISTORIA, SENDO CONSTATADO UM CAMINH\u00c3O E UMA CARRETA SENDO DESCARREGADOS NO P\u00c1TIO MADEIREIRO.<\/div>\n<div dir=\"auto\" style=\"text-align: justify;\">FORAM SOLICITADOS OS DOCUMENTOS PERTINENTES PARA COMPROVA\u00c7\u00c3O DA LEGALIDADE DA MADEIRA, SENDO APRESENTADO DUAS GF 3 (GUIAS FLORESTAIS) ORIUNDAS DO MUNIC\u00cdPIO DE APIAC\u00c1S-MT COM DESTINO AOS MUNIC\u00cdPIOS DE RIO DE JANEIRO E S\u00c3O JOS\u00c9 DE UB\u00c1 TODOS NO ESTADO DO RJ.<\/div>\n<div dir=\"auto\" style=\"text-align: justify;\">DIANTE DO EXPOSTO FORAM CONFECCIONADOS TR\u00caS AUTOS DE INFRA\u00c7\u00c3O AMBIENTAL NOS ENVOLVIDOS, SENDO UM NA MADEIREIRA NO VALOR DE R$ 13.790,00 POR TER EM DEP\u00d3SITO 45,967 M\u00b3 DE MADEIRA SEM LICEN\u00c7A PARA O ARMAZENAMENTO, UM NO MOTORISTA DA CARRETA NO VALOR DE R$ 8.203,20 POR TRANSPORTAR 27,344 M\u00b3 DE MADEIRA EM DESACORDO COM A LICEN\u00c7A OBTIDA E UM NO MOTORISTA DO CAMINH\u00c3O NO VALOR DE R$ 5.586,90 POR TRANSPORTAR 18,623 M\u00b3 DE MADEIRA EM DESACORDO COM A LICEN\u00c7A OBTIDA, TOTALIZANDO R$ 27.580,20.<\/div>\n<div dir=\"auto\" style=\"text-align: justify;\">APREENSS\u00c3O DOS VE\u00cdCULOS (CAMINH\u00c3O E CARRETA) E DOS 45,967 M\u00b3 DE MADEIRA ENTRE CAIBRO, VIGA, PRANCHA, PRANCH\u00c3O E FORRO.<\/div>\n<div dir=\"auto\"><\/div>\n<div dir=\"auto\"><img loading=\"lazy\" decoding=\"async\" class=\"alignnone size-full wp-image-34345\" src=\"https:\/\/jorgezanoni.com.br\/2019\/wp-content\/uploads\/2020\/09\/made1.jpg\" alt=\"\" width=\"960\" height=\"720\" srcset=\"https:\/\/jorgezanoni.com.br\/2019\/wp-content\/uploads\/2020\/09\/made1.jpg 960w, https:\/\/jorgezanoni.com.br\/2019\/wp-content\/uploads\/2020\/09\/made1-300x225.jpg 300w, https:\/\/jorgezanoni.com.br\/2019\/wp-content\/uploads\/2020\/09\/made1-768x576.jpg 768w, https:\/\/jorgezanoni.com.br\/2019\/wp-content\/uploads\/2020\/09\/made1-80x60.jpg 80w, https:\/\/jorgezanoni.com.br\/2019\/wp-content\/uploads\/2020\/09\/made1-265x198.jpg 265w, https:\/\/jorgezanoni.com.br\/2019\/wp-content\/uploads\/2020\/09\/made1-696x522.jpg 696w, https:\/\/jorgezanoni.com.br\/2019\/wp-content\/uploads\/2020\/09\/made1-560x420.jpg 560w\" sizes=\"auto, (max-width: 960px) 100vw, 960px\" \/> <img loading=\"lazy\" decoding=\"async\" class=\"alignnone size-full wp-image-34346\" src=\"https:\/\/jorgezanoni.com.br\/2019\/wp-content\/uploads\/2020\/09\/made2.jpg\" alt=\"\" width=\"960\" height=\"720\" srcset=\"https:\/\/jorgezanoni.com.br\/2019\/wp-content\/uploads\/2020\/09\/made2.jpg 960w, https:\/\/jorgezanoni.com.br\/2019\/wp-content\/uploads\/2020\/09\/made2-300x225.jpg 300w, https:\/\/jorgezanoni.com.br\/2019\/wp-content\/uploads\/2020\/09\/made2-768x576.jpg 768w, https:\/\/jorgezanoni.com.br\/2019\/wp-content\/uploads\/2020\/09\/made2-80x60.jpg 80w, https:\/\/jorgezanoni.com.br\/2019\/wp-content\/uploads\/2020\/09\/made2-265x198.jpg 265w, https:\/\/jorgezanoni.com.br\/2019\/wp-content\/uploads\/2020\/09\/made2-696x522.jpg 696w, https:\/\/jorgezanoni.com.br\/2019\/wp-content\/uploads\/2020\/09\/made2-560x420.jpg 560w\" sizes=\"auto, (max-width: 960px) 100vw, 960px\" \/> <img loading=\"lazy\" decoding=\"async\" class=\"alignnone size-full wp-image-34347\" src=\"https:\/\/jorgezanoni.com.br\/2019\/wp-content\/uploads\/2020\/09\/made3.jpg\" alt=\"\" width=\"960\" height=\"720\" srcset=\"https:\/\/jorgezanoni.com.br\/2019\/wp-content\/uploads\/2020\/09\/made3.jpg 960w, https:\/\/jorgezanoni.com.br\/2019\/wp-content\/uploads\/2020\/09\/made3-300x225.jpg 300w, https:\/\/jorgezanoni.com.br\/2019\/wp-content\/uploads\/2020\/09\/made3-768x576.jpg 768w, https:\/\/jorgezanoni.com.br\/2019\/wp-content\/uploads\/2020\/09\/made3-80x60.jpg 80w, https:\/\/jorgezanoni.com.br\/2019\/wp-content\/uploads\/2020\/09\/made3-265x198.jpg 265w, https:\/\/jorgezanoni.com.br\/2019\/wp-content\/uploads\/2020\/09\/made3-696x522.jpg 696w, https:\/\/jorgezanoni.com.br\/2019\/wp-content\/uploads\/2020\/09\/made3-560x420.jpg 560w\" sizes=\"auto, (max-width: 960px) 100vw, 960px\" \/><\/div>\n<div dir=\"auto\" style=\"text-align: justify;\"><\/div>\n<div dir=\"auto\" style=\"text-align: justify;\">Fonte: PMA<\/div>\n<\/div>\n","protected":false},"excerpt":{"rendered":"<p>ONTEM (06\/09) UMA EQUIPE DA POL\u00cdCIA MILITAR AMBIENTAL FOI ATENDER UMA DEN\u00daNCIA AN\u00d4NIMA DE QUE ESTARIA OCORRENDO O DESCARREGAMENTO DE MADEIRA IRREGULAR EM UMA MADEIREIRA NO MUNIC\u00cdPIO DE JUNQUEIR\u00d3POLIS. FOI REALIZADA A VISTORIA, SENDO CONSTATADO UM CAMINH\u00c3O E UMA CARRETA SENDO DESCARREGADOS NO P\u00c1TIO MADEIREIRO. FORAM SOLICITADOS OS DOCUMENTOS PERTINENTES PARA COMPROVA\u00c7\u00c3O DA LEGALIDADE DA [&hellip;]<\/p>\n","protected":false},"author":1,"featured_media":34344,"comment_status":"closed","ping_status":"open","sticky":false,"template":"","format":"standard","meta":{"footnotes":""},"categories":[176,110],"tags":[],"class_list":["post-34343","post","type-post","status-publish","format-standard","has-post-thumbnail","hentry","category-meioambienteeagricultura","category-noticiasdestaque"],"_links":{"self":[{"href":"https:\/\/jorgezanoni.com.br\/2019\/wp-json\/wp\/v2\/posts\/34343","targetHints":{"allow":["GET"]}}],"collection":[{"href":"https:\/\/jorgezanoni.com.br\/2019\/wp-json\/wp\/v2\/posts"}],"about":[{"href":"https:\/\/jorgezanoni.com.br\/2019\/wp-json\/wp\/v2\/types\/post"}],"author":[{"embeddable":true,"href":"https:\/\/jorgezanoni.com.br\/2019\/wp-json\/wp\/v2\/users\/1"}],"replies":[{"embeddable":true,"href":"https:\/\/jorgezanoni.com.br\/2019\/wp-json\/wp\/v2\/comments?post=34343"}],"version-history":[{"count":0,"href":"https:\/\/jorgezanoni.com.br\/2019\/wp-json\/wp\/v2\/posts\/34343\/revisions"}],"wp:featuredmedia":[{"embeddable":true,"href":"https:\/\/jorgezanoni.com.br\/2019\/wp-json\/wp\/v2\/media\/34344"}],"wp:attachment":[{"href":"https:\/\/jorgezanoni.com.br\/2019\/wp-json\/wp\/v2\/media?parent=34343"}],"wp:term":[{"taxonomy":"category","embeddable":true,"href":"https:\/\/jorgezanoni.com.br\/2019\/wp-json\/wp\/v2\/categories?post=34343"},{"taxonomy":"post_tag","embeddable":true,"href":"https:\/\/jorgezanoni.com.br\/2019\/wp-json\/wp\/v2\/tags?post=34343"}],"curies":[{"name":"wp","href":"https:\/\/api.w.org\/{rel}","templated":true}]}}