{"id":34322,"date":"2020-09-07T18:09:47","date_gmt":"2020-09-07T18:09:47","guid":{"rendered":"https:\/\/jorgezanoni.com.br\/2019\/?p=34322"},"modified":"2020-09-07T18:09:47","modified_gmt":"2020-09-07T18:09:47","slug":"menino-de-cinco-anos-morre-apos-ser-atingido-por-tanque-de-lavar-roupas","status":"publish","type":"post","link":"https:\/\/jorgezanoni.com.br\/2019\/menino-de-cinco-anos-morre-apos-ser-atingido-por-tanque-de-lavar-roupas\/","title":{"rendered":"Menino de cinco anos morre ap\u00f3s ser atingido por tanque de lavar roupas"},"content":{"rendered":"<p><strong>A confirma\u00e7\u00e3o do acidente dom\u00e9stico foi feito pela pol\u00edcia e pela m\u00e3e da crian\u00e7a.<\/strong><\/p>\n<p style=\"text-align: justify;\">Um menino de cin\u200b\u200bco anos morreu neste domingo (6), depois de ser atingido por um tanque de lavar roupas, em \u200bMartin\u00f3polis, na regi\u00e3o de\u200b Presidente Prudente\u00a0(SP).<\/p>\n<p style=\"text-align: justify;\">A confirma\u00e7\u00e3o do acidente dom\u00e9stico foi feito pela pol\u00edcia e pela m\u00e3e da crian\u00e7a.\u00a0\u200bAp\u00f3s o acidente, o menino foi levado para o hospital da cidade, mas n\u00e3o resistiu aos ferimentos.<\/p>\n<p>A m\u00e3e do menino lamentou a morte da crian\u00e7a em uma rede social.<\/p>\n<p>\u200b&#8221;Se voc\u00ea \u00e9 m\u00e3e e pai, deixe sempre um tempinho reservado para seu filho. V\u00e1 brincar com ele, pois agora eu n\u00e3o tenho meu filho, meu amor, meu amigo, meu companheiro. Agora vou ter que voltar ao normal de antes, com cicatrizes que s\u00f3 o tempo pode apagar&#8221;, escreveu.<\/p>\n<p>\u200bO corpo da crian\u00e7a est\u00e1 sendo velado\u00a0\u200bna cidade. Um inqu\u00e9rito foi aberto para investigar como o acidente aconteceu.<\/p>\n<p style=\"text-align: justify;\">Fonte: https:\/\/sbtinterior.com\/<\/p>\n","protected":false},"excerpt":{"rendered":"<p>A confirma\u00e7\u00e3o do acidente dom\u00e9stico foi feito pela pol\u00edcia e pela m\u00e3e da crian\u00e7a. Um menino de cin\u200b\u200bco anos morreu neste domingo (6), depois de ser atingido por um tanque de lavar roupas, em \u200bMartin\u00f3polis, na regi\u00e3o de\u200b Presidente Prudente\u00a0(SP). A confirma\u00e7\u00e3o do acidente dom\u00e9stico foi feito pela pol\u00edcia e pela m\u00e3e da crian\u00e7a.\u00a0\u200bAp\u00f3s o [&hellip;]<\/p>\n","protected":false},"author":1,"featured_media":34323,"comment_status":"closed","ping_status":"open","sticky":false,"template":"","format":"standard","meta":{"footnotes":""},"categories":[170,110],"tags":[],"class_list":["post-34322","post","type-post","status-publish","format-standard","has-post-thumbnail","hentry","category-acidentes","category-noticiasdestaque"],"_links":{"self":[{"href":"https:\/\/jorgezanoni.com.br\/2019\/wp-json\/wp\/v2\/posts\/34322","targetHints":{"allow":["GET"]}}],"collection":[{"href":"https:\/\/jorgezanoni.com.br\/2019\/wp-json\/wp\/v2\/posts"}],"about":[{"href":"https:\/\/jorgezanoni.com.br\/2019\/wp-json\/wp\/v2\/types\/post"}],"author":[{"embeddable":true,"href":"https:\/\/jorgezanoni.com.br\/2019\/wp-json\/wp\/v2\/users\/1"}],"replies":[{"embeddable":true,"href":"https:\/\/jorgezanoni.com.br\/2019\/wp-json\/wp\/v2\/comments?post=34322"}],"version-history":[{"count":0,"href":"https:\/\/jorgezanoni.com.br\/2019\/wp-json\/wp\/v2\/posts\/34322\/revisions"}],"wp:featuredmedia":[{"embeddable":true,"href":"https:\/\/jorgezanoni.com.br\/2019\/wp-json\/wp\/v2\/media\/34323"}],"wp:attachment":[{"href":"https:\/\/jorgezanoni.com.br\/2019\/wp-json\/wp\/v2\/media?parent=34322"}],"wp:term":[{"taxonomy":"category","embeddable":true,"href":"https:\/\/jorgezanoni.com.br\/2019\/wp-json\/wp\/v2\/categories?post=34322"},{"taxonomy":"post_tag","embeddable":true,"href":"https:\/\/jorgezanoni.com.br\/2019\/wp-json\/wp\/v2\/tags?post=34322"}],"curies":[{"name":"wp","href":"https:\/\/api.w.org\/{rel}","templated":true}]}}