{"id":34248,"date":"2020-09-06T14:48:07","date_gmt":"2020-09-06T14:48:07","guid":{"rendered":"https:\/\/jorgezanoni.com.br\/2019\/?p=34248"},"modified":"2020-09-06T14:48:07","modified_gmt":"2020-09-06T14:48:07","slug":"alunos-do-anglo-cid-participam-de-culto-civico-da-semana-da-patria","status":"publish","type":"post","link":"https:\/\/jorgezanoni.com.br\/2019\/alunos-do-anglo-cid-participam-de-culto-civico-da-semana-da-patria\/","title":{"rendered":"Alunos do Anglo-CID participam de Culto C\u00edvico da Semana da P\u00e1tria"},"content":{"rendered":"<div style=\"text-align: justify;\"><span id=\"gmail-docs-internal-guid-800ab116-7fff-a37e-3cd1-316f4357d841\">Os alunos do fundamental I do col\u00e9gio Anglo-CID n\u00e3o deixaram de realizar a comemora\u00e7\u00e3o c\u00edvica de 7 de Setembro, data que marca a Independ\u00eancia do Brasil. Na manh\u00e3 desta sexta-feira, dia 4, o professor Marcelo Carlos Sobrinho direcionou um culto c\u00edvico on-line pela plataforma Google Meet, com o aux\u00edlio das demais professoras e assistentes de sala.<br \/>\nO culto c\u00edvico on-line foi uma forma in\u00e9dita da escola de reunir todos para n\u00e3o deixar de lado o patriotismo. O professor Marcelo Sobrinho leu o texto &#8220;P\u00e1tria Amada&#8221;, sobre a import\u00e2ncia de cuidarmos do nosso Pa\u00eds. Todos os 130 alunos participantes vestiram verde e amarelo em homenagem \u00e0 Semana da P\u00e1tria.<br \/>\nA diretora Eul\u00e1lia Pires Fava e a vice-diretora Tatiana Froio fizeram a abertura da apresenta\u00e7\u00e3o on-line, dando boas-vindas aos alunos. &#8220;Agora, mais do que nunca, devemos mostrar nosso patriotismo para enfrentarmos esse momento \u00fanico na vida de todos&#8221;, comentou a diretora Eul\u00e1lia.<\/span><\/div>\n<div style=\"text-align: justify;\"><\/div>\n<div><img loading=\"lazy\" decoding=\"async\" class=\"alignnone size-full wp-image-34249\" src=\"https:\/\/jorgezanoni.com.br\/2019\/wp-content\/uploads\/2020\/09\/anglo.jpg\" alt=\"\" width=\"1280\" height=\"602\" srcset=\"https:\/\/jorgezanoni.com.br\/2019\/wp-content\/uploads\/2020\/09\/anglo.jpg 1280w, https:\/\/jorgezanoni.com.br\/2019\/wp-content\/uploads\/2020\/09\/anglo-300x141.jpg 300w, https:\/\/jorgezanoni.com.br\/2019\/wp-content\/uploads\/2020\/09\/anglo-1024x482.jpg 1024w, https:\/\/jorgezanoni.com.br\/2019\/wp-content\/uploads\/2020\/09\/anglo-768x361.jpg 768w, https:\/\/jorgezanoni.com.br\/2019\/wp-content\/uploads\/2020\/09\/anglo-696x327.jpg 696w, https:\/\/jorgezanoni.com.br\/2019\/wp-content\/uploads\/2020\/09\/anglo-1068x502.jpg 1068w, https:\/\/jorgezanoni.com.br\/2019\/wp-content\/uploads\/2020\/09\/anglo-893x420.jpg 893w\" sizes=\"auto, (max-width: 1280px) 100vw, 1280px\" \/><\/div>\n<div class=\"gmail_signature\" dir=\"ltr\">\n<div dir=\"ltr\" style=\"text-align: justify;\"><\/div>\n<div dir=\"ltr\" style=\"text-align: justify;\">Carolina Colnago<br \/>\nAssistente de Comunica\u00e7\u00e3o<br \/>\nFunda\u00e7\u00e3o Dracenense de Educa\u00e7\u00e3o e Cultura<\/div>\n<\/div>\n","protected":false},"excerpt":{"rendered":"<p>Os alunos do fundamental I do col\u00e9gio Anglo-CID n\u00e3o deixaram de realizar a comemora\u00e7\u00e3o c\u00edvica de 7 de Setembro, data que marca a Independ\u00eancia do Brasil. Na manh\u00e3 desta sexta-feira, dia 4, o professor Marcelo Carlos Sobrinho direcionou um culto c\u00edvico on-line pela plataforma Google Meet, com o aux\u00edlio das demais professoras e assistentes de [&hellip;]<\/p>\n","protected":false},"author":1,"featured_media":34250,"comment_status":"closed","ping_status":"open","sticky":false,"template":"","format":"standard","meta":{"footnotes":""},"categories":[110,122],"tags":[],"class_list":["post-34248","post","type-post","status-publish","format-standard","has-post-thumbnail","hentry","category-noticiasdestaque","category-saudeeducacaoeconcurso"],"_links":{"self":[{"href":"https:\/\/jorgezanoni.com.br\/2019\/wp-json\/wp\/v2\/posts\/34248","targetHints":{"allow":["GET"]}}],"collection":[{"href":"https:\/\/jorgezanoni.com.br\/2019\/wp-json\/wp\/v2\/posts"}],"about":[{"href":"https:\/\/jorgezanoni.com.br\/2019\/wp-json\/wp\/v2\/types\/post"}],"author":[{"embeddable":true,"href":"https:\/\/jorgezanoni.com.br\/2019\/wp-json\/wp\/v2\/users\/1"}],"replies":[{"embeddable":true,"href":"https:\/\/jorgezanoni.com.br\/2019\/wp-json\/wp\/v2\/comments?post=34248"}],"version-history":[{"count":0,"href":"https:\/\/jorgezanoni.com.br\/2019\/wp-json\/wp\/v2\/posts\/34248\/revisions"}],"wp:featuredmedia":[{"embeddable":true,"href":"https:\/\/jorgezanoni.com.br\/2019\/wp-json\/wp\/v2\/media\/34250"}],"wp:attachment":[{"href":"https:\/\/jorgezanoni.com.br\/2019\/wp-json\/wp\/v2\/media?parent=34248"}],"wp:term":[{"taxonomy":"category","embeddable":true,"href":"https:\/\/jorgezanoni.com.br\/2019\/wp-json\/wp\/v2\/categories?post=34248"},{"taxonomy":"post_tag","embeddable":true,"href":"https:\/\/jorgezanoni.com.br\/2019\/wp-json\/wp\/v2\/tags?post=34248"}],"curies":[{"name":"wp","href":"https:\/\/api.w.org\/{rel}","templated":true}]}}