{"id":34245,"date":"2020-09-06T14:27:58","date_gmt":"2020-09-06T14:27:58","guid":{"rendered":"https:\/\/jorgezanoni.com.br\/2019\/?p=34245"},"modified":"2020-09-06T14:27:58","modified_gmt":"2020-09-06T14:27:58","slug":"sou-obrigado-a-tomar-a-vacina","status":"publish","type":"post","link":"https:\/\/jorgezanoni.com.br\/2019\/sou-obrigado-a-tomar-a-vacina\/","title":{"rendered":"Sou obrigado a tomar a Vacina?"},"content":{"rendered":"<p style=\"text-align: justify;\"><strong>SOU OBRIGADO A TOMAR VACINA?\u00a0 \u00a0 \u00a0 \u00a0 \u00a0 \u00a0 \u00a0 \u00a0 \u00a0 \u00a0 \u00a0 \u00a0 \u00a0 \u00a0 \u00a0 \u00a0 \u00a0 \u00a0 \u00a0 \u00a0 \u00a0 \u00a0 \u00a0 \u00a0 \u00a0 \u00a0 \u00a0 \u00a0 \u00a0 \u00a0 \u00a0 \u00a0 \u00a0 \u00a0 \u00a0 \u00a0 \u00a0 \u00a0 \u00a0 \u00a0 \u00a0 \u00a0 \u00a0 \u00a0 \u00a0<\/strong><\/p>\n<p style=\"text-align: justify;\"><strong>\u00a0<\/strong><strong>*CLAUDIVAL CLEMENTE.<\/strong><\/p>\n<p style=\"text-align: justify;\"><strong>**CLAUDIVAL MOURA CLEMENTE<\/strong><\/p>\n<p style=\"text-align: justify;\">Em uma verdadeira corrida cient\u00edfica existem 125 vacinas sendo pesquisadas no mundo para combater o SARS-Cov2, v\u00edrus que causa a Covid19. S\u00e3o v\u00e1rias fases de pesquisas, mas as fases finais \u00e9 que s\u00e3o realizadas em seres humanos e a terceira fase como \u00e9 chamada, \u00e9 para testar a seguran\u00e7a e efic\u00e1cia da vacina; ou seja, se n\u00e3o produz nenhum efeito colateral e se de fato produz anticorpos suficientes para combater o v\u00edrus.<\/p>\n<p style=\"text-align: justify;\">O Instituto Butant\u00e3, que \u00e9 um dos maiores centros de pesquisa biom\u00e9dica do mundo em investiga\u00e7\u00e3o cient\u00edfica, fundado em 1901, atua em conjunto com as demais \u00e1reas do conhecimento, desde a cultural, por meio da difus\u00e3o cient\u00edfica, at\u00e9 para o desenvolvimento e produ\u00e7\u00e3o de imunobiol\u00f3gicos que s\u00e3o fornecidos ao Sistema \u00danico de Sa\u00fade (SUS) e, atualmente, est\u00e1 atuando em parceria com a Sinovac Bhiotec &#8211; empresa bio farmac\u00eautica chinesa, que se concentra na pesquisa, desenvolvimento, fabrica\u00e7\u00e3o e comercializa\u00e7\u00e3o de vacinas contra doen\u00e7as infecciosas \u2013 para desenvolver uma vacina chamada Coronavac, que \u00e9 produzida com fragmentos \u201cdesativados\u201d do coronav\u00edrus para inocula\u00e7\u00e3o em humanos. Com a aplica\u00e7\u00e3o da dose, o sistema imunol\u00f3gico passaria a produzir anticorpos contra o agente causador da COVID-19. \u00c9 o mesmo princ\u00edpio usado em outras vacinas globalmente bem-sucedidas, como as do sarampo e poliomielite. O Butant\u00e3 \u00e9 o principal produtor de soros e vacinas do Brasil e possui expertise reconhecida em todo o mundo em tecnologias de imuniza\u00e7\u00e3o.<\/p>\n<p style=\"text-align: justify;\">Uma outra fase que tamb\u00e9m est\u00e1 em fase final \u00e9 a desenvolvida pela Universidade de Oxford \u2013 universidade p\u00fablica do Reino Unido &#8211; em parceria com a AstraZeneca, o ChAdOx1 nCov-19, nome oficial do imunizante, tem parte de seus estudos previamente realizados, em 2012, quando estouraram os primeiros surtos de S\u00edndrome Respirat\u00f3ria Aguda e S\u00edndrome Respirat\u00f3ria do Oriente M\u00e9dio, tamb\u00e9m causados pelo coronav\u00edrus. Os testes aqui no Brasil s\u00e3o realizados pela Fio Cruz &#8211; uma institui\u00e7\u00e3o de pesquisa e desenvolvimento em\u00a0<a href=\"https:\/\/pt.wikipedia.org\/wiki\/Biologia\">ci\u00eancias biol\u00f3gicas<\/a>\u00a0localizada no\u00a0<a href=\"https:\/\/pt.wikipedia.org\/wiki\/Rio_de_Janeiro_(estado)\">Rio de Janeiro<\/a> e \u00e9 considerada uma das principais institui\u00e7\u00f5es mundiais de pesquisa em sa\u00fade p\u00fablica, fundada pelo Dr.\u00a0<a href=\"https:\/\/pt.wikipedia.org\/wiki\/Oswaldo_Cruz\">Oswaldo Cruz<\/a>, um not\u00e1vel epidemiologista, onde antes era o Instituto Soroter\u00e1pico Federal. O governo federal alocou v\u00e1rios milh\u00f5es para financiar a pesquisa e futura produ\u00e7\u00e3o das vacinas.<\/p>\n<p style=\"text-align: justify;\">Terminada a fase 3, vai para a fase 4 que \u00e9 a aprova\u00e7\u00e3o do produto em definitivo pela Anvisa \u2013 uma ag\u00eancia que tem a finalidade institucional de promover a prote\u00e7\u00e3o da sa\u00fade da popula\u00e7\u00e3o, por interm\u00e9dio do controle sanit\u00e1rio da produ\u00e7\u00e3o e consumo de produtos e servi\u00e7os submetidos \u00e0 vigil\u00e2ncia sanit\u00e1ria, inclusive dos ambientes, dos processos, dos insumos e das tecnologias a eles relacionados. As vacinas produzidas ser\u00e3o fornecidas ao SUS \u2013 Sistema \u00danico de Sa\u00fade, que ir\u00e1 cuidar da vacina\u00e7\u00e3o, conforme escala definida para a vacina contra a gripe, primeiro as pessoas idosas, profissionais de sa\u00fade e portadores de doen\u00e7as cr\u00f4nicas e tamb\u00e9m os obesos, pois s\u00e3o as pessoas mais propensas \u00e0 contra\u00edrem o v\u00edrus.<\/p>\n<p style=\"text-align: justify;\">A discuss\u00e3o a respeito da obrigatoriedade de se tomar a vacina est\u00e1 pacificada com a lei federal 13.979, de 6\/2\/20, discutida e aprovada pelo Congresso Nacional, prevendo em seu artigo 3\u00ba, inciso III, al\u00ednea \u201cd\u201d,\u00a0 a aplica\u00e7\u00e3o de vacinas, pois se trata de uma quest\u00e3o de sa\u00fade p\u00fablica, porquanto somente a vacina\u00e7\u00e3o em massa ir\u00e1 acabar com a pandemia existente no planeta todo. Com a vacina\u00e7\u00e3o e imuniza\u00e7\u00e3o completa da sociedade, ser\u00e1 poss\u00edvel eliminar as medidas de isolamento social, as empresas e as institui\u00e7\u00f5es poder\u00e3o voltar \u00e0s atividades normais. A opini\u00e3o pessoal do chefe do executivo federal, conquanto seja digna de respeito, pois como individuo ele tem direito a uma opini\u00e3o pessoal, n\u00e3o tem a legitimidade para alterar um texto de lei federal.<\/p>\n<p style=\"text-align: justify;\">Al\u00e9m do mais, a Constitui\u00e7\u00e3o Federal, que \u00e9 a lei soberana do pa\u00eds prev\u00ea o princ\u00edpio da legalidade, ou seja, s\u00f3 se pode obrigar algu\u00e9m a fazer alguma coisa por meio de uma lei(art.5\u00ba, inciso II); portanto, todos as brasileiras e brasileiros ser\u00e3o obrigados a se vacinar contra o covid19.<\/p>\n<p style=\"text-align: justify;\">Enquanto a vacina n\u00e3o chega, vamos manter todos os protocolos de preven\u00e7\u00e3o e precau\u00e7\u00e3o no combate ao SARS-Cov 2, com os cuidados de distanciamento social e higiene pessoal . Importante lavar as m\u00e3os com frequ\u00eancia, com \u00e1gua e sab\u00e3o durante 20 segundos ou higienizar com \u00e1lcool gel 70%, evitar tocar a boca, o nariz e os olhos com as m\u00e3os e cobrir a boca quando tossir ou espirrar. Saindo de casa, use sempre as m\u00e1scaras, com a devida cautela, evitando aglomera\u00e7\u00f5es. Nunca toque na m\u00e1scara e n\u00e3o \u00e9 necess\u00e1rio baixar ou tirar a m\u00e1scara para falar ao celular ou ouvir ou gravar alguma mensagem no watts. A m\u00e1scara \u00e9 a melhor prote\u00e7\u00e3o no momento.<\/p>\n<p style=\"text-align: justify;\">Juntos somos mais fortes, juntos venceremos. \u00a0O Brasil ir\u00e1 vencer o v\u00edrus. O Brasil precisa de todos n\u00f3s.<\/p>\n<p style=\"text-align: justify;\">Participe enviando d\u00favidas, coment\u00e1rios ou sugest\u00f5es para\u00a0 \u00a0<a href=\"mailto:bcrcconsultoria@gmail.com\">bcrcnews.wixsite.<\/a>com e tamb\u00e9m \u00a0no face book, onde pode reler este e outros artigos. \u00a0At\u00e9 a pr\u00f3xima.<\/p>\n<p style=\"text-align: justify;\">*Formado em Direito pela UENP &#8211; Universidade Estadual de Direito do Norte Pioneiro em Jacarezinho e em Administra\u00e7\u00e3o de Empresas nas Faculdades Integradas de Ourinhos. MBA em Comunica\u00e7\u00e3o Corporativa pela Universidade Est\u00e1cio de S\u00e1(em curso) . S\u00f3cio s\u00eanior da BCRC Consultoria em Comunica\u00e7\u00e3o.<\/p>\n<p style=\"text-align: justify;\">** Revis\u00e3o e colabora\u00e7\u00e3o\u00a0 &#8211; \u00a0Administrador de Empresas pela Universidade Cidade de S\u00e3o Paulo &#8211; UNICID.S<\/p>\n","protected":false},"excerpt":{"rendered":"<p>SOU OBRIGADO A TOMAR VACINA?\u00a0 \u00a0 \u00a0 \u00a0 \u00a0 \u00a0 \u00a0 \u00a0 \u00a0 \u00a0 \u00a0 \u00a0 \u00a0 \u00a0 \u00a0 \u00a0 \u00a0 \u00a0 \u00a0 \u00a0 \u00a0 \u00a0 \u00a0 \u00a0 \u00a0 \u00a0 \u00a0 \u00a0 \u00a0 \u00a0 \u00a0 \u00a0 \u00a0 \u00a0 \u00a0 \u00a0 \u00a0 \u00a0 \u00a0 \u00a0 \u00a0 \u00a0 \u00a0 \u00a0 \u00a0 \u00a0*CLAUDIVAL CLEMENTE. **CLAUDIVAL MOURA CLEMENTE Em [&hellip;]<\/p>\n","protected":false},"author":1,"featured_media":34246,"comment_status":"closed","ping_status":"open","sticky":false,"template":"","format":"standard","meta":{"footnotes":""},"categories":[175],"tags":[],"class_list":["post-34245","post","type-post","status-publish","format-standard","has-post-thumbnail","hentry","category-artigos"],"_links":{"self":[{"href":"https:\/\/jorgezanoni.com.br\/2019\/wp-json\/wp\/v2\/posts\/34245","targetHints":{"allow":["GET"]}}],"collection":[{"href":"https:\/\/jorgezanoni.com.br\/2019\/wp-json\/wp\/v2\/posts"}],"about":[{"href":"https:\/\/jorgezanoni.com.br\/2019\/wp-json\/wp\/v2\/types\/post"}],"author":[{"embeddable":true,"href":"https:\/\/jorgezanoni.com.br\/2019\/wp-json\/wp\/v2\/users\/1"}],"replies":[{"embeddable":true,"href":"https:\/\/jorgezanoni.com.br\/2019\/wp-json\/wp\/v2\/comments?post=34245"}],"version-history":[{"count":0,"href":"https:\/\/jorgezanoni.com.br\/2019\/wp-json\/wp\/v2\/posts\/34245\/revisions"}],"wp:featuredmedia":[{"embeddable":true,"href":"https:\/\/jorgezanoni.com.br\/2019\/wp-json\/wp\/v2\/media\/34246"}],"wp:attachment":[{"href":"https:\/\/jorgezanoni.com.br\/2019\/wp-json\/wp\/v2\/media?parent=34245"}],"wp:term":[{"taxonomy":"category","embeddable":true,"href":"https:\/\/jorgezanoni.com.br\/2019\/wp-json\/wp\/v2\/categories?post=34245"},{"taxonomy":"post_tag","embeddable":true,"href":"https:\/\/jorgezanoni.com.br\/2019\/wp-json\/wp\/v2\/tags?post=34245"}],"curies":[{"name":"wp","href":"https:\/\/api.w.org\/{rel}","templated":true}]}}