{"id":34209,"date":"2020-09-06T02:58:26","date_gmt":"2020-09-06T02:58:26","guid":{"rendered":"https:\/\/jorgezanoni.com.br\/2019\/?p=34209"},"modified":"2020-09-06T02:58:26","modified_gmt":"2020-09-06T02:58:26","slug":"acidente-mata-dois-jovens-em-sagres","status":"publish","type":"post","link":"https:\/\/jorgezanoni.com.br\/2019\/acidente-mata-dois-jovens-em-sagres\/","title":{"rendered":"Acidente mata dois jovens em Sagres"},"content":{"rendered":"<p style=\"text-align: justify;\"><strong>Ocorr\u00eancia foi registrada neste s\u00e1bado (05).<\/strong><\/p>\n<p style=\"text-align: justify;\">Um grave acidente na noite deste s\u00e1bado (05), deixou um rapaz identificado como Rafael Henrique Clapis de 27 anos e um adolescente de 17 mortos na estrada vicinal que liga o munic\u00edpio de Sagres ao bairro Placa 28.<\/p>\n<p style=\"text-align: justify;\">Segundo informa\u00e7\u00f5es ambos estavam em uma moto Honda Titan de Osvaldo Cruz que seguia sentindo Placa 28 a Sagres, quando na ponte do bairro Cangu\u00e7u por motivos a serem apurados, perderam o controle de dire\u00e7\u00e3o vindo a cair em um c\u00f3rrego.<\/p>\n<p style=\"text-align: justify;\">As duas v\u00edtimas foram socorridas pela Unidade Resgate do Corpo Bombeiro para a Santa Casa de Osvaldo Cruz, onde n\u00e3o resitiram aos ferimentos vindo a \u00f3bito.<\/p>\n<p style=\"text-align: justify;\">A Pol\u00edcia Militar de Osvaldo Cruz esteve no local onde elaborou o B.O de acidente de tr\u00e2nsito com v\u00edtimas fatais e preservaram o local at\u00e9 a chegada dos peritos.<\/p>\n<p style=\"text-align: justify;\">Fonte: fmmetropole.com.br &#8211; Cristiano Nascimento<\/p>\n","protected":false},"excerpt":{"rendered":"<p>Ocorr\u00eancia foi registrada neste s\u00e1bado (05). Um grave acidente na noite deste s\u00e1bado (05), deixou um rapaz identificado como Rafael Henrique Clapis de 27 anos e um adolescente de 17 mortos na estrada vicinal que liga o munic\u00edpio de Sagres ao bairro Placa 28. Segundo informa\u00e7\u00f5es ambos estavam em uma moto Honda Titan de Osvaldo [&hellip;]<\/p>\n","protected":false},"author":1,"featured_media":34210,"comment_status":"closed","ping_status":"open","sticky":false,"template":"","format":"standard","meta":{"footnotes":""},"categories":[170,110],"tags":[],"class_list":["post-34209","post","type-post","status-publish","format-standard","has-post-thumbnail","hentry","category-acidentes","category-noticiasdestaque"],"_links":{"self":[{"href":"https:\/\/jorgezanoni.com.br\/2019\/wp-json\/wp\/v2\/posts\/34209","targetHints":{"allow":["GET"]}}],"collection":[{"href":"https:\/\/jorgezanoni.com.br\/2019\/wp-json\/wp\/v2\/posts"}],"about":[{"href":"https:\/\/jorgezanoni.com.br\/2019\/wp-json\/wp\/v2\/types\/post"}],"author":[{"embeddable":true,"href":"https:\/\/jorgezanoni.com.br\/2019\/wp-json\/wp\/v2\/users\/1"}],"replies":[{"embeddable":true,"href":"https:\/\/jorgezanoni.com.br\/2019\/wp-json\/wp\/v2\/comments?post=34209"}],"version-history":[{"count":0,"href":"https:\/\/jorgezanoni.com.br\/2019\/wp-json\/wp\/v2\/posts\/34209\/revisions"}],"wp:featuredmedia":[{"embeddable":true,"href":"https:\/\/jorgezanoni.com.br\/2019\/wp-json\/wp\/v2\/media\/34210"}],"wp:attachment":[{"href":"https:\/\/jorgezanoni.com.br\/2019\/wp-json\/wp\/v2\/media?parent=34209"}],"wp:term":[{"taxonomy":"category","embeddable":true,"href":"https:\/\/jorgezanoni.com.br\/2019\/wp-json\/wp\/v2\/categories?post=34209"},{"taxonomy":"post_tag","embeddable":true,"href":"https:\/\/jorgezanoni.com.br\/2019\/wp-json\/wp\/v2\/tags?post=34209"}],"curies":[{"name":"wp","href":"https:\/\/api.w.org\/{rel}","templated":true}]}}