{"id":34191,"date":"2020-09-05T22:32:37","date_gmt":"2020-09-05T22:32:37","guid":{"rendered":"https:\/\/jorgezanoni.com.br\/2019\/?p=34191"},"modified":"2020-09-05T22:32:37","modified_gmt":"2020-09-05T22:32:37","slug":"acidente-de-transito-envolve-tres-veiculos-e-provoca-duas-mortes-na-rodovia-angelo-rena","status":"publish","type":"post","link":"https:\/\/jorgezanoni.com.br\/2019\/acidente-de-transito-envolve-tres-veiculos-e-provoca-duas-mortes-na-rodovia-angelo-rena\/","title":{"rendered":"Acidente de tr\u00e2nsito envolve tr\u00eas ve\u00edculos e provoca duas mortes na Rodovia \u00c2ngelo Rena"},"content":{"rendered":"<h2 class=\"content-head__subtitle\" style=\"text-align: justify;\"><strong>Trecho na divisa entre Presidente Prudente e Regente Feij\u00f3 foi interditado na tarde deste s\u00e1bado (5). V\u00edtimas foram homens de 29 e 36 anos.<\/strong><\/h2>\n<div class=\"mc-column content-text active-extra-styles \" data-block-type=\"unstyled\" data-block-weight=\"32\" data-block-id=\"2\">\n<p class=\"content-text__container \" style=\"text-align: justify;\" data-track-category=\"Link no Texto\" data-track-links=\"\">Um acidente de tr\u00e2nsito na tarde deste s\u00e1bado (5) na Rodovia \u00c2ngelo Rena, na divisa entre\u00a0<a href=\"https:\/\/g1.globo.com\/sp\/presidente-prudente-regiao\/cidade\/presidente-prudente\/\">Presidente Prudente<\/a>\u00a0e\u00a0<a href=\"https:\/\/g1.globo.com\/sp\/presidente-prudente-regiao\/cidade\/regente-feijo\/\">Regente Feij\u00f3<\/a>, causou a morte de dois homens, de 29 e 36 anos.<\/p>\n<\/div>\n<div class=\"wall protected-content\">\n<div class=\"mc-column content-text active-extra-styles \" style=\"text-align: justify;\" data-block-type=\"unstyled\" data-block-weight=\"15\" data-block-id=\"3\">\n<p class=\"content-text__container \" data-track-category=\"Link no Texto\" data-track-links=\"\">De acordo com as informa\u00e7\u00f5es fornecidas pelo Corpo de Bombeiros, tr\u00eas ve\u00edculos envolveram-se na colis\u00e3o.<\/p>\n<\/div>\n<div class=\"mc-column content-text active-extra-styles \" style=\"text-align: justify;\" data-block-type=\"unstyled\" data-block-weight=\"17\" data-block-id=\"4\">\n<p class=\"content-text__container \" data-track-category=\"Link no Texto\" data-track-links=\"\">O tr\u00e1fego de ve\u00edculos no local precisou ser interditado nos dois sentidos para o atendimento da ocorr\u00eancia.<\/p>\n<\/div>\n<div class=\"mc-column content-text active-extra-styles \" style=\"text-align: justify;\" data-block-type=\"unstyled\" data-block-weight=\"13\" data-block-id=\"5\">\n<p class=\"content-text__container \" data-track-category=\"Link no Texto\" data-track-links=\"\">Al\u00e9m das equipes do Corpo de Bombeiros, policiais militares tamb\u00e9m compareceram ao local.<\/p>\n<\/div>\n<div class=\"mc-column content-text active-extra-styles \" style=\"text-align: justify;\" data-block-type=\"unstyled\" data-block-weight=\"20\" data-block-id=\"6\">\n<p class=\"content-text__container \" data-track-category=\"Link no Texto\" data-track-links=\"\">Dois dos tr\u00eas carros envolvidos no acidente trafegavam no sentido Presidente Prudente\u2013Regente Feij\u00f3, enquanto o outro seguia na pista contr\u00e1ria.<\/p>\n<\/div>\n<div class=\"mc-column content-text active-extra-styles \" style=\"text-align: justify;\" data-block-type=\"unstyled\" data-block-weight=\"40\" data-block-id=\"7\">\n<p class=\"content-text__container \" data-track-category=\"Link no Texto\" data-track-links=\"\">Um dos motoristas, de 29 anos, morreu no local do acidente, enquanto outro condutor chegou a ser socorrido e levado com vida ao Hospital Regional (HR), mas n\u00e3o resistiu aos ferimentos. O terceiro motorista envolvido na batida n\u00e3o se machucou.<\/p>\n<\/div>\n<div class=\"mc-column content-text active-extra-styles \" style=\"text-align: justify;\" data-block-type=\"unstyled\" data-block-weight=\"41\" data-block-id=\"8\">\n<p class=\"content-text__container \" data-track-category=\"Link no Texto\" data-track-links=\"\">O HR informou que o paciente, de 36 anos, deu entrada no Pronto-socorro da unidade \u00e0s 14h40 e recebeu \u201ctodos os cuidados da equipe m\u00e9dica e multiprofissional\u201d, no entanto, devido \u00e0 gravidade do seu quadro cl\u00ednico, o \u00f3bito ocorreu \u00e0s 15h10.<\/p>\n<\/div>\n<div class=\"mc-column content-text active-extra-styles \" style=\"text-align: justify;\" data-block-type=\"unstyled\" data-block-weight=\"22\" data-block-id=\"9\">\n<p class=\"content-text__container \" data-track-category=\"Link no Texto\" data-track-links=\"\">A Pol\u00edcia Cient\u00edfica foi acionada para periciar o local e apurar as causas do acidente, que tamb\u00e9m s\u00e3o investigadas pela Pol\u00edcia Civil.<\/p>\n<\/div>\n<div class=\"row medium-uncollapsed content-media content-photo\" style=\"text-align: justify;\" data-block-type=\"backstage-photo\" data-block-id=\"11\">\n<div class=\"mc-column content-media__container\">\n<figure><img decoding=\"async\" class=\"i-amphtml-fill-content i-amphtml-replaced-content\" src=\"https:\/\/s2.glbimg.com\/Cr1gYscE-oRo3_ufgWiJuRtx4h4=\/0x0:1280x960\/984x0\/smart\/filters:strip_icc()\/i.s3.glbimg.com\/v1\/AUTH_59edd422c0c84a879bd37670ae4f538a\/internal_photos\/bs\/2020\/9\/b\/OiTUlaTYqOmTzT65YkGw\/zara-6.jpeg\" sizes=\"(max-width: 1366px) 648px, 100vw\" srcset=\"https:\/\/s2.glbimg.com\/ERWjtdkOF9Kme8pkCUmXvKI2KfE=\/0x0:1280x960\/1000x0\/smart\/filters:strip_icc()\/i.s3.glbimg.com\/v1\/AUTH_59edd422c0c84a879bd37670ae4f538a\/internal_photos\/bs\/2020\/9\/b\/OiTUlaTYqOmTzT65YkGw\/zara-6.jpeg 1000w, https:\/\/s2.glbimg.com\/Cr1gYscE-oRo3_ufgWiJuRtx4h4=\/0x0:1280x960\/984x0\/smart\/filters:strip_icc()\/i.s3.glbimg.com\/v1\/AUTH_59edd422c0c84a879bd37670ae4f538a\/internal_photos\/bs\/2020\/9\/b\/OiTUlaTYqOmTzT65YkGw\/zara-6.jpeg 984w, https:\/\/s2.glbimg.com\/zSqmPDrZ1ecJeXlmkxjAFa80x60=\/0x0:1280x960\/640x0\/smart\/filters:strip_icc()\/i.s3.glbimg.com\/v1\/AUTH_59edd422c0c84a879bd37670ae4f538a\/internal_photos\/bs\/2020\/9\/b\/OiTUlaTYqOmTzT65YkGw\/zara-6.jpeg 640w, https:\/\/s2.glbimg.com\/Blm1-D1f3Lmz6u-CEqek8oMfUDk=\/0x0:1280x960\/600x0\/smart\/filters:strip_icc()\/i.s3.glbimg.com\/v1\/AUTH_59edd422c0c84a879bd37670ae4f538a\/internal_photos\/bs\/2020\/9\/b\/OiTUlaTYqOmTzT65YkGw\/zara-6.jpeg 600w\" alt=\"Acidente de tr\u00e2nsito envolveu tr\u00eas carros na Rodovia \u00c2ngelo Rena \u2014 Foto: Murilo Zara\/TV Fronteira\" \/><\/figure>\n<p class=\"content-media__description \">Acidente de tr\u00e2nsito envolveu tr\u00eas carros na Rodovia \u00c2ngelo Rena \u2014 Foto: Murilo Zara\/TV Fronteira<\/p>\n<\/div>\n<\/div>\n<div class=\"row medium-uncollapsed content-media content-photo\" style=\"text-align: justify;\" data-block-type=\"backstage-photo\" data-block-id=\"12\">\n<div class=\"mc-column content-media__container\">\n<figure><img decoding=\"async\" class=\"i-amphtml-fill-content i-amphtml-replaced-content\" src=\"https:\/\/s2.glbimg.com\/FowmEtje7eRtbuIuZO3R0sf_HE0=\/0x0:1280x960\/984x0\/smart\/filters:strip_icc()\/i.s3.glbimg.com\/v1\/AUTH_59edd422c0c84a879bd37670ae4f538a\/internal_photos\/bs\/2020\/0\/T\/tBdwBKSBOEn9J4mKkjwQ\/zara-7.jpeg\" sizes=\"(max-width: 1366px) 648px, 100vw\" srcset=\"https:\/\/s2.glbimg.com\/A4rixDXWUgN1zG57JKHpcABMIAo=\/0x0:1280x960\/1000x0\/smart\/filters:strip_icc()\/i.s3.glbimg.com\/v1\/AUTH_59edd422c0c84a879bd37670ae4f538a\/internal_photos\/bs\/2020\/0\/T\/tBdwBKSBOEn9J4mKkjwQ\/zara-7.jpeg 1000w, https:\/\/s2.glbimg.com\/FowmEtje7eRtbuIuZO3R0sf_HE0=\/0x0:1280x960\/984x0\/smart\/filters:strip_icc()\/i.s3.glbimg.com\/v1\/AUTH_59edd422c0c84a879bd37670ae4f538a\/internal_photos\/bs\/2020\/0\/T\/tBdwBKSBOEn9J4mKkjwQ\/zara-7.jpeg 984w, https:\/\/s2.glbimg.com\/wQmP8E5HqB-dUEhNsBlOqJ8QjEQ=\/0x0:1280x960\/640x0\/smart\/filters:strip_icc()\/i.s3.glbimg.com\/v1\/AUTH_59edd422c0c84a879bd37670ae4f538a\/internal_photos\/bs\/2020\/0\/T\/tBdwBKSBOEn9J4mKkjwQ\/zara-7.jpeg 640w, https:\/\/s2.glbimg.com\/0s65u2Dscs06zbbMGiAtHfqSvkg=\/0x0:1280x960\/600x0\/smart\/filters:strip_icc()\/i.s3.glbimg.com\/v1\/AUTH_59edd422c0c84a879bd37670ae4f538a\/internal_photos\/bs\/2020\/0\/T\/tBdwBKSBOEn9J4mKkjwQ\/zara-7.jpeg 600w\" alt=\"Acidente de tr\u00e2nsito envolveu tr\u00eas carros na Rodovia \u00c2ngelo Rena \u2014 Foto: Murilo Zara\/TV Fronteira\" \/><\/figure>\n<p class=\"content-media__description \">Acidente de tr\u00e2nsito envolveu tr\u00eas carros na Rodovia \u00c2ngelo Rena \u2014 Foto: Murilo Zara\/TV Fronteira<\/p>\n<\/div>\n<\/div>\n<div class=\"row medium-uncollapsed content-media content-photo\" style=\"text-align: justify;\" data-block-type=\"backstage-photo\" data-block-id=\"13\">\n<div class=\"mc-column content-media__container\">\n<figure><img decoding=\"async\" class=\"i-amphtml-fill-content i-amphtml-replaced-content\" src=\"https:\/\/s2.glbimg.com\/Ern87Risu6OrVZbbBJK0g9H0a9Y=\/0x0:1280x960\/984x0\/smart\/filters:strip_icc()\/i.s3.glbimg.com\/v1\/AUTH_59edd422c0c84a879bd37670ae4f538a\/internal_photos\/bs\/2020\/V\/f\/LSkRzmS0yklosqN4mNxg\/zara-8.jpeg\" sizes=\"(max-width: 1366px) 648px, 100vw\" srcset=\"https:\/\/s2.glbimg.com\/n77iyEIXhqSOPT1RiAsr8ipl2PA=\/0x0:1280x960\/1000x0\/smart\/filters:strip_icc()\/i.s3.glbimg.com\/v1\/AUTH_59edd422c0c84a879bd37670ae4f538a\/internal_photos\/bs\/2020\/V\/f\/LSkRzmS0yklosqN4mNxg\/zara-8.jpeg 1000w, https:\/\/s2.glbimg.com\/Ern87Risu6OrVZbbBJK0g9H0a9Y=\/0x0:1280x960\/984x0\/smart\/filters:strip_icc()\/i.s3.glbimg.com\/v1\/AUTH_59edd422c0c84a879bd37670ae4f538a\/internal_photos\/bs\/2020\/V\/f\/LSkRzmS0yklosqN4mNxg\/zara-8.jpeg 984w, https:\/\/s2.glbimg.com\/TGqTR9p8Qty082zI-v_qwTu49rU=\/0x0:1280x960\/640x0\/smart\/filters:strip_icc()\/i.s3.glbimg.com\/v1\/AUTH_59edd422c0c84a879bd37670ae4f538a\/internal_photos\/bs\/2020\/V\/f\/LSkRzmS0yklosqN4mNxg\/zara-8.jpeg 640w, https:\/\/s2.glbimg.com\/dggeu5YSg-RSs1XdcsT8J2jB4rg=\/0x0:1280x960\/600x0\/smart\/filters:strip_icc()\/i.s3.glbimg.com\/v1\/AUTH_59edd422c0c84a879bd37670ae4f538a\/internal_photos\/bs\/2020\/V\/f\/LSkRzmS0yklosqN4mNxg\/zara-8.jpeg 600w\" alt=\"Acidente de tr\u00e2nsito envolveu tr\u00eas carros na Rodovia \u00c2ngelo Rena \u2014 Foto: Murilo Zara\/TV Fronteira\" \/><\/figure>\n<p class=\"content-media__description \">Acidente de tr\u00e2nsito envolveu tr\u00eas carros na Rodovia \u00c2ngelo Rena \u2014 Foto: Murilo Zara\/TV Fronteira<\/p>\n<p><img decoding=\"async\" class=\"i-amphtml-fill-content i-amphtml-replaced-content\" style=\"font-family: inherit; font-size: inherit; font-style: inherit; font-variant-ligatures: inherit; font-variant-caps: inherit; font-weight: inherit; text-align: center;\" src=\"https:\/\/s2.glbimg.com\/fcW2e94ED_w7yWhA9ZokwX_q7AE=\/0x0:1280x960\/984x0\/smart\/filters:strip_icc()\/i.s3.glbimg.com\/v1\/AUTH_59edd422c0c84a879bd37670ae4f538a\/internal_photos\/bs\/2020\/c\/m\/BcwKziT5qyyDRaABBJsA\/zara-9.jpeg\" sizes=\"(max-width: 1366px) 648px, 100vw\" srcset=\"https:\/\/s2.glbimg.com\/t8kgv68PKffma3CSO7wudmpx68U=\/0x0:1280x960\/1000x0\/smart\/filters:strip_icc()\/i.s3.glbimg.com\/v1\/AUTH_59edd422c0c84a879bd37670ae4f538a\/internal_photos\/bs\/2020\/c\/m\/BcwKziT5qyyDRaABBJsA\/zara-9.jpeg 1000w, https:\/\/s2.glbimg.com\/fcW2e94ED_w7yWhA9ZokwX_q7AE=\/0x0:1280x960\/984x0\/smart\/filters:strip_icc()\/i.s3.glbimg.com\/v1\/AUTH_59edd422c0c84a879bd37670ae4f538a\/internal_photos\/bs\/2020\/c\/m\/BcwKziT5qyyDRaABBJsA\/zara-9.jpeg 984w, https:\/\/s2.glbimg.com\/CZ_B9ENDG2LuVZIfaFc436u3uZs=\/0x0:1280x960\/640x0\/smart\/filters:strip_icc()\/i.s3.glbimg.com\/v1\/AUTH_59edd422c0c84a879bd37670ae4f538a\/internal_photos\/bs\/2020\/c\/m\/BcwKziT5qyyDRaABBJsA\/zara-9.jpeg 640w, https:\/\/s2.glbimg.com\/mSXex3zL8gFBh9zirfVSzkVPW_c=\/0x0:1280x960\/600x0\/smart\/filters:strip_icc()\/i.s3.glbimg.com\/v1\/AUTH_59edd422c0c84a879bd37670ae4f538a\/internal_photos\/bs\/2020\/c\/m\/BcwKziT5qyyDRaABBJsA\/zara-9.jpeg 600w\" alt=\"Acidente de tr\u00e2nsito envolveu tr\u00eas carros na Rodovia \u00c2ngelo Rena \u2014 Foto: Murilo Zara\/TV Fronteira\" \/><\/p>\n<\/div>\n<\/div>\n<div class=\"row medium-uncollapsed content-media content-photo\" style=\"text-align: justify;\" data-block-type=\"backstage-photo\" data-block-id=\"15\">\n<div class=\"mc-column content-media__container\">\n<p class=\"content-media__description \">Acidente de tr\u00e2nsito envolveu tr\u00eas carros na Rodovia \u00c2ngelo Rena \u2014 Foto: Murilo Zara\/TV Fronteira<\/p>\n<\/div>\n<\/div>\n<div class=\"row medium-uncollapsed content-media content-photo\" style=\"text-align: justify;\" data-block-type=\"backstage-photo\" data-block-id=\"16\">\n<div class=\"mc-column content-media__container\">\n<figure><img decoding=\"async\" class=\"i-amphtml-fill-content i-amphtml-replaced-content\" src=\"https:\/\/s2.glbimg.com\/w9qEk46mjlkSlfHwRsxcMT1n_ks=\/0x0:1280x960\/984x0\/smart\/filters:strip_icc()\/i.s3.glbimg.com\/v1\/AUTH_59edd422c0c84a879bd37670ae4f538a\/internal_photos\/bs\/2020\/h\/W\/tRJG9DSgSNykjkFSxjwQ\/zara-10.jpeg\" sizes=\"(max-width: 1366px) 648px, 100vw\" srcset=\"https:\/\/s2.glbimg.com\/ItM6hp1xZhGdFcMYQ5bTs9ohqLs=\/0x0:1280x960\/1000x0\/smart\/filters:strip_icc()\/i.s3.glbimg.com\/v1\/AUTH_59edd422c0c84a879bd37670ae4f538a\/internal_photos\/bs\/2020\/h\/W\/tRJG9DSgSNykjkFSxjwQ\/zara-10.jpeg 1000w, https:\/\/s2.glbimg.com\/w9qEk46mjlkSlfHwRsxcMT1n_ks=\/0x0:1280x960\/984x0\/smart\/filters:strip_icc()\/i.s3.glbimg.com\/v1\/AUTH_59edd422c0c84a879bd37670ae4f538a\/internal_photos\/bs\/2020\/h\/W\/tRJG9DSgSNykjkFSxjwQ\/zara-10.jpeg 984w, https:\/\/s2.glbimg.com\/JUAUAjQRXW60hm2GVF9IcoULgRU=\/0x0:1280x960\/640x0\/smart\/filters:strip_icc()\/i.s3.glbimg.com\/v1\/AUTH_59edd422c0c84a879bd37670ae4f538a\/internal_photos\/bs\/2020\/h\/W\/tRJG9DSgSNykjkFSxjwQ\/zara-10.jpeg 640w, https:\/\/s2.glbimg.com\/wsBw-EMYb9--sH_VkcWFhM3CklY=\/0x0:1280x960\/600x0\/smart\/filters:strip_icc()\/i.s3.glbimg.com\/v1\/AUTH_59edd422c0c84a879bd37670ae4f538a\/internal_photos\/bs\/2020\/h\/W\/tRJG9DSgSNykjkFSxjwQ\/zara-10.jpeg 600w\" alt=\"Acidente de tr\u00e2nsito envolveu tr\u00eas carros na Rodovia \u00c2ngelo Rena \u2014 Foto: Murilo Zara\/TV Fronteira\" \/><\/figure>\n<p class=\"content-media__description \">Acidente de tr\u00e2nsito envolveu tr\u00eas carros na Rodovia \u00c2ngelo Rena \u2014 Foto: Murilo Zara\/TV Fronteira<\/p>\n<\/div>\n<\/div>\n<div class=\"row medium-uncollapsed content-media content-photo\" style=\"text-align: justify;\" data-block-type=\"backstage-photo\" data-block-id=\"17\">\n<div class=\"mc-column content-media__container\">\n<figure><img decoding=\"async\" class=\"i-amphtml-fill-content i-amphtml-replaced-content\" src=\"https:\/\/s2.glbimg.com\/fsErW74XszDJEJNrDEvS3Bl0Sdk=\/0x0:1280x960\/984x0\/smart\/filters:strip_icc()\/i.s3.glbimg.com\/v1\/AUTH_59edd422c0c84a879bd37670ae4f538a\/internal_photos\/bs\/2020\/e\/G\/BvkrjNTR2fpSM52zbQDQ\/zara-2.jpeg\" sizes=\"(max-width: 1366px) 648px, 100vw\" srcset=\"https:\/\/s2.glbimg.com\/EA7Kz9bwdr6ZlGA-WmbrQeAf1B4=\/0x0:1280x960\/1000x0\/smart\/filters:strip_icc()\/i.s3.glbimg.com\/v1\/AUTH_59edd422c0c84a879bd37670ae4f538a\/internal_photos\/bs\/2020\/e\/G\/BvkrjNTR2fpSM52zbQDQ\/zara-2.jpeg 1000w, https:\/\/s2.glbimg.com\/fsErW74XszDJEJNrDEvS3Bl0Sdk=\/0x0:1280x960\/984x0\/smart\/filters:strip_icc()\/i.s3.glbimg.com\/v1\/AUTH_59edd422c0c84a879bd37670ae4f538a\/internal_photos\/bs\/2020\/e\/G\/BvkrjNTR2fpSM52zbQDQ\/zara-2.jpeg 984w, https:\/\/s2.glbimg.com\/emv0HTVxmWGB0nlnFrR7JrYyWbo=\/0x0:1280x960\/640x0\/smart\/filters:strip_icc()\/i.s3.glbimg.com\/v1\/AUTH_59edd422c0c84a879bd37670ae4f538a\/internal_photos\/bs\/2020\/e\/G\/BvkrjNTR2fpSM52zbQDQ\/zara-2.jpeg 640w, https:\/\/s2.glbimg.com\/tC_P6zGwEJZDybGbvwVVnOOcGjk=\/0x0:1280x960\/600x0\/smart\/filters:strip_icc()\/i.s3.glbimg.com\/v1\/AUTH_59edd422c0c84a879bd37670ae4f538a\/internal_photos\/bs\/2020\/e\/G\/BvkrjNTR2fpSM52zbQDQ\/zara-2.jpeg 600w\" alt=\"Acidente de tr\u00e2nsito envolveu tr\u00eas carros na Rodovia \u00c2ngelo Rena \u2014 Foto: Murilo Zara\/TV Fronteira\" \/><\/figure>\n<p class=\"content-media__description \">Acidente de tr\u00e2nsito envolveu tr\u00eas carros na Rodovia \u00c2ngelo Rena \u2014 Foto: Murilo Zara\/TV Fronteira<\/p>\n<p><img decoding=\"async\" class=\"i-amphtml-fill-content i-amphtml-replaced-content\" style=\"font-family: inherit; font-size: inherit; font-style: inherit; font-variant-ligatures: inherit; font-variant-caps: inherit; font-weight: inherit; text-align: center;\" src=\"https:\/\/s2.glbimg.com\/oFldALY-5sgu9Um45Qis7gPsdjM=\/0x0:960x887\/984x0\/smart\/filters:strip_icc()\/i.s3.glbimg.com\/v1\/AUTH_59edd422c0c84a879bd37670ae4f538a\/internal_photos\/bs\/2020\/Q\/B\/JQytAsTVaVH6Gjrq5W4Q\/t156fl5f53d6205bf32.jpeg\" sizes=\"(max-width: 1366px) 648px, 100vw\" srcset=\"https:\/\/s2.glbimg.com\/yU4zFS-bzKZfJlPlJcDlgGgF-lw=\/0x0:960x887\/1000x0\/smart\/filters:strip_icc()\/i.s3.glbimg.com\/v1\/AUTH_59edd422c0c84a879bd37670ae4f538a\/internal_photos\/bs\/2020\/Q\/B\/JQytAsTVaVH6Gjrq5W4Q\/t156fl5f53d6205bf32.jpeg 1000w, https:\/\/s2.glbimg.com\/oFldALY-5sgu9Um45Qis7gPsdjM=\/0x0:960x887\/984x0\/smart\/filters:strip_icc()\/i.s3.glbimg.com\/v1\/AUTH_59edd422c0c84a879bd37670ae4f538a\/internal_photos\/bs\/2020\/Q\/B\/JQytAsTVaVH6Gjrq5W4Q\/t156fl5f53d6205bf32.jpeg 984w, https:\/\/s2.glbimg.com\/a7xcoCb77yn5FySXdIm6H2I_syQ=\/0x0:960x887\/640x0\/smart\/filters:strip_icc()\/i.s3.glbimg.com\/v1\/AUTH_59edd422c0c84a879bd37670ae4f538a\/internal_photos\/bs\/2020\/Q\/B\/JQytAsTVaVH6Gjrq5W4Q\/t156fl5f53d6205bf32.jpeg 640w, https:\/\/s2.glbimg.com\/pkskUSiNV9Rhr7uIrfId1JiOHEI=\/0x0:960x887\/600x0\/smart\/filters:strip_icc()\/i.s3.glbimg.com\/v1\/AUTH_59edd422c0c84a879bd37670ae4f538a\/internal_photos\/bs\/2020\/Q\/B\/JQytAsTVaVH6Gjrq5W4Q\/t156fl5f53d6205bf32.jpeg 600w\" alt=\"Acidente de tr\u00e2nsito envolveu tr\u00eas carros na Rodovia \u00c2ngelo Rena \u2014 Foto: Fernando Negr\u00e3o Barbosa\" \/><\/p>\n<\/div>\n<\/div>\n<div class=\"row medium-uncollapsed content-media content-photo\" style=\"text-align: justify;\" data-block-type=\"backstage-photo\" data-block-id=\"19\">\n<div class=\"mc-column content-media__container\">\n<p class=\"content-media__description \">Acidente de tr\u00e2nsito envolveu tr\u00eas carros na Rodovia \u00c2ngelo Rena \u2014 Foto: Fernando Negr\u00e3o Barbosa<\/p>\n<\/div>\n<\/div>\n<div class=\"row medium-uncollapsed content-media content-photo\" style=\"text-align: justify;\" data-block-type=\"backstage-photo\" data-block-id=\"20\">\n<div class=\"mc-column content-media__container\">\n<figure><img decoding=\"async\" class=\"i-amphtml-fill-content i-amphtml-replaced-content\" src=\"https:\/\/s2.glbimg.com\/PQa3V6kwkyRL7KRZdcAEAnybM-o=\/0x35:720x1020\/984x0\/smart\/filters:strip_icc()\/i.s3.glbimg.com\/v1\/AUTH_59edd422c0c84a879bd37670ae4f538a\/internal_photos\/bs\/2020\/t\/n\/7mUC1ARbmK7hwJuA8xkg\/t156fl5f53d61f84595.jpeg\" sizes=\"(max-width: 1366px) 648px, 100vw\" srcset=\"https:\/\/s2.glbimg.com\/WFZCMg-C6WK61VVhpnaoXFB4yJw=\/0x35:720x1020\/1000x0\/smart\/filters:strip_icc()\/i.s3.glbimg.com\/v1\/AUTH_59edd422c0c84a879bd37670ae4f538a\/internal_photos\/bs\/2020\/t\/n\/7mUC1ARbmK7hwJuA8xkg\/t156fl5f53d61f84595.jpeg 1000w, https:\/\/s2.glbimg.com\/PQa3V6kwkyRL7KRZdcAEAnybM-o=\/0x35:720x1020\/984x0\/smart\/filters:strip_icc()\/i.s3.glbimg.com\/v1\/AUTH_59edd422c0c84a879bd37670ae4f538a\/internal_photos\/bs\/2020\/t\/n\/7mUC1ARbmK7hwJuA8xkg\/t156fl5f53d61f84595.jpeg 984w, https:\/\/s2.glbimg.com\/XJ198SPdn6f3UVABAwAKjD7lc2A=\/0x35:720x1020\/640x0\/smart\/filters:strip_icc()\/i.s3.glbimg.com\/v1\/AUTH_59edd422c0c84a879bd37670ae4f538a\/internal_photos\/bs\/2020\/t\/n\/7mUC1ARbmK7hwJuA8xkg\/t156fl5f53d61f84595.jpeg 640w, https:\/\/s2.glbimg.com\/Q174BD9nxJZTmcgtBY20OSpBnc0=\/0x35:720x1020\/600x0\/smart\/filters:strip_icc()\/i.s3.glbimg.com\/v1\/AUTH_59edd422c0c84a879bd37670ae4f538a\/internal_photos\/bs\/2020\/t\/n\/7mUC1ARbmK7hwJuA8xkg\/t156fl5f53d61f84595.jpeg 600w\" alt=\"Acidente de tr\u00e2nsito envolveu tr\u00eas carros na Rodovia \u00c2ngelo Rena \u2014 Foto: Fernando Negr\u00e3o Barbosa\" \/><\/figure>\n<p class=\"content-media__description \">Acidente de tr\u00e2nsito envolveu tr\u00eas carros na Rodovia \u00c2ngelo Rena \u2014 Foto: Fernando Negr\u00e3o Barbosa<\/p>\n<\/div>\n<\/div>\n<div class=\"row medium-uncollapsed content-media content-photo\" style=\"text-align: justify;\" data-block-type=\"backstage-photo\" data-block-id=\"21\">\n<div class=\"mc-column content-media__container\">\n<figure><img decoding=\"async\" class=\"i-amphtml-fill-content i-amphtml-replaced-content\" src=\"https:\/\/s2.glbimg.com\/BRqEBPufpE0Jc7xM_zZBrUr0aOY=\/0x0:1280x960\/984x0\/smart\/filters:strip_icc()\/i.s3.glbimg.com\/v1\/AUTH_59edd422c0c84a879bd37670ae4f538a\/internal_photos\/bs\/2020\/R\/D\/EYQq6KQ7aQBG2XgNE32A\/zara-1.jpeg\" sizes=\"(max-width: 1366px) 648px, 100vw\" srcset=\"https:\/\/s2.glbimg.com\/FnQlnPMJJ7KHkPP3pJT8M8RYALY=\/0x0:1280x960\/1000x0\/smart\/filters:strip_icc()\/i.s3.glbimg.com\/v1\/AUTH_59edd422c0c84a879bd37670ae4f538a\/internal_photos\/bs\/2020\/R\/D\/EYQq6KQ7aQBG2XgNE32A\/zara-1.jpeg 1000w, https:\/\/s2.glbimg.com\/BRqEBPufpE0Jc7xM_zZBrUr0aOY=\/0x0:1280x960\/984x0\/smart\/filters:strip_icc()\/i.s3.glbimg.com\/v1\/AUTH_59edd422c0c84a879bd37670ae4f538a\/internal_photos\/bs\/2020\/R\/D\/EYQq6KQ7aQBG2XgNE32A\/zara-1.jpeg 984w, https:\/\/s2.glbimg.com\/V1Om-FTqafdlxc7iINkssu-Vt_w=\/0x0:1280x960\/640x0\/smart\/filters:strip_icc()\/i.s3.glbimg.com\/v1\/AUTH_59edd422c0c84a879bd37670ae4f538a\/internal_photos\/bs\/2020\/R\/D\/EYQq6KQ7aQBG2XgNE32A\/zara-1.jpeg 640w, https:\/\/s2.glbimg.com\/FaHKaLUzl0uUhqE-wQAO74AW3kc=\/0x0:1280x960\/600x0\/smart\/filters:strip_icc()\/i.s3.glbimg.com\/v1\/AUTH_59edd422c0c84a879bd37670ae4f538a\/internal_photos\/bs\/2020\/R\/D\/EYQq6KQ7aQBG2XgNE32A\/zara-1.jpeg 600w\" alt=\"Acidente de tr\u00e2nsito envolveu tr\u00eas carros na Rodovia \u00c2ngelo Rena \u2014 Foto: Murilo Zara\/TV Fronteira\" \/><\/figure>\n<p class=\"content-media__description \">Acidente de tr\u00e2nsito envolveu tr\u00eas carros na Rodovia \u00c2ngelo Rena \u2014 Foto: Murilo Zara\/TV Fronteira<\/p>\n<p><img decoding=\"async\" class=\"i-amphtml-fill-content i-amphtml-replaced-content\" style=\"font-family: inherit; font-size: inherit; font-style: inherit; font-variant-ligatures: inherit; font-variant-caps: inherit; font-weight: inherit; text-align: center;\" src=\"https:\/\/s2.glbimg.com\/zjW3J-y76D8_4d_zIhU8QGo2xWk=\/0x0:1280x960\/984x0\/smart\/filters:strip_icc()\/i.s3.glbimg.com\/v1\/AUTH_59edd422c0c84a879bd37670ae4f538a\/internal_photos\/bs\/2020\/g\/k\/t7BgywSAGmYSzJxPldcA\/zara-3.jpeg\" sizes=\"(max-width: 1366px) 648px, 100vw\" srcset=\"https:\/\/s2.glbimg.com\/nk6ZwYhzHrxScJpVc7XgcQbBm_I=\/0x0:1280x960\/1000x0\/smart\/filters:strip_icc()\/i.s3.glbimg.com\/v1\/AUTH_59edd422c0c84a879bd37670ae4f538a\/internal_photos\/bs\/2020\/g\/k\/t7BgywSAGmYSzJxPldcA\/zara-3.jpeg 1000w, https:\/\/s2.glbimg.com\/zjW3J-y76D8_4d_zIhU8QGo2xWk=\/0x0:1280x960\/984x0\/smart\/filters:strip_icc()\/i.s3.glbimg.com\/v1\/AUTH_59edd422c0c84a879bd37670ae4f538a\/internal_photos\/bs\/2020\/g\/k\/t7BgywSAGmYSzJxPldcA\/zara-3.jpeg 984w, https:\/\/s2.glbimg.com\/BA-2jIwmn1hs_8Zel6ZhwyL5IIo=\/0x0:1280x960\/640x0\/smart\/filters:strip_icc()\/i.s3.glbimg.com\/v1\/AUTH_59edd422c0c84a879bd37670ae4f538a\/internal_photos\/bs\/2020\/g\/k\/t7BgywSAGmYSzJxPldcA\/zara-3.jpeg 640w, https:\/\/s2.glbimg.com\/DR_2DWdd5btO4MtrBnmdrRmRuBI=\/0x0:1280x960\/600x0\/smart\/filters:strip_icc()\/i.s3.glbimg.com\/v1\/AUTH_59edd422c0c84a879bd37670ae4f538a\/internal_photos\/bs\/2020\/g\/k\/t7BgywSAGmYSzJxPldcA\/zara-3.jpeg 600w\" alt=\"Acidente de tr\u00e2nsito envolveu tr\u00eas carros na Rodovia \u00c2ngelo Rena \u2014 Foto: Murilo Zara\/TV Fronteira\" \/><\/p>\n<\/div>\n<\/div>\n<div class=\"row medium-uncollapsed content-media content-photo\" style=\"text-align: justify;\" data-block-type=\"backstage-photo\" data-block-id=\"23\">\n<div class=\"mc-column content-media__container\">\n<p class=\"content-media__description \">Acidente de tr\u00e2nsito envolveu tr\u00eas carros na Rodovia \u00c2ngelo Rena \u2014 Foto: Murilo Zara\/TV Fronteira<\/p>\n<\/div>\n<\/div>\n<div class=\"row medium-uncollapsed content-media content-photo\" data-block-type=\"backstage-photo\" data-block-id=\"24\">\n<div class=\"mc-column content-media__container\">\n<figure style=\"text-align: justify;\"><img decoding=\"async\" class=\"i-amphtml-fill-content i-amphtml-replaced-content\" src=\"https:\/\/s2.glbimg.com\/t_T7RnjfJgcT1t5bVRfFhbLbbuU=\/0x0:1280x960\/984x0\/smart\/filters:strip_icc()\/i.s3.glbimg.com\/v1\/AUTH_59edd422c0c84a879bd37670ae4f538a\/internal_photos\/bs\/2020\/t\/M\/DKngDGTFa7q3WuDFH0mQ\/zara-4.jpeg\" sizes=\"(max-width: 1366px) 648px, 100vw\" srcset=\"https:\/\/s2.glbimg.com\/e01Bu85npRNiStD9oKQPMck4qTs=\/0x0:1280x960\/1000x0\/smart\/filters:strip_icc()\/i.s3.glbimg.com\/v1\/AUTH_59edd422c0c84a879bd37670ae4f538a\/internal_photos\/bs\/2020\/t\/M\/DKngDGTFa7q3WuDFH0mQ\/zara-4.jpeg 1000w, https:\/\/s2.glbimg.com\/t_T7RnjfJgcT1t5bVRfFhbLbbuU=\/0x0:1280x960\/984x0\/smart\/filters:strip_icc()\/i.s3.glbimg.com\/v1\/AUTH_59edd422c0c84a879bd37670ae4f538a\/internal_photos\/bs\/2020\/t\/M\/DKngDGTFa7q3WuDFH0mQ\/zara-4.jpeg 984w, https:\/\/s2.glbimg.com\/cx_zGhLkTMemXTAPmBLzY_2VUDs=\/0x0:1280x960\/640x0\/smart\/filters:strip_icc()\/i.s3.glbimg.com\/v1\/AUTH_59edd422c0c84a879bd37670ae4f538a\/internal_photos\/bs\/2020\/t\/M\/DKngDGTFa7q3WuDFH0mQ\/zara-4.jpeg 640w, https:\/\/s2.glbimg.com\/3yJlAcGUYugKjAvlzxKJSfIYfdM=\/0x0:1280x960\/600x0\/smart\/filters:strip_icc()\/i.s3.glbimg.com\/v1\/AUTH_59edd422c0c84a879bd37670ae4f538a\/internal_photos\/bs\/2020\/t\/M\/DKngDGTFa7q3WuDFH0mQ\/zara-4.jpeg 600w\" alt=\"Acidente de tr\u00e2nsito envolveu tr\u00eas carros na Rodovia \u00c2ngelo Rena \u2014 Foto: Murilo Zara\/TV Fronteira\" \/><\/figure>\n<p class=\"content-media__description \" style=\"text-align: justify;\">Acidente de tr\u00e2nsito envolveu tr\u00eas carros na Rodovia \u00c2ngelo Rena \u2014 Foto: Murilo Zara\/TV Fronteira<\/p>\n<p style=\"text-align: justify;\">Fonte: G1<\/p>\n<\/div>\n<\/div>\n<\/div>\n","protected":false},"excerpt":{"rendered":"<p>Trecho na divisa entre Presidente Prudente e Regente Feij\u00f3 foi interditado na tarde deste s\u00e1bado (5). V\u00edtimas foram homens de 29 e 36 anos. Um acidente de tr\u00e2nsito na tarde deste s\u00e1bado (5) na Rodovia \u00c2ngelo Rena, na divisa entre\u00a0Presidente Prudente\u00a0e\u00a0Regente Feij\u00f3, causou a morte de dois homens, de 29 e 36 anos. De acordo [&hellip;]<\/p>\n","protected":false},"author":1,"featured_media":34192,"comment_status":"closed","ping_status":"open","sticky":false,"template":"","format":"standard","meta":{"footnotes":""},"categories":[170,110],"tags":[],"class_list":["post-34191","post","type-post","status-publish","format-standard","has-post-thumbnail","hentry","category-acidentes","category-noticiasdestaque"],"_links":{"self":[{"href":"https:\/\/jorgezanoni.com.br\/2019\/wp-json\/wp\/v2\/posts\/34191","targetHints":{"allow":["GET"]}}],"collection":[{"href":"https:\/\/jorgezanoni.com.br\/2019\/wp-json\/wp\/v2\/posts"}],"about":[{"href":"https:\/\/jorgezanoni.com.br\/2019\/wp-json\/wp\/v2\/types\/post"}],"author":[{"embeddable":true,"href":"https:\/\/jorgezanoni.com.br\/2019\/wp-json\/wp\/v2\/users\/1"}],"replies":[{"embeddable":true,"href":"https:\/\/jorgezanoni.com.br\/2019\/wp-json\/wp\/v2\/comments?post=34191"}],"version-history":[{"count":0,"href":"https:\/\/jorgezanoni.com.br\/2019\/wp-json\/wp\/v2\/posts\/34191\/revisions"}],"wp:featuredmedia":[{"embeddable":true,"href":"https:\/\/jorgezanoni.com.br\/2019\/wp-json\/wp\/v2\/media\/34192"}],"wp:attachment":[{"href":"https:\/\/jorgezanoni.com.br\/2019\/wp-json\/wp\/v2\/media?parent=34191"}],"wp:term":[{"taxonomy":"category","embeddable":true,"href":"https:\/\/jorgezanoni.com.br\/2019\/wp-json\/wp\/v2\/categories?post=34191"},{"taxonomy":"post_tag","embeddable":true,"href":"https:\/\/jorgezanoni.com.br\/2019\/wp-json\/wp\/v2\/tags?post=34191"}],"curies":[{"name":"wp","href":"https:\/\/api.w.org\/{rel}","templated":true}]}}