{"id":34182,"date":"2020-09-05T19:51:38","date_gmt":"2020-09-05T19:51:38","guid":{"rendered":"https:\/\/jorgezanoni.com.br\/2019\/?p=34182"},"modified":"2020-09-05T19:51:38","modified_gmt":"2020-09-05T19:51:38","slug":"escolas-municipais-da-regiao-nao-voltarao-com-as-aulas-presenciais-em-2020","status":"publish","type":"post","link":"https:\/\/jorgezanoni.com.br\/2019\/escolas-municipais-da-regiao-nao-voltarao-com-as-aulas-presenciais-em-2020\/","title":{"rendered":"Escolas municipais da regi\u00e3o N\u00c3O voltar\u00e3o com as aulas presenciais em 2020"},"content":{"rendered":"<div class=\"kvgmc6g5 cxmmr5t8 oygrvhab hcukyx3x c1et5uql ii04i59q\">\n<div dir=\"auto\" style=\"text-align: justify;\">Ficou decidido em reuni\u00e3o acontecida entre os DIRIGENTES MUNICIPAIS de EDUCA\u00c7\u00c3O da regi\u00e3o que compreende 11 cidades do POLO DRACENA e representantes da UNDIME regional,de que as aulas PRESENCIAIS das escolas municipais continuar\u00e3o suspensas at\u00e9 o fim do ano de 2020. (O representante do Polo da Undime do Polo Dracena \u00e9 o Sr. Jos\u00e9 Henrique Rossi).<\/div>\n<div dir=\"auto\" style=\"text-align: justify;\"><\/div>\n<div dir=\"auto\" style=\"text-align: justify;\"><span class=\"q9uorilb tbxw36s4 knj5qynh kvgmc6g5 ditlmg2l oygrvhab nvdbi5me fgm26odu gl3lb2sf hhz5lgdu\">Participaram da reuni\u00e3o desta sexta-feira 4 de setembro de 2020, representantes educacionais de Dracena, Junqueir\u00f3polis, Flora Rica, Monte Castelo, Nova Guataporanga, Ouro Verde, Panorama, Paulic\u00e9ia, Santa Mercedes, S\u00e3o Jo\u00e3o do Pau D\u2019Alho e Tupi Paulista.<\/span><\/div>\n<\/div>\n<div class=\"o9v6fnle cxmmr5t8 oygrvhab hcukyx3x c1et5uql ii04i59q\" style=\"text-align: justify;\">\n<div dir=\"auto\"><\/div>\n<div dir=\"auto\">A decis\u00e3o foi tomada depois de ser pesquisado a opini\u00e3o de pais de alunos, dos educadores e estudos t\u00e9cnicos para cada munic\u00edpio que inviabilizam a retomada das aulas para este ano, por n\u00e3o haver uma seguran\u00e7a de que os alunos e profissionais da educa\u00e7\u00e3o n\u00e3o ser\u00e3o contaminados pela Covid-19, o que serve tamb\u00e9m para as (EMEIS) creches municipais que continuar\u00e3o fechadas a exemplo das escolas de Ensino Fundamental.<\/div>\n<\/div>\n<div class=\"o9v6fnle cxmmr5t8 oygrvhab hcukyx3x c1et5uql ii04i59q\" style=\"text-align: justify;\">\n<div dir=\"auto\"><\/div>\n<div dir=\"auto\">Mesmo pelo fato da regi\u00e3o ter avan\u00e7ado para a fase amarela no combate ao novo coronav\u00edrus, as aulas continuar\u00e3o sendo aplicadas como est\u00e1 de forma remota, com toda assist\u00eancia para que os alunos n\u00e3o percam o ano letivo de 2020, sendo que ser\u00e1 completado o ciclo de refor\u00e7os evolutivel do aprendizado nos dois anos 2020.<\/div>\n<\/div>\n<div class=\"o9v6fnle cxmmr5t8 oygrvhab hcukyx3x c1et5uql ii04i59q\" style=\"text-align: justify;\">\n<div dir=\"auto\"><\/div>\n<div dir=\"auto\">Aos que necessitarem de aulas de refor\u00e7o em 2020, ser\u00e1 dado toda assist\u00eancia para recupera\u00e7\u00e3o \u00e0 aqueles com defasagem no aprendizado virtual, proporcionado o pr\u00e9vio acompanhamento dos demais alunos. Cabe destacar que no ano de 2021, as disciplinas ser\u00e3o retomadas.<\/div>\n<\/div>\n<div class=\"o9v6fnle cxmmr5t8 oygrvhab hcukyx3x c1et5uql ii04i59q\" style=\"text-align: justify;\">\n<div dir=\"auto\"><\/div>\n<div dir=\"auto\">Quanto as escolas estaduais e particulares as mesmas devem decidir se v\u00e3o aderir as decis\u00f5es dos munic\u00edpios ou seguir\u00e3o o decreto estadual sobre o retorno das aulas presenciais para o ano letivo.<\/div>\n<div dir=\"auto\"><\/div>\n<\/div>\n<div class=\"o9v6fnle cxmmr5t8 oygrvhab hcukyx3x c1et5uql ii04i59q\" style=\"text-align: justify;\">\n<div dir=\"auto\">\u201cEstamos vivendo um momento muito dif\u00edcil na vida de todos n\u00f3s, e preocupados com a defasagem na aprendizagem dos alunos no ensino remoto, mas o nosso olhar hoje \u00e9 voltado para preservar vidas, pois o aprendizado poderemos recuperar, se perdermos vidas n\u00e3o temos como recuper\u00e1-las\u201d.<\/div>\n<div dir=\"auto\"><\/div>\n<\/div>\n<div dir=\"auto\" style=\"text-align: justify;\">Fonte: Undime<\/div>\n","protected":false},"excerpt":{"rendered":"<p>Ficou decidido em reuni\u00e3o acontecida entre os DIRIGENTES MUNICIPAIS de EDUCA\u00c7\u00c3O da regi\u00e3o que compreende 11 cidades do POLO DRACENA e representantes da UNDIME regional,de que as aulas PRESENCIAIS das escolas municipais continuar\u00e3o suspensas at\u00e9 o fim do ano de 2020. (O representante do Polo da Undime do Polo Dracena \u00e9 o Sr. Jos\u00e9 Henrique [&hellip;]<\/p>\n","protected":false},"author":1,"featured_media":34183,"comment_status":"closed","ping_status":"open","sticky":false,"template":"","format":"standard","meta":{"footnotes":""},"categories":[110,122],"tags":[],"class_list":["post-34182","post","type-post","status-publish","format-standard","has-post-thumbnail","hentry","category-noticiasdestaque","category-saudeeducacaoeconcurso"],"_links":{"self":[{"href":"https:\/\/jorgezanoni.com.br\/2019\/wp-json\/wp\/v2\/posts\/34182","targetHints":{"allow":["GET"]}}],"collection":[{"href":"https:\/\/jorgezanoni.com.br\/2019\/wp-json\/wp\/v2\/posts"}],"about":[{"href":"https:\/\/jorgezanoni.com.br\/2019\/wp-json\/wp\/v2\/types\/post"}],"author":[{"embeddable":true,"href":"https:\/\/jorgezanoni.com.br\/2019\/wp-json\/wp\/v2\/users\/1"}],"replies":[{"embeddable":true,"href":"https:\/\/jorgezanoni.com.br\/2019\/wp-json\/wp\/v2\/comments?post=34182"}],"version-history":[{"count":0,"href":"https:\/\/jorgezanoni.com.br\/2019\/wp-json\/wp\/v2\/posts\/34182\/revisions"}],"wp:featuredmedia":[{"embeddable":true,"href":"https:\/\/jorgezanoni.com.br\/2019\/wp-json\/wp\/v2\/media\/34183"}],"wp:attachment":[{"href":"https:\/\/jorgezanoni.com.br\/2019\/wp-json\/wp\/v2\/media?parent=34182"}],"wp:term":[{"taxonomy":"category","embeddable":true,"href":"https:\/\/jorgezanoni.com.br\/2019\/wp-json\/wp\/v2\/categories?post=34182"},{"taxonomy":"post_tag","embeddable":true,"href":"https:\/\/jorgezanoni.com.br\/2019\/wp-json\/wp\/v2\/tags?post=34182"}],"curies":[{"name":"wp","href":"https:\/\/api.w.org\/{rel}","templated":true}]}}