{"id":34175,"date":"2020-09-05T19:05:22","date_gmt":"2020-09-05T19:05:22","guid":{"rendered":"https:\/\/jorgezanoni.com.br\/2019\/?p=34175"},"modified":"2020-09-05T19:06:03","modified_gmt":"2020-09-05T19:06:03","slug":"incendio-de-grandes-proporcoes-atinge-canavial","status":"publish","type":"post","link":"https:\/\/jorgezanoni.com.br\/2019\/incendio-de-grandes-proporcoes-atinge-canavial\/","title":{"rendered":"Inc\u00eandio de grandes propor\u00e7\u00f5es atinge canavial"},"content":{"rendered":"<p style=\"text-align: justify;\">Um inc\u00eandio de grandes propor\u00e7\u00f5es foi combatido ontem,\u00a0 em um canavial na estrada rural que liga ao \u201cBairro Boton\u201d em Fl\u00f3rida Paulista.<\/p>\n<p style=\"text-align: justify;\"><a href=\"https:\/\/i0.wp.com\/ifolharegional.com.br\/wp-content\/uploads\/2020\/09\/02-2.jpg?ssl=1\"><img loading=\"lazy\" decoding=\"async\" class=\"aligncenter wp-image-24767\" src=\"https:\/\/i0.wp.com\/ifolharegional.com.br\/wp-content\/uploads\/2020\/09\/02-2.jpg?resize=740%2C416&amp;ssl=1\" sizes=\"auto, (max-width: 740px) 100vw, 740px\" srcset=\"https:\/\/i0.wp.com\/ifolharegional.com.br\/wp-content\/uploads\/2020\/09\/02-2.jpg?w=1040&amp;ssl=1 1040w, https:\/\/i0.wp.com\/ifolharegional.com.br\/wp-content\/uploads\/2020\/09\/02-2.jpg?resize=300%2C169&amp;ssl=1 300w, https:\/\/i0.wp.com\/ifolharegional.com.br\/wp-content\/uploads\/2020\/09\/02-2.jpg?resize=1024%2C576&amp;ssl=1 1024w, https:\/\/i0.wp.com\/ifolharegional.com.br\/wp-content\/uploads\/2020\/09\/02-2.jpg?resize=768%2C432&amp;ssl=1 768w\" alt=\"\" width=\"740\" height=\"416\" data-attachment-id=\"24767\" data-permalink=\"https:\/\/ifolharegional.com.br\/2020\/09\/04\/florida-incendio-de-grandes-proporcoes-atinge-canavial\/02-238\/\" data-orig-file=\"https:\/\/i0.wp.com\/ifolharegional.com.br\/wp-content\/uploads\/2020\/09\/02-2.jpg?fit=1040%2C585&amp;ssl=1\" data-orig-size=\"1040,585\" data-comments-opened=\"0\" data-image-meta=\"{&quot;aperture&quot;:&quot;0&quot;,&quot;credit&quot;:&quot;&quot;,&quot;camera&quot;:&quot;&quot;,&quot;caption&quot;:&quot;&quot;,&quot;created_timestamp&quot;:&quot;0&quot;,&quot;copyright&quot;:&quot;&quot;,&quot;focal_length&quot;:&quot;0&quot;,&quot;iso&quot;:&quot;0&quot;,&quot;shutter_speed&quot;:&quot;0&quot;,&quot;title&quot;:&quot;&quot;,&quot;orientation&quot;:&quot;0&quot;}\" data-image-title=\"02\" data-image-description=\"\" data-medium-file=\"https:\/\/i0.wp.com\/ifolharegional.com.br\/wp-content\/uploads\/2020\/09\/02-2.jpg?fit=300%2C169&amp;ssl=1\" data-large-file=\"https:\/\/i0.wp.com\/ifolharegional.com.br\/wp-content\/uploads\/2020\/09\/02-2.jpg?fit=740%2C416&amp;ssl=1\" \/><\/a><\/p>\n<p style=\"text-align: justify;\">Profissionais de uma usina atuam no combate \u00e0s chamas utilizando caminh\u00f5es tanque e outros equipamentos.<\/p>\n<p style=\"text-align: justify;\">A Prefeitura de Fl\u00f3rida Paulista enviou um caminh\u00e3o para auxiliar nos trabalhos.<\/p>\n<p style=\"text-align: justify;\"><a href=\"https:\/\/i1.wp.com\/ifolharegional.com.br\/wp-content\/uploads\/2020\/09\/04.jpg?ssl=1\"><img loading=\"lazy\" decoding=\"async\" class=\"aligncenter wp-image-24768\" src=\"https:\/\/i1.wp.com\/ifolharegional.com.br\/wp-content\/uploads\/2020\/09\/04.jpg?resize=740%2C416&amp;ssl=1\" sizes=\"auto, (max-width: 740px) 100vw, 740px\" srcset=\"https:\/\/i1.wp.com\/ifolharegional.com.br\/wp-content\/uploads\/2020\/09\/04.jpg?w=1040&amp;ssl=1 1040w, https:\/\/i1.wp.com\/ifolharegional.com.br\/wp-content\/uploads\/2020\/09\/04.jpg?resize=300%2C169&amp;ssl=1 300w, https:\/\/i1.wp.com\/ifolharegional.com.br\/wp-content\/uploads\/2020\/09\/04.jpg?resize=1024%2C576&amp;ssl=1 1024w, https:\/\/i1.wp.com\/ifolharegional.com.br\/wp-content\/uploads\/2020\/09\/04.jpg?resize=768%2C432&amp;ssl=1 768w\" alt=\"\" width=\"740\" height=\"416\" data-attachment-id=\"24768\" data-permalink=\"https:\/\/ifolharegional.com.br\/2020\/09\/04\/florida-incendio-de-grandes-proporcoes-atinge-canavial\/04-178\/\" data-orig-file=\"https:\/\/i1.wp.com\/ifolharegional.com.br\/wp-content\/uploads\/2020\/09\/04.jpg?fit=1040%2C585&amp;ssl=1\" data-orig-size=\"1040,585\" data-comments-opened=\"0\" data-image-meta=\"{&quot;aperture&quot;:&quot;0&quot;,&quot;credit&quot;:&quot;&quot;,&quot;camera&quot;:&quot;&quot;,&quot;caption&quot;:&quot;&quot;,&quot;created_timestamp&quot;:&quot;0&quot;,&quot;copyright&quot;:&quot;&quot;,&quot;focal_length&quot;:&quot;0&quot;,&quot;iso&quot;:&quot;0&quot;,&quot;shutter_speed&quot;:&quot;0&quot;,&quot;title&quot;:&quot;&quot;,&quot;orientation&quot;:&quot;0&quot;}\" data-image-title=\"04\" data-image-description=\"\" data-medium-file=\"https:\/\/i1.wp.com\/ifolharegional.com.br\/wp-content\/uploads\/2020\/09\/04.jpg?fit=300%2C169&amp;ssl=1\" data-large-file=\"https:\/\/i1.wp.com\/ifolharegional.com.br\/wp-content\/uploads\/2020\/09\/04.jpg?fit=740%2C416&amp;ssl=1\" data-recalc-dims=\"1\" \/><\/a><\/p>\n<p style=\"text-align: justify;\">O alerta \u00e9 para que moradores ou pessoas que necessitem passar pelo local tenham cautela e aguardem que o inc\u00eandio seja cessado.<\/p>\n<p style=\"text-align: justify;\">Ainda n\u00e3o se sabe o tamanho do preju\u00edzo ambiental e financeiro resultantes do inc\u00eandio. Tamb\u00e9m n\u00e3o \u00e9 poss\u00edvel revelar no momento se o fogo foi causado intencionalmente ou por acidente.<\/p>\n<p style=\"text-align: justify;\"><a href=\"https:\/\/i2.wp.com\/ifolharegional.com.br\/wp-content\/uploads\/2020\/09\/01-3.jpg?ssl=1\"><img loading=\"lazy\" decoding=\"async\" class=\"aligncenter wp-image-24769\" src=\"https:\/\/i2.wp.com\/ifolharegional.com.br\/wp-content\/uploads\/2020\/09\/01-3.jpg?resize=616%2C821&amp;ssl=1\" sizes=\"auto, (max-width: 616px) 100vw, 616px\" srcset=\"https:\/\/i2.wp.com\/ifolharegional.com.br\/wp-content\/uploads\/2020\/09\/01-3.jpg?w=960&amp;ssl=1 960w, https:\/\/i2.wp.com\/ifolharegional.com.br\/wp-content\/uploads\/2020\/09\/01-3.jpg?resize=225%2C300&amp;ssl=1 225w, https:\/\/i2.wp.com\/ifolharegional.com.br\/wp-content\/uploads\/2020\/09\/01-3.jpg?resize=768%2C1024&amp;ssl=1 768w\" alt=\"\" width=\"616\" height=\"821\" data-attachment-id=\"24769\" data-permalink=\"https:\/\/ifolharegional.com.br\/2020\/09\/04\/florida-incendio-de-grandes-proporcoes-atinge-canavial\/01-293\/\" data-orig-file=\"https:\/\/i2.wp.com\/ifolharegional.com.br\/wp-content\/uploads\/2020\/09\/01-3.jpg?fit=960%2C1280&amp;ssl=1\" data-orig-size=\"960,1280\" data-comments-opened=\"0\" data-image-meta=\"{&quot;aperture&quot;:&quot;0&quot;,&quot;credit&quot;:&quot;&quot;,&quot;camera&quot;:&quot;&quot;,&quot;caption&quot;:&quot;&quot;,&quot;created_timestamp&quot;:&quot;0&quot;,&quot;copyright&quot;:&quot;&quot;,&quot;focal_length&quot;:&quot;0&quot;,&quot;iso&quot;:&quot;0&quot;,&quot;shutter_speed&quot;:&quot;0&quot;,&quot;title&quot;:&quot;&quot;,&quot;orientation&quot;:&quot;0&quot;}\" data-image-title=\"01\" data-image-description=\"\" data-medium-file=\"https:\/\/i2.wp.com\/ifolharegional.com.br\/wp-content\/uploads\/2020\/09\/01-3.jpg?fit=225%2C300&amp;ssl=1\" data-large-file=\"https:\/\/i2.wp.com\/ifolharegional.com.br\/wp-content\/uploads\/2020\/09\/01-3.jpg?fit=740%2C987&amp;ssl=1\" data-recalc-dims=\"1\" \/><\/a>Fonte: Folha Regional<\/p>\n<p style=\"text-align: justify;\">Fotos: Diego Fernandes &#8211;<\/p>\n","protected":false},"excerpt":{"rendered":"<p>Um inc\u00eandio de grandes propor\u00e7\u00f5es foi combatido ontem,\u00a0 em um canavial na estrada rural que liga ao \u201cBairro Boton\u201d em Fl\u00f3rida Paulista. Profissionais de uma usina atuam no combate \u00e0s chamas utilizando caminh\u00f5es tanque e outros equipamentos. A Prefeitura de Fl\u00f3rida Paulista enviou um caminh\u00e3o para auxiliar nos trabalhos. O alerta \u00e9 para que moradores [&hellip;]<\/p>\n","protected":false},"author":1,"featured_media":34176,"comment_status":"closed","ping_status":"open","sticky":false,"template":"","format":"standard","meta":{"footnotes":""},"categories":[176,110],"tags":[],"class_list":["post-34175","post","type-post","status-publish","format-standard","has-post-thumbnail","hentry","category-meioambienteeagricultura","category-noticiasdestaque"],"_links":{"self":[{"href":"https:\/\/jorgezanoni.com.br\/2019\/wp-json\/wp\/v2\/posts\/34175","targetHints":{"allow":["GET"]}}],"collection":[{"href":"https:\/\/jorgezanoni.com.br\/2019\/wp-json\/wp\/v2\/posts"}],"about":[{"href":"https:\/\/jorgezanoni.com.br\/2019\/wp-json\/wp\/v2\/types\/post"}],"author":[{"embeddable":true,"href":"https:\/\/jorgezanoni.com.br\/2019\/wp-json\/wp\/v2\/users\/1"}],"replies":[{"embeddable":true,"href":"https:\/\/jorgezanoni.com.br\/2019\/wp-json\/wp\/v2\/comments?post=34175"}],"version-history":[{"count":0,"href":"https:\/\/jorgezanoni.com.br\/2019\/wp-json\/wp\/v2\/posts\/34175\/revisions"}],"wp:featuredmedia":[{"embeddable":true,"href":"https:\/\/jorgezanoni.com.br\/2019\/wp-json\/wp\/v2\/media\/34176"}],"wp:attachment":[{"href":"https:\/\/jorgezanoni.com.br\/2019\/wp-json\/wp\/v2\/media?parent=34175"}],"wp:term":[{"taxonomy":"category","embeddable":true,"href":"https:\/\/jorgezanoni.com.br\/2019\/wp-json\/wp\/v2\/categories?post=34175"},{"taxonomy":"post_tag","embeddable":true,"href":"https:\/\/jorgezanoni.com.br\/2019\/wp-json\/wp\/v2\/tags?post=34175"}],"curies":[{"name":"wp","href":"https:\/\/api.w.org\/{rel}","templated":true}]}}