{"id":34169,"date":"2020-09-05T18:30:21","date_gmt":"2020-09-05T18:30:21","guid":{"rendered":"https:\/\/jorgezanoni.com.br\/2019\/?p=34169"},"modified":"2020-09-05T18:30:21","modified_gmt":"2020-09-05T18:30:21","slug":"adolescente-de-17-anos-morre-afogada-em-corrego","status":"publish","type":"post","link":"https:\/\/jorgezanoni.com.br\/2019\/adolescente-de-17-anos-morre-afogada-em-corrego\/","title":{"rendered":"Adolescente de 17 anos morre afogada em c\u00f3rrego"},"content":{"rendered":"<div class=\"mc-column content-text active-extra-styles active-capital-letter\" data-block-type=\"unstyled\" data-block-weight=\"21\" data-block-id=\"1\">\n<p class=\"content-text__container theme-color-primary-first-letter\" style=\"text-align: justify;\" data-track-category=\"Link no Texto\" data-track-links=\"\">Uma adolescente, Cec\u00edlia Alves dos Santos, de 17 anos, morreu afogada em um c\u00f3rrego, na Vila Ren\u00f3, em Luc\u00e9lia, na tarde desta sexta-feira (4).<\/p>\n<\/div>\n<div class=\"wall protected-content\">\n<div class=\"mc-column content-text active-extra-styles \" style=\"text-align: justify;\" data-block-type=\"unstyled\" data-block-weight=\"44\" data-block-id=\"2\">\n<p class=\"content-text__container \" data-track-category=\"Link no Texto\" data-track-links=\"\">O Corpo de Bombeiros foi acionado para uma ocorr\u00eancia de afogamento, e quando chegaram ao local, a v\u00edtima j\u00e1 havia sido resgatada da \u00e1gua. Conforme a corpora\u00e7\u00e3o, a jovem foi socorrida com parada cardiorrespirat\u00f3ria e levada \u00e0 Santa Casa de Miseric\u00f3rdia da cidade.<\/p>\n<\/div>\n<div class=\"mc-column content-text active-extra-styles \" style=\"text-align: justify;\" data-block-type=\"unstyled\" data-block-weight=\"13\" data-block-id=\"3\">\n<p class=\"content-text__container \" data-track-category=\"Link no Texto\" data-track-links=\"\">Ao dar entrada na unidade de sa\u00fade, o m\u00e9dico constatou o \u00f3bito.<\/p>\n<\/div>\n<div class=\"mc-column content-text active-extra-styles \" data-block-type=\"unstyled\" data-block-weight=\"15\" data-block-id=\"4\">\n<p class=\"content-text__container \" style=\"text-align: justify;\" data-track-category=\"Link no Texto\" data-track-links=\"\">O corpo da adolescente foi sepultado neste s\u00e1bado (5), \u00e0s 11h, no cemit\u00e9rio de Luc\u00e9lia.<\/p>\n<\/div>\n<\/div>\n<p>Fonte: Folha Regional<\/p>\n<p>Foto: Luis Guilherme Costa<\/p>\n","protected":false},"excerpt":{"rendered":"<p>Uma adolescente, Cec\u00edlia Alves dos Santos, de 17 anos, morreu afogada em um c\u00f3rrego, na Vila Ren\u00f3, em Luc\u00e9lia, na tarde desta sexta-feira (4). O Corpo de Bombeiros foi acionado para uma ocorr\u00eancia de afogamento, e quando chegaram ao local, a v\u00edtima j\u00e1 havia sido resgatada da \u00e1gua. Conforme a corpora\u00e7\u00e3o, a jovem foi socorrida [&hellip;]<\/p>\n","protected":false},"author":1,"featured_media":34170,"comment_status":"closed","ping_status":"open","sticky":false,"template":"","format":"standard","meta":{"footnotes":""},"categories":[110,2],"tags":[],"class_list":["post-34169","post","type-post","status-publish","format-standard","has-post-thumbnail","hentry","category-noticiasdestaque","category-policial"],"_links":{"self":[{"href":"https:\/\/jorgezanoni.com.br\/2019\/wp-json\/wp\/v2\/posts\/34169","targetHints":{"allow":["GET"]}}],"collection":[{"href":"https:\/\/jorgezanoni.com.br\/2019\/wp-json\/wp\/v2\/posts"}],"about":[{"href":"https:\/\/jorgezanoni.com.br\/2019\/wp-json\/wp\/v2\/types\/post"}],"author":[{"embeddable":true,"href":"https:\/\/jorgezanoni.com.br\/2019\/wp-json\/wp\/v2\/users\/1"}],"replies":[{"embeddable":true,"href":"https:\/\/jorgezanoni.com.br\/2019\/wp-json\/wp\/v2\/comments?post=34169"}],"version-history":[{"count":0,"href":"https:\/\/jorgezanoni.com.br\/2019\/wp-json\/wp\/v2\/posts\/34169\/revisions"}],"wp:featuredmedia":[{"embeddable":true,"href":"https:\/\/jorgezanoni.com.br\/2019\/wp-json\/wp\/v2\/media\/34170"}],"wp:attachment":[{"href":"https:\/\/jorgezanoni.com.br\/2019\/wp-json\/wp\/v2\/media?parent=34169"}],"wp:term":[{"taxonomy":"category","embeddable":true,"href":"https:\/\/jorgezanoni.com.br\/2019\/wp-json\/wp\/v2\/categories?post=34169"},{"taxonomy":"post_tag","embeddable":true,"href":"https:\/\/jorgezanoni.com.br\/2019\/wp-json\/wp\/v2\/tags?post=34169"}],"curies":[{"name":"wp","href":"https:\/\/api.w.org\/{rel}","templated":true}]}}