{"id":34162,"date":"2020-09-05T17:13:35","date_gmt":"2020-09-05T17:13:35","guid":{"rendered":"https:\/\/jorgezanoni.com.br\/2019\/?p=34162"},"modified":"2020-09-05T17:13:35","modified_gmt":"2020-09-05T17:13:35","slug":"fogo-em-vegetacao-gera-multas-de-mais-de-r-130-mil-em-martinopolis-e-tupi-paulista","status":"publish","type":"post","link":"https:\/\/jorgezanoni.com.br\/2019\/fogo-em-vegetacao-gera-multas-de-mais-de-r-130-mil-em-martinopolis-e-tupi-paulista\/","title":{"rendered":"Fogo em vegeta\u00e7\u00e3o gera multas de mais de R$ 130 mil em Martin\u00f3polis e Tupi Paulista"},"content":{"rendered":"<h2 class=\"content-head__subtitle\" style=\"text-align: justify;\"><strong>Pol\u00edcia Militar Ambiental constatou infra\u00e7\u00f5es e autua\u00e7\u00f5es totalizaram R$ 133 mil.<\/strong><\/h2>\n<div class=\"mc-column content-text active-extra-styles \" data-block-type=\"unstyled\" data-block-weight=\"30\" data-block-id=\"2\">\n<p class=\"content-text__container \" style=\"text-align: justify;\" data-track-category=\"Link no Texto\" data-track-links=\"\">A Pol\u00edcia Militar Ambiental atendeu nesta sexta-feira (5) diversas ocorr\u00eancias de fogo em vegeta\u00e7\u00e3o, em\u00a0<a href=\"https:\/\/g1.globo.com\/sp\/presidente-prudente-regiao\/cidade\/martinopolis-sp\/\">Martin\u00f3polis<\/a>\u00a0e\u00a0<a href=\"https:\/\/g1.globo.com\/sp\/presidente-prudente-regiao\/cidade\/tupi-paulista\/\">Tupi Paulista<\/a>, que resultaram em multas de mais de R$ 130 mil.<\/p>\n<\/div>\n<div class=\"wall protected-content\">\n<div class=\"mc-column content-text active-extra-styles \" style=\"text-align: justify;\" data-block-type=\"unstyled\" data-block-weight=\"15\" data-block-id=\"3\">\n<p class=\"content-text__container \" data-track-category=\"Link no Texto\" data-track-links=\"\">Em Martin\u00f3polis, a equipe foi at\u00e9 uma propriedade rural e constatou tr\u00eas crimes ambientais.<\/p>\n<\/div>\n<div class=\"mc-column content-text active-extra-styles \" style=\"text-align: justify;\" data-block-type=\"unstyled\" data-block-weight=\"74\" data-block-id=\"4\">\n<p class=\"content-text__container \" data-track-category=\"Link no Texto\" data-track-links=\"\">Foram lavrados tr\u00eas autos de infra\u00e7\u00e3o, sendo um por danificar 0,16 hectares de vegeta\u00e7\u00e3o nativa em est\u00e1gio m\u00e9dio em \u00e1rea objeto especial de preserva\u00e7\u00e3o, gerando uma multa de R$ 7.980,00. O outro foi por fazer uso de fogo em 8,81 hectares de \u00e1rea agropastoril, com multa de R$ 8.810,00, e o terceiro foi por danificar qualquer tipo de vegeta\u00e7\u00e3o nativa atingindo uma \u00e1rea de 0,15 hectares, gerando multa no valor de R$ 1.140,00.<\/p>\n<\/div>\n<div class=\"mc-column content-text active-extra-styles \" style=\"text-align: justify;\" data-block-type=\"unstyled\" data-block-weight=\"8\" data-block-id=\"5\">\n<p class=\"content-text__container \" data-track-category=\"Link no Texto\" data-track-links=\"\">As tr\u00eas autua\u00e7\u00f5es chegaram a R$ 17.930,00.<\/p>\n<\/div>\n<div class=\"mc-column content-text active-extra-styles \" style=\"text-align: justify;\" data-block-type=\"unstyled\" data-block-weight=\"45\" data-block-id=\"6\">\n<p class=\"content-text__container \" data-track-category=\"Link no Texto\" data-track-links=\"\">J\u00e1 em Tupi Paulista, durante a Opera\u00e7\u00e3o Corta Fogo, uma equipe vistoriou uma fazenda alvo de queimada em canavial existente pelo local. O inc\u00eandio foi gerado pela queima de fogos de artif\u00edcios de uma festa que se realizava na \u00e1rea de lazer da propriedade.<\/p>\n<\/div>\n<div class=\"mc-column content-text active-extra-styles \" style=\"text-align: justify;\" data-block-type=\"unstyled\" data-block-weight=\"41\" data-block-id=\"7\">\n<p class=\"content-text__container \" data-track-category=\"Link no Texto\" data-track-links=\"\">O fogo se alastrou e queimou 36,10 hectares de palha de cana de a\u00e7\u00facar em \u00e1rea agropastoril. Duas pessoas foram responsabilizadas pela queima dos fogos, sendo confeccionados dois autos de infra\u00e7\u00e3o ambiental, no valor de R$ 36.100,00 cada, totalizando R$ 72.200,00.<\/p>\n<\/div>\n<div class=\"row medium-uncollapsed content-media content-photo\" style=\"text-align: justify;\" data-block-type=\"backstage-photo\" data-block-id=\"9\">\n<div class=\"mc-column content-media__container\">\n<figure><img decoding=\"async\" class=\"i-amphtml-fill-content i-amphtml-replaced-content\" src=\"https:\/\/s2.glbimg.com\/CmO1jm4Cxr-5RwTV5fSFDjncphk=\/0x0:1280x960\/984x0\/smart\/filters:strip_icc()\/i.s3.glbimg.com\/v1\/AUTH_59edd422c0c84a879bd37670ae4f538a\/internal_photos\/bs\/2020\/J\/S\/8MJYLMSk6ZiPlU4js18A\/whatsapp-image-2020-09-04-at-18.26.33.jpeg\" sizes=\"(max-width: 1366px) 648px, 100vw\" srcset=\"https:\/\/s2.glbimg.com\/rELJtRJP7ueiFLtKVEUe2Y5Us2A=\/0x0:1280x960\/1000x0\/smart\/filters:strip_icc()\/i.s3.glbimg.com\/v1\/AUTH_59edd422c0c84a879bd37670ae4f538a\/internal_photos\/bs\/2020\/J\/S\/8MJYLMSk6ZiPlU4js18A\/whatsapp-image-2020-09-04-at-18.26.33.jpeg 1000w, https:\/\/s2.glbimg.com\/CmO1jm4Cxr-5RwTV5fSFDjncphk=\/0x0:1280x960\/984x0\/smart\/filters:strip_icc()\/i.s3.glbimg.com\/v1\/AUTH_59edd422c0c84a879bd37670ae4f538a\/internal_photos\/bs\/2020\/J\/S\/8MJYLMSk6ZiPlU4js18A\/whatsapp-image-2020-09-04-at-18.26.33.jpeg 984w, https:\/\/s2.glbimg.com\/u5rd-5EPo_YuhuRXmt3RcogwVXw=\/0x0:1280x960\/640x0\/smart\/filters:strip_icc()\/i.s3.glbimg.com\/v1\/AUTH_59edd422c0c84a879bd37670ae4f538a\/internal_photos\/bs\/2020\/J\/S\/8MJYLMSk6ZiPlU4js18A\/whatsapp-image-2020-09-04-at-18.26.33.jpeg 640w, https:\/\/s2.glbimg.com\/A2BLrgq_ndHudW0NUEk5qen4_L0=\/0x0:1280x960\/600x0\/smart\/filters:strip_icc()\/i.s3.glbimg.com\/v1\/AUTH_59edd422c0c84a879bd37670ae4f538a\/internal_photos\/bs\/2020\/J\/S\/8MJYLMSk6ZiPlU4js18A\/whatsapp-image-2020-09-04-at-18.26.33.jpeg 600w\" alt=\"Pol\u00edcia Ambiental aplica multas no Oeste Paulista devido ao uso de fogo \u2014 Foto: Pol\u00edcia Ambiental \" \/><\/figure>\n<p class=\"content-media__description \">Pol\u00edcia Ambiental aplica multas no Oeste Paulista devido ao uso de fogo \u2014 Foto: Pol\u00edcia Ambiental<\/p>\n<\/div>\n<\/div>\n<div class=\"mc-column content-text active-extra-styles \" style=\"text-align: justify;\" data-block-type=\"unstyled\" data-block-weight=\"53\" data-block-id=\"10\">\n<p class=\"content-text__container \" data-track-category=\"Link no Texto\" data-track-links=\"\">Tamb\u00e9m na mesma \u00e1rea, devido ao inc\u00eandio descontrolado, foram queimadas 26 \u00e1rvores nativas que estavam em meio ao canavial, sendo confeccionados mais dois autos de infra\u00e7\u00e3o ambiental, no valor de R$ 11.700,00 cada, por explorar mediante fogo qualquer tipo de vegeta\u00e7\u00e3o nativa em \u00e1rea comum. Total dessas autua\u00e7\u00f5es foi de R$ 23.400,00.<\/p>\n<\/div>\n<div class=\"mc-column content-text active-extra-styles \" style=\"text-align: justify;\" data-block-type=\"unstyled\" data-block-weight=\"30\" data-block-id=\"11\">\n<p class=\"content-text__container \" data-track-category=\"Link no Texto\" data-track-links=\"\">Em um s\u00edtio, tamb\u00e9m em Tupi Paulista, a Pol\u00edcia Ambiental ainda constatou a queimada oriunda de canavial da propriedade vizinha, que tamb\u00e9m foi causada pela queima de fogos de artif\u00edcios.<\/p>\n<\/div>\n<div class=\"mc-column content-text active-extra-styles \" style=\"text-align: justify;\" data-block-type=\"unstyled\" data-block-weight=\"9\" data-block-id=\"12\">\n<p class=\"content-text__container \" data-track-category=\"Link no Texto\" data-track-links=\"\">O fogo se alastrou e queimou uma mata.<\/p>\n<\/div>\n<div class=\"mc-column content-text active-extra-styles \" style=\"text-align: justify;\" data-block-type=\"unstyled\" data-block-weight=\"43\" data-block-id=\"13\">\n<p class=\"content-text__container \" data-track-category=\"Link no Texto\" data-track-links=\"\">As duas pessoas que soltaram os fogos de artif\u00edcio tamb\u00e9m foram responsabilizadas pela em 1,18 hectares de vegeta\u00e7\u00e3o nativa em est\u00e1gio inicial de regenera\u00e7\u00e3o, sendo confeccionados mais dois autos de infra\u00e7\u00e3o ambiental no valor de R$ 9.735,00 cada, totalizando R$ 19.470,00.<\/p>\n<\/div>\n<div class=\"mc-column content-text active-extra-styles \" style=\"text-align: justify;\" data-block-type=\"unstyled\" data-block-weight=\"10\" data-block-id=\"14\">\n<p class=\"content-text__container \" data-track-category=\"Link no Texto\" data-track-links=\"\">Ao todo, as autua\u00e7\u00f5es aplicadas totalizaram multa de R$ 133.000,00.<\/p>\n<\/div>\n<div class=\"row medium-uncollapsed content-media content-photo\" style=\"text-align: justify;\" data-block-type=\"backstage-photo\" data-block-id=\"15\">\n<div class=\"mc-column content-media__container\">\n<figure><img decoding=\"async\" class=\"i-amphtml-fill-content i-amphtml-replaced-content\" src=\"https:\/\/s2.glbimg.com\/8tfm88DQ30iHrwtw4TCVXxczzVM=\/0x0:1280x960\/984x0\/smart\/filters:strip_icc()\/i.s3.glbimg.com\/v1\/AUTH_59edd422c0c84a879bd37670ae4f538a\/internal_photos\/bs\/2020\/c\/3\/sft98tRBSzL6l9B4jlsQ\/whatsapp-image-2020-09-04-at-18.26.30-2-.jpeg\" sizes=\"(max-width: 1366px) 648px, 100vw\" srcset=\"https:\/\/s2.glbimg.com\/aFFEDR1M-bCF2TfQqSXNMP8J6L4=\/0x0:1280x960\/1000x0\/smart\/filters:strip_icc()\/i.s3.glbimg.com\/v1\/AUTH_59edd422c0c84a879bd37670ae4f538a\/internal_photos\/bs\/2020\/c\/3\/sft98tRBSzL6l9B4jlsQ\/whatsapp-image-2020-09-04-at-18.26.30-2-.jpeg 1000w, https:\/\/s2.glbimg.com\/8tfm88DQ30iHrwtw4TCVXxczzVM=\/0x0:1280x960\/984x0\/smart\/filters:strip_icc()\/i.s3.glbimg.com\/v1\/AUTH_59edd422c0c84a879bd37670ae4f538a\/internal_photos\/bs\/2020\/c\/3\/sft98tRBSzL6l9B4jlsQ\/whatsapp-image-2020-09-04-at-18.26.30-2-.jpeg 984w, https:\/\/s2.glbimg.com\/gKUzmkOLslXdn9m8L-Zr8zBaGYc=\/0x0:1280x960\/640x0\/smart\/filters:strip_icc()\/i.s3.glbimg.com\/v1\/AUTH_59edd422c0c84a879bd37670ae4f538a\/internal_photos\/bs\/2020\/c\/3\/sft98tRBSzL6l9B4jlsQ\/whatsapp-image-2020-09-04-at-18.26.30-2-.jpeg 640w, https:\/\/s2.glbimg.com\/nfbgF2hqHgN95W2GgYbxm9Kp6aY=\/0x0:1280x960\/600x0\/smart\/filters:strip_icc()\/i.s3.glbimg.com\/v1\/AUTH_59edd422c0c84a879bd37670ae4f538a\/internal_photos\/bs\/2020\/c\/3\/sft98tRBSzL6l9B4jlsQ\/whatsapp-image-2020-09-04-at-18.26.30-2-.jpeg 600w\" alt=\"Pol\u00edcia Ambiental aplica multas no Oeste Paulista devido ao uso de fogo \u2014 Foto: Pol\u00edcia Ambiental \" \/><\/figure>\n<p class=\"content-media__description \">Pol\u00edcia Ambiental aplica multas no Oeste Paulista devido ao uso de fogo \u2014 Foto: Pol\u00edcia Ambiental<\/p>\n<\/div>\n<\/div>\n<div class=\"row medium-uncollapsed content-media content-photo\" style=\"text-align: justify;\" data-block-type=\"backstage-photo\" data-block-id=\"17\">\n<div class=\"mc-column content-media__container\">\n<figure><img decoding=\"async\" class=\"i-amphtml-fill-content i-amphtml-replaced-content\" src=\"https:\/\/s2.glbimg.com\/LZswjItHrf1vfUjb9c63A7M6X9w=\/0x0:1280x960\/984x0\/smart\/filters:strip_icc()\/i.s3.glbimg.com\/v1\/AUTH_59edd422c0c84a879bd37670ae4f538a\/internal_photos\/bs\/2020\/l\/7\/xizqjsQXiOuntoA6pbSA\/whatsapp-image-2020-09-04-at-18.26.30-1-.jpeg\" sizes=\"(max-width: 1366px) 648px, 100vw\" srcset=\"https:\/\/s2.glbimg.com\/pm6A_aijk9CKm_miJqRLUsO9ay8=\/0x0:1280x960\/1000x0\/smart\/filters:strip_icc()\/i.s3.glbimg.com\/v1\/AUTH_59edd422c0c84a879bd37670ae4f538a\/internal_photos\/bs\/2020\/l\/7\/xizqjsQXiOuntoA6pbSA\/whatsapp-image-2020-09-04-at-18.26.30-1-.jpeg 1000w, https:\/\/s2.glbimg.com\/LZswjItHrf1vfUjb9c63A7M6X9w=\/0x0:1280x960\/984x0\/smart\/filters:strip_icc()\/i.s3.glbimg.com\/v1\/AUTH_59edd422c0c84a879bd37670ae4f538a\/internal_photos\/bs\/2020\/l\/7\/xizqjsQXiOuntoA6pbSA\/whatsapp-image-2020-09-04-at-18.26.30-1-.jpeg 984w, https:\/\/s2.glbimg.com\/3AN1VWXxSVpU1P5zRwChed8Le5Q=\/0x0:1280x960\/640x0\/smart\/filters:strip_icc()\/i.s3.glbimg.com\/v1\/AUTH_59edd422c0c84a879bd37670ae4f538a\/internal_photos\/bs\/2020\/l\/7\/xizqjsQXiOuntoA6pbSA\/whatsapp-image-2020-09-04-at-18.26.30-1-.jpeg 640w, https:\/\/s2.glbimg.com\/PEp95Bj_USdrwM-k1MnbAsmIi_s=\/0x0:1280x960\/600x0\/smart\/filters:strip_icc()\/i.s3.glbimg.com\/v1\/AUTH_59edd422c0c84a879bd37670ae4f538a\/internal_photos\/bs\/2020\/l\/7\/xizqjsQXiOuntoA6pbSA\/whatsapp-image-2020-09-04-at-18.26.30-1-.jpeg 600w\" alt=\"Pol\u00edcia Ambiental aplica multas no Oeste Paulista devido ao uso de fogo \u2014 Foto: Pol\u00edcia Ambiental \" \/><\/figure>\n<p class=\"content-media__description \">Pol\u00edcia Ambiental aplica multas no Oeste Paulista devido ao uso de fogo \u2014 Foto: Pol\u00edcia Ambiental<\/p>\n<\/div>\n<\/div>\n<div class=\"row medium-uncollapsed content-media content-photo\" style=\"text-align: justify;\" data-block-type=\"backstage-photo\" data-block-id=\"18\">\n<div class=\"mc-column content-media__container\">\n<figure><img decoding=\"async\" class=\"i-amphtml-fill-content i-amphtml-replaced-content\" src=\"https:\/\/s2.glbimg.com\/GVWCc8Gv-f7aikzs8tV1MnjcBhc=\/0x0:1280x960\/984x0\/smart\/filters:strip_icc()\/i.s3.glbimg.com\/v1\/AUTH_59edd422c0c84a879bd37670ae4f538a\/internal_photos\/bs\/2020\/D\/h\/7SB9DWQfuV9DeRQSlsbA\/whatsapp-image-2020-09-04-at-18.26.29.jpeg\" sizes=\"(max-width: 1366px) 648px, 100vw\" srcset=\"https:\/\/s2.glbimg.com\/2WD0FWTE2cCKsg9E1hWZB1fq8lE=\/0x0:1280x960\/1000x0\/smart\/filters:strip_icc()\/i.s3.glbimg.com\/v1\/AUTH_59edd422c0c84a879bd37670ae4f538a\/internal_photos\/bs\/2020\/D\/h\/7SB9DWQfuV9DeRQSlsbA\/whatsapp-image-2020-09-04-at-18.26.29.jpeg 1000w, https:\/\/s2.glbimg.com\/GVWCc8Gv-f7aikzs8tV1MnjcBhc=\/0x0:1280x960\/984x0\/smart\/filters:strip_icc()\/i.s3.glbimg.com\/v1\/AUTH_59edd422c0c84a879bd37670ae4f538a\/internal_photos\/bs\/2020\/D\/h\/7SB9DWQfuV9DeRQSlsbA\/whatsapp-image-2020-09-04-at-18.26.29.jpeg 984w, https:\/\/s2.glbimg.com\/llldTPQGRSNDlrW5tGtVuCcECrw=\/0x0:1280x960\/640x0\/smart\/filters:strip_icc()\/i.s3.glbimg.com\/v1\/AUTH_59edd422c0c84a879bd37670ae4f538a\/internal_photos\/bs\/2020\/D\/h\/7SB9DWQfuV9DeRQSlsbA\/whatsapp-image-2020-09-04-at-18.26.29.jpeg 640w, https:\/\/s2.glbimg.com\/GltmbvXIP3XncoUj3vP-sG7MiPw=\/0x0:1280x960\/600x0\/smart\/filters:strip_icc()\/i.s3.glbimg.com\/v1\/AUTH_59edd422c0c84a879bd37670ae4f538a\/internal_photos\/bs\/2020\/D\/h\/7SB9DWQfuV9DeRQSlsbA\/whatsapp-image-2020-09-04-at-18.26.29.jpeg 600w\" alt=\"Pol\u00edcia Ambiental aplica multas no Oeste Paulista devido ao uso de fogo \u2014 Foto: Pol\u00edcia Ambiental \" \/><\/figure>\n<p class=\"content-media__description \">Pol\u00edcia Ambiental aplica multas no Oeste Paulista devido ao uso de fogo \u2014 Foto: Pol\u00edcia Ambiental<\/p>\n<\/div>\n<\/div>\n<div class=\"row medium-uncollapsed content-media content-photo\" data-block-type=\"backstage-photo\" data-block-id=\"19\">\n<div class=\"mc-column content-media__container\">\n<figure style=\"text-align: justify;\"><img decoding=\"async\" class=\"i-amphtml-fill-content i-amphtml-replaced-content\" src=\"https:\/\/s2.glbimg.com\/bAXy5osF_MgobjcPCQX1MwtWvhA=\/0x0:1280x960\/984x0\/smart\/filters:strip_icc()\/i.s3.glbimg.com\/v1\/AUTH_59edd422c0c84a879bd37670ae4f538a\/internal_photos\/bs\/2020\/I\/B\/QDVEwdRjeKhHmzyMm2cA\/whatsapp-image-2020-09-04-at-18.26.27.jpeg\" sizes=\"(max-width: 1366px) 648px, 100vw\" srcset=\"https:\/\/s2.glbimg.com\/pjoW5ZKlqj6cKjzo_YqVx6c8Exs=\/0x0:1280x960\/1000x0\/smart\/filters:strip_icc()\/i.s3.glbimg.com\/v1\/AUTH_59edd422c0c84a879bd37670ae4f538a\/internal_photos\/bs\/2020\/I\/B\/QDVEwdRjeKhHmzyMm2cA\/whatsapp-image-2020-09-04-at-18.26.27.jpeg 1000w, https:\/\/s2.glbimg.com\/bAXy5osF_MgobjcPCQX1MwtWvhA=\/0x0:1280x960\/984x0\/smart\/filters:strip_icc()\/i.s3.glbimg.com\/v1\/AUTH_59edd422c0c84a879bd37670ae4f538a\/internal_photos\/bs\/2020\/I\/B\/QDVEwdRjeKhHmzyMm2cA\/whatsapp-image-2020-09-04-at-18.26.27.jpeg 984w, https:\/\/s2.glbimg.com\/CjeWqfiej2gqzRPW_O_IAVTc1R8=\/0x0:1280x960\/640x0\/smart\/filters:strip_icc()\/i.s3.glbimg.com\/v1\/AUTH_59edd422c0c84a879bd37670ae4f538a\/internal_photos\/bs\/2020\/I\/B\/QDVEwdRjeKhHmzyMm2cA\/whatsapp-image-2020-09-04-at-18.26.27.jpeg 640w, https:\/\/s2.glbimg.com\/YSabTKWzAT1I4UX-jVhprXzzSM0=\/0x0:1280x960\/600x0\/smart\/filters:strip_icc()\/i.s3.glbimg.com\/v1\/AUTH_59edd422c0c84a879bd37670ae4f538a\/internal_photos\/bs\/2020\/I\/B\/QDVEwdRjeKhHmzyMm2cA\/whatsapp-image-2020-09-04-at-18.26.27.jpeg 600w\" alt=\"Pol\u00edcia Ambiental aplica multas no Oeste Paulista devido ao uso de fogo \u2014 Foto: Pol\u00edcia Ambiental \" \/><\/figure>\n<p class=\"content-media__description \" style=\"text-align: justify;\">Pol\u00edcia Ambiental aplica multas no Oeste Paulista devido ao uso de fogo \u2014 Foto: Pol\u00edcia Ambiental<\/p>\n<p style=\"text-align: justify;\">Fonte: G1 e PMA.<\/p>\n<\/div>\n<\/div>\n<\/div>\n","protected":false},"excerpt":{"rendered":"<p>Pol\u00edcia Militar Ambiental constatou infra\u00e7\u00f5es e autua\u00e7\u00f5es totalizaram R$ 133 mil. A Pol\u00edcia Militar Ambiental atendeu nesta sexta-feira (5) diversas ocorr\u00eancias de fogo em vegeta\u00e7\u00e3o, em\u00a0Martin\u00f3polis\u00a0e\u00a0Tupi Paulista, que resultaram em multas de mais de R$ 130 mil. Em Martin\u00f3polis, a equipe foi at\u00e9 uma propriedade rural e constatou tr\u00eas crimes ambientais. Foram lavrados tr\u00eas autos [&hellip;]<\/p>\n","protected":false},"author":1,"featured_media":34163,"comment_status":"closed","ping_status":"open","sticky":false,"template":"","format":"standard","meta":{"footnotes":""},"categories":[176,110],"tags":[],"class_list":["post-34162","post","type-post","status-publish","format-standard","has-post-thumbnail","hentry","category-meioambienteeagricultura","category-noticiasdestaque"],"_links":{"self":[{"href":"https:\/\/jorgezanoni.com.br\/2019\/wp-json\/wp\/v2\/posts\/34162","targetHints":{"allow":["GET"]}}],"collection":[{"href":"https:\/\/jorgezanoni.com.br\/2019\/wp-json\/wp\/v2\/posts"}],"about":[{"href":"https:\/\/jorgezanoni.com.br\/2019\/wp-json\/wp\/v2\/types\/post"}],"author":[{"embeddable":true,"href":"https:\/\/jorgezanoni.com.br\/2019\/wp-json\/wp\/v2\/users\/1"}],"replies":[{"embeddable":true,"href":"https:\/\/jorgezanoni.com.br\/2019\/wp-json\/wp\/v2\/comments?post=34162"}],"version-history":[{"count":0,"href":"https:\/\/jorgezanoni.com.br\/2019\/wp-json\/wp\/v2\/posts\/34162\/revisions"}],"wp:featuredmedia":[{"embeddable":true,"href":"https:\/\/jorgezanoni.com.br\/2019\/wp-json\/wp\/v2\/media\/34163"}],"wp:attachment":[{"href":"https:\/\/jorgezanoni.com.br\/2019\/wp-json\/wp\/v2\/media?parent=34162"}],"wp:term":[{"taxonomy":"category","embeddable":true,"href":"https:\/\/jorgezanoni.com.br\/2019\/wp-json\/wp\/v2\/categories?post=34162"},{"taxonomy":"post_tag","embeddable":true,"href":"https:\/\/jorgezanoni.com.br\/2019\/wp-json\/wp\/v2\/tags?post=34162"}],"curies":[{"name":"wp","href":"https:\/\/api.w.org\/{rel}","templated":true}]}}