{"id":34125,"date":"2020-09-04T16:37:11","date_gmt":"2020-09-04T16:37:11","guid":{"rendered":"https:\/\/jorgezanoni.com.br\/2019\/?p=34125"},"modified":"2020-09-04T16:37:11","modified_gmt":"2020-09-04T16:37:11","slug":"apos-90-dias-na-fase-laranja-doria-classifica-regiao-como-amarela-e-autoriza-reabertura-de-bares-restaurantes-e-academia","status":"publish","type":"post","link":"https:\/\/jorgezanoni.com.br\/2019\/apos-90-dias-na-fase-laranja-doria-classifica-regiao-como-amarela-e-autoriza-reabertura-de-bares-restaurantes-e-academia\/","title":{"rendered":"Ap\u00f3s 90 dias na fase laranja, Doria classifica regi\u00e3o como amarela e autoriza reabertura de bares, restaurantes e academia"},"content":{"rendered":"<p style=\"text-align: justify;\">Na coletiva de imprensa desta sexta-feira (04) o\u00a0Governo do Estado de S\u00e3o Paulo anunciou altera\u00e7\u00f5es para o\u00a0Plano S\u00e3o Paulo. Os 56 munic\u00edpios que integram os DRSs (Departamentos Regionais\u00a0de Sa\u00fade) da regi\u00e3o est\u00e3o inseridos na fase amarela do Plano SP. Com isso, os departamentos de Mar\u00edlia e Presidente Prudente, que contemplam os munic\u00edpios da regi\u00e3o, poder\u00e3o operar na fase amarela a partir da pr\u00f3xima segunda-feira.<\/p>\n<p style=\"text-align: justify;\">A regi\u00e3o estava na fase laranja desde o dia 10 de junho, o que gerou descontentamento de lideran\u00e7as pol\u00edticas regionais com os crit\u00e9rios adotados pelo governador Jo\u00e3o Doria.<\/p>\n<p style=\"text-align: justify;\">Com a reclassifica\u00e7\u00e3o anunciada nesta sexta-feira, poder\u00e3o reabrir bares, restaurantes e sal\u00f5es de beleza com 40% da capacidade, al\u00e9m de academias com 30% de vagas e expediente limitado a seis horas por dia. A perman\u00eancia por 28 dias seguidos na fase amarela tamb\u00e9m permite a reabertura, com limita\u00e7\u00f5es, de espa\u00e7os culturais como museus, bibliotecas, cinemas, teatros e salas de espet\u00e1culos.<\/p>\n<p style=\"text-align: justify;\">\u00c9 importante lembrar que as atualiza\u00e7\u00f5es oficiais\u00a0do Plano S\u00e3o Paulo ocorrem a cada duas semanas. Sendo assim, a previs\u00e3o de que os cen\u00e1rios mudem est\u00e1 para o dia 18 de setembro. Durante as semanas que intercalam esses per\u00edodos, existe a possibilidade de altera\u00e7\u00f5es, \u201cmas somente em casos extraordin\u00e1rios\u201d, como reafirma o Estado.<\/p>\n<p style=\"text-align: justify;\">Fonte: Governo do Estado<\/p>\n","protected":false},"excerpt":{"rendered":"<p>Na coletiva de imprensa desta sexta-feira (04) o\u00a0Governo do Estado de S\u00e3o Paulo anunciou altera\u00e7\u00f5es para o\u00a0Plano S\u00e3o Paulo. Os 56 munic\u00edpios que integram os DRSs (Departamentos Regionais\u00a0de Sa\u00fade) da regi\u00e3o est\u00e3o inseridos na fase amarela do Plano SP. Com isso, os departamentos de Mar\u00edlia e Presidente Prudente, que contemplam os munic\u00edpios da regi\u00e3o, poder\u00e3o [&hellip;]<\/p>\n","protected":false},"author":1,"featured_media":34126,"comment_status":"closed","ping_status":"open","sticky":false,"template":"","format":"standard","meta":{"footnotes":""},"categories":[110,116],"tags":[],"class_list":["post-34125","post","type-post","status-publish","format-standard","has-post-thumbnail","hentry","category-noticiasdestaque","category-politicaeeconomia"],"_links":{"self":[{"href":"https:\/\/jorgezanoni.com.br\/2019\/wp-json\/wp\/v2\/posts\/34125","targetHints":{"allow":["GET"]}}],"collection":[{"href":"https:\/\/jorgezanoni.com.br\/2019\/wp-json\/wp\/v2\/posts"}],"about":[{"href":"https:\/\/jorgezanoni.com.br\/2019\/wp-json\/wp\/v2\/types\/post"}],"author":[{"embeddable":true,"href":"https:\/\/jorgezanoni.com.br\/2019\/wp-json\/wp\/v2\/users\/1"}],"replies":[{"embeddable":true,"href":"https:\/\/jorgezanoni.com.br\/2019\/wp-json\/wp\/v2\/comments?post=34125"}],"version-history":[{"count":0,"href":"https:\/\/jorgezanoni.com.br\/2019\/wp-json\/wp\/v2\/posts\/34125\/revisions"}],"wp:featuredmedia":[{"embeddable":true,"href":"https:\/\/jorgezanoni.com.br\/2019\/wp-json\/wp\/v2\/media\/34126"}],"wp:attachment":[{"href":"https:\/\/jorgezanoni.com.br\/2019\/wp-json\/wp\/v2\/media?parent=34125"}],"wp:term":[{"taxonomy":"category","embeddable":true,"href":"https:\/\/jorgezanoni.com.br\/2019\/wp-json\/wp\/v2\/categories?post=34125"},{"taxonomy":"post_tag","embeddable":true,"href":"https:\/\/jorgezanoni.com.br\/2019\/wp-json\/wp\/v2\/tags?post=34125"}],"curies":[{"name":"wp","href":"https:\/\/api.w.org\/{rel}","templated":true}]}}