{"id":34083,"date":"2020-09-04T00:18:15","date_gmt":"2020-09-04T00:18:15","guid":{"rendered":"https:\/\/jorgezanoni.com.br\/2019\/?p=34083"},"modified":"2020-09-04T00:48:16","modified_gmt":"2020-09-04T00:48:16","slug":"dracenenses-registraram-passagem-de-satelites-na-noite-de-hoje","status":"publish","type":"post","link":"https:\/\/jorgezanoni.com.br\/2019\/dracenenses-registraram-passagem-de-satelites-na-noite-de-hoje\/","title":{"rendered":"Dracenenses registraram passagem de Sat\u00e9lites na noite de hoje"},"content":{"rendered":"<p style=\"text-align: justify;\">Duas Internautas registraram a passagem de Sat\u00e9lites no C\u00e9u de Dracena na noite desta quinta-feira, por volta se 19:35 Horas.<\/p>\n<p>Moradores de Junqueir\u00f3polis tamb\u00e9m registraram o fato.<\/p>\n<p style=\"text-align: justify;\">Segundo nos informaram o sentindo que faziam era Santa Casa ao centro da cidade.<\/p>\n<p><img loading=\"lazy\" decoding=\"async\" class=\"alignnone size-full wp-image-34084\" src=\"https:\/\/jorgezanoni.com.br\/2019\/wp-content\/uploads\/2020\/09\/Satelite.jpg\" alt=\"\" width=\"1280\" height=\"960\" srcset=\"https:\/\/jorgezanoni.com.br\/2019\/wp-content\/uploads\/2020\/09\/Satelite.jpg 1280w, https:\/\/jorgezanoni.com.br\/2019\/wp-content\/uploads\/2020\/09\/Satelite-300x225.jpg 300w, https:\/\/jorgezanoni.com.br\/2019\/wp-content\/uploads\/2020\/09\/Satelite-1024x768.jpg 1024w, https:\/\/jorgezanoni.com.br\/2019\/wp-content\/uploads\/2020\/09\/Satelite-768x576.jpg 768w, https:\/\/jorgezanoni.com.br\/2019\/wp-content\/uploads\/2020\/09\/Satelite-80x60.jpg 80w, https:\/\/jorgezanoni.com.br\/2019\/wp-content\/uploads\/2020\/09\/Satelite-265x198.jpg 265w, https:\/\/jorgezanoni.com.br\/2019\/wp-content\/uploads\/2020\/09\/Satelite-696x522.jpg 696w, https:\/\/jorgezanoni.com.br\/2019\/wp-content\/uploads\/2020\/09\/Satelite-1068x801.jpg 1068w, https:\/\/jorgezanoni.com.br\/2019\/wp-content\/uploads\/2020\/09\/Satelite-560x420.jpg 560w\" sizes=\"auto, (max-width: 1280px) 100vw, 1280px\" \/><\/p>\n<p>&nbsp;<\/p>\n","protected":false},"excerpt":{"rendered":"<p>Duas Internautas registraram a passagem de Sat\u00e9lites no C\u00e9u de Dracena na noite desta quinta-feira, por volta se 19:35 Horas. Moradores de Junqueir\u00f3polis tamb\u00e9m registraram o fato. Segundo nos informaram o sentindo que faziam era Santa Casa ao centro da cidade. &nbsp;<\/p>\n","protected":false},"author":1,"featured_media":34085,"comment_status":"closed","ping_status":"open","sticky":false,"template":"","format":"standard","meta":{"footnotes":""},"categories":[114,110],"tags":[],"class_list":["post-34083","post","type-post","status-publish","format-standard","has-post-thumbnail","hentry","category-geralecomercio","category-noticiasdestaque"],"_links":{"self":[{"href":"https:\/\/jorgezanoni.com.br\/2019\/wp-json\/wp\/v2\/posts\/34083","targetHints":{"allow":["GET"]}}],"collection":[{"href":"https:\/\/jorgezanoni.com.br\/2019\/wp-json\/wp\/v2\/posts"}],"about":[{"href":"https:\/\/jorgezanoni.com.br\/2019\/wp-json\/wp\/v2\/types\/post"}],"author":[{"embeddable":true,"href":"https:\/\/jorgezanoni.com.br\/2019\/wp-json\/wp\/v2\/users\/1"}],"replies":[{"embeddable":true,"href":"https:\/\/jorgezanoni.com.br\/2019\/wp-json\/wp\/v2\/comments?post=34083"}],"version-history":[{"count":0,"href":"https:\/\/jorgezanoni.com.br\/2019\/wp-json\/wp\/v2\/posts\/34083\/revisions"}],"wp:featuredmedia":[{"embeddable":true,"href":"https:\/\/jorgezanoni.com.br\/2019\/wp-json\/wp\/v2\/media\/34085"}],"wp:attachment":[{"href":"https:\/\/jorgezanoni.com.br\/2019\/wp-json\/wp\/v2\/media?parent=34083"}],"wp:term":[{"taxonomy":"category","embeddable":true,"href":"https:\/\/jorgezanoni.com.br\/2019\/wp-json\/wp\/v2\/categories?post=34083"},{"taxonomy":"post_tag","embeddable":true,"href":"https:\/\/jorgezanoni.com.br\/2019\/wp-json\/wp\/v2\/tags?post=34083"}],"curies":[{"name":"wp","href":"https:\/\/api.w.org\/{rel}","templated":true}]}}