{"id":34071,"date":"2020-09-03T16:36:49","date_gmt":"2020-09-03T16:36:49","guid":{"rendered":"https:\/\/jorgezanoni.com.br\/2019\/?p=34071"},"modified":"2020-09-03T16:36:49","modified_gmt":"2020-09-03T16:36:49","slug":"saltador-dracenense-mateus-de-sa-viaja-para-portugal-onde-participa-da-missao-europa-do-cob","status":"publish","type":"post","link":"https:\/\/jorgezanoni.com.br\/2019\/saltador-dracenense-mateus-de-sa-viaja-para-portugal-onde-participa-da-missao-europa-do-cob\/","title":{"rendered":"Saltador dracenense Mateus de S\u00e1 viaja para Portugal, onde participa da Miss\u00e3o Europa do COB"},"content":{"rendered":"<h2 class=\"content-head__subtitle\" style=\"text-align: justify;\"><strong>Objetivo da ida \u00e9 aumentar o ritmo dos treinamentos, que visam os Jogos de T\u00f3quio em 2021.<\/strong><\/h2>\n<div class=\"mc-column content-text active-extra-styles active-capital-letter\" data-block-type=\"unstyled\" data-block-weight=\"62\" data-block-id=\"1\">\n<p class=\"content-text__container theme-color-primary-first-letter\" style=\"text-align: justify;\" data-track-category=\"Link no Texto\" data-track-links=\"\">O atleta do salto triplo Mateus Daniel Ad\u00e3o de S\u00e1, de Dracena, \u00e9 mais um brasileiro a viajar para Portugal, onde o Comit\u00ea Ol\u00edmpico Brasileiro (COB) realiza a\u00a0<a href=\"https:\/\/globoesporte.globo.com\/olimpiadas\/noticia\/apos-autorizacao-de-portugal-cob-confirma-periodo-de-treinos-do-time-brasil-na-europa.ghtml\">Miss\u00e3o Europa<\/a>. O embarque est\u00e1 previsto para a noite desta ter\u00e7a-feira (1\u00ba), e o saltador do Oeste Paulista, que \u00e9 integrante da equipe paulistana Esporte Clube Pinheiros, deve ficar por l\u00e1 durante este m\u00eas.<\/p>\n<\/div>\n<div class=\"wall protected-content\">\n<div class=\"mc-column content-text active-extra-styles \" data-block-type=\"unstyled\" data-block-weight=\"71\" data-block-id=\"2\">\n<p class=\"content-text__container \" style=\"text-align: justify;\" data-track-category=\"Link no Texto\" data-track-links=\"\">Em julho, o COB obteve autoriza\u00e7\u00e3o do governo portugu\u00eas para que a Miss\u00e3o fosse iniciada. Logo na sequ\u00eancia, na primeira leva, 74 atletas foram enviados ao pa\u00eds europeu. O objetivo \u00e9 intensificar os treinamentos dos brasileiros, visando os Jogos Ol\u00edmpicos de T\u00f3quio em 2021. O planejamento tem previs\u00e3o de seguir at\u00e9 dezembro. Ao todo, 200 atletas, de diversas modalidades, classificados ou com potencial para chegar aos Jogos, dever\u00e3o participar da Miss\u00e3o.<\/p>\n<p style=\"text-align: justify;\" data-track-category=\"Link no Texto\" data-track-links=\"\">Como comentou Mateus de S\u00e1, tudo isso tem a ver com as restri\u00e7\u00f5es que os brasileiros t\u00eam enfrentado no pr\u00f3prio pa\u00eds em raz\u00e3o da pandemia da Covid-19. O dracenense disse que s\u00f3 retomou os trabalhos nas pistas a partir de julho, mas que, mesmo assim, tem treinado adequadamente apenas duas vezes por semana, em hor\u00e1rio reduzido. Entre mar\u00e7o, quando come\u00e7ou a pandemia, at\u00e9 julho, os treinos eram feitos de forma improvisada, focados de forma restrita na parte f\u00edsica.<\/p>\n<div class=\"mc-column content-text active-extra-styles \" style=\"text-align: justify;\" data-block-type=\"unstyled\" data-block-weight=\"74\" data-block-id=\"7\">\n<p class=\"content-text__container \" data-track-category=\"Link no Texto\" data-track-links=\"\">Agora, em Portugal, o atleta dever\u00e1 ter \u00e0 disposi\u00e7\u00e3o de forma regular, al\u00e9m da estrutura \u2013 como tamb\u00e9m academia de muscula\u00e7\u00e3o \u2013, apoio de profissionais, entre eles fisioterapeuta e massagista. Na categoria adulta masculina, Mateus de S\u00e1 \u00e9 o atual vice-l\u00edder do ranking brasileiro. Ele tem a marca de 15,99m, conquistada em janeiro, em S\u00e3o Bernardo do Campo (SP). Tamb\u00e9m neste ano, em fevereiro,\u00a0<a href=\"https:\/\/globoesporte.globo.com\/sp\/presidente-prudente-regiao\/atletismo\/noticia\/dracenense-mateus-de-sa-fica-com-a-prata-no-salto-triplo-em-1o-sul-americano-indoor.ghtml\">ele foi prata no 1\u00ba Sul-Americano Indoor<\/a>, realizado na Bol\u00edvia.<\/p>\n<\/div>\n<div class=\"row medium-uncollapsed content-media content-photo\" style=\"text-align: justify;\" data-block-type=\"backstage-photo\" data-block-id=\"8\">\n<div class=\"mc-column content-media__container\">\n<figure><img decoding=\"async\" class=\"i-amphtml-fill-content i-amphtml-replaced-content\" src=\"https:\/\/s2.glbimg.com\/L8bkKaR82LqWtecJ9NxvPvaz-Zk=\/76x121:619x794\/984x0\/smart\/filters:strip_icc()\/s.glbimg.com\/es\/ge\/f\/original\/2020\/02\/03\/face_mateus.jpg\" sizes=\"(max-width: 1366px) 648px, 100vw\" srcset=\"https:\/\/s2.glbimg.com\/RvCBrXrQYbWa7ZSI9ssAmJhn55M=\/76x121:619x794\/1000x0\/smart\/filters:strip_icc()\/s.glbimg.com\/es\/ge\/f\/original\/2020\/02\/03\/face_mateus.jpg 1000w, https:\/\/s2.glbimg.com\/L8bkKaR82LqWtecJ9NxvPvaz-Zk=\/76x121:619x794\/984x0\/smart\/filters:strip_icc()\/s.glbimg.com\/es\/ge\/f\/original\/2020\/02\/03\/face_mateus.jpg 984w, https:\/\/s2.glbimg.com\/C05gf2OEj-beEx30py4HlcjbjJU=\/76x121:619x794\/640x0\/smart\/filters:strip_icc()\/s.glbimg.com\/es\/ge\/f\/original\/2020\/02\/03\/face_mateus.jpg 640w, https:\/\/s2.glbimg.com\/eiTOwfUbWYihq6zKK-XvtszUatk=\/76x121:619x794\/600x0\/smart\/filters:strip_icc()\/s.glbimg.com\/es\/ge\/f\/original\/2020\/02\/03\/face_mateus.jpg 600w\" alt=\"Neste ano, na Bol\u00edvia, Mateus de S\u00e1 foi prata no 1\u00ba Sul-Americano Indoor \u2014 Foto: Facebook\" \/><\/figure>\n<p class=\"content-media__description \">Neste ano, na Bol\u00edvia, Mateus de S\u00e1 foi prata no 1\u00ba Sul-Americano Indoor \u2014 Foto: Facebook<\/p>\n<\/div>\n<\/div>\n<div data-track-category=\"multicontent\" data-track-action=\"ultimo chunk conteudo\" data-track-noninteraction=\"false\" data-track-scroll=\"view\">\n<div class=\"mc-column content-text active-extra-styles \" data-block-type=\"unstyled\" data-block-weight=\"50\" data-block-id=\"9\">\n<p class=\"content-text__container \" style=\"text-align: justify;\" data-track-category=\"Link no Texto\" data-track-links=\"\">Sobre sua nova &#8220;casa&#8221; nos pr\u00f3ximos dias, Portugal est\u00e1 com regras mais brandas quanto ao isolamento desde o final de maio e in\u00edcio de junho. Entretanto, para a entrada, os atletas brasileiros seguem um rigoroso protocolo de seguran\u00e7a. Durante a miss\u00e3o,\u00a0<a href=\"https:\/\/globoesporte.globo.com\/olimpiadas\/noticia\/missao-europa-do-cob-tem-segundo-caso-confirmado-de-covid-19-na-delegacao.ghtml\">dois atletas do Brasil<\/a>\u00a0testaram positivo para a Covid-19.<\/p>\n<p style=\"text-align: justify;\" data-track-category=\"Link no Texto\" data-track-links=\"\">Fonte: https:\/\/globoesporte.globo.com\/sp<\/p>\n<\/div>\n<\/div>\n<\/div>\n<\/div>\n","protected":false},"excerpt":{"rendered":"<p>Objetivo da ida \u00e9 aumentar o ritmo dos treinamentos, que visam os Jogos de T\u00f3quio em 2021. O atleta do salto triplo Mateus Daniel Ad\u00e3o de S\u00e1, de Dracena, \u00e9 mais um brasileiro a viajar para Portugal, onde o Comit\u00ea Ol\u00edmpico Brasileiro (COB) realiza a\u00a0Miss\u00e3o Europa. O embarque est\u00e1 previsto para a noite desta ter\u00e7a-feira [&hellip;]<\/p>\n","protected":false},"author":1,"featured_media":34072,"comment_status":"closed","ping_status":"open","sticky":false,"template":"","format":"standard","meta":{"footnotes":""},"categories":[111,110],"tags":[],"class_list":["post-34071","post","type-post","status-publish","format-standard","has-post-thumbnail","hentry","category-esporteecultura","category-noticiasdestaque"],"_links":{"self":[{"href":"https:\/\/jorgezanoni.com.br\/2019\/wp-json\/wp\/v2\/posts\/34071","targetHints":{"allow":["GET"]}}],"collection":[{"href":"https:\/\/jorgezanoni.com.br\/2019\/wp-json\/wp\/v2\/posts"}],"about":[{"href":"https:\/\/jorgezanoni.com.br\/2019\/wp-json\/wp\/v2\/types\/post"}],"author":[{"embeddable":true,"href":"https:\/\/jorgezanoni.com.br\/2019\/wp-json\/wp\/v2\/users\/1"}],"replies":[{"embeddable":true,"href":"https:\/\/jorgezanoni.com.br\/2019\/wp-json\/wp\/v2\/comments?post=34071"}],"version-history":[{"count":0,"href":"https:\/\/jorgezanoni.com.br\/2019\/wp-json\/wp\/v2\/posts\/34071\/revisions"}],"wp:featuredmedia":[{"embeddable":true,"href":"https:\/\/jorgezanoni.com.br\/2019\/wp-json\/wp\/v2\/media\/34072"}],"wp:attachment":[{"href":"https:\/\/jorgezanoni.com.br\/2019\/wp-json\/wp\/v2\/media?parent=34071"}],"wp:term":[{"taxonomy":"category","embeddable":true,"href":"https:\/\/jorgezanoni.com.br\/2019\/wp-json\/wp\/v2\/categories?post=34071"},{"taxonomy":"post_tag","embeddable":true,"href":"https:\/\/jorgezanoni.com.br\/2019\/wp-json\/wp\/v2\/tags?post=34071"}],"curies":[{"name":"wp","href":"https:\/\/api.w.org\/{rel}","templated":true}]}}