{"id":34062,"date":"2020-09-03T15:41:20","date_gmt":"2020-09-03T15:41:20","guid":{"rendered":"https:\/\/jorgezanoni.com.br\/2019\/?p=34062"},"modified":"2020-09-03T15:43:48","modified_gmt":"2020-09-03T15:43:48","slug":"pre-candidatos-a-prefeito-de-dracena-participam-de-entrevista-na-band","status":"publish","type":"post","link":"https:\/\/jorgezanoni.com.br\/2019\/pre-candidatos-a-prefeito-de-dracena-participam-de-entrevista-na-band\/","title":{"rendered":"Pr\u00e9 candidatos a Prefeito de Dracena participam de entrevista na Band"},"content":{"rendered":"<p style=\"text-align: justify;\">Os poss\u00edveis pr\u00e9 candidatos a prefeito de Dracena gravaram na segunda-feira (31) , programa que vai ai ar hoje (3) \u00e0 00H00 na Tv Band Paulista.<\/p>\n<p style=\"text-align: justify;\">S\u00e3o os entrevistados: Andr\u00e9 Lemos, C\u00e9lia Brandani, Kielse Munis, Juliano Bertolini e Zezinho Garcia. N\u00e3o participaram do encontro Juninho do Esporte e Jos\u00e9 Antonio Pedretti.<\/p>\n<p>&nbsp;<\/p>\n","protected":false},"excerpt":{"rendered":"<p>Os poss\u00edveis pr\u00e9 candidatos a prefeito de Dracena gravaram na segunda-feira (31) , programa que vai ai ar hoje (3) \u00e0 00H00 na Tv Band Paulista. S\u00e3o os entrevistados: Andr\u00e9 Lemos, C\u00e9lia Brandani, Kielse Munis, Juliano Bertolini e Zezinho Garcia. N\u00e3o participaram do encontro Juninho do Esporte e Jos\u00e9 Antonio Pedretti. &nbsp;<\/p>\n","protected":false},"author":1,"featured_media":34064,"comment_status":"closed","ping_status":"open","sticky":false,"template":"","format":"standard","meta":{"footnotes":""},"categories":[110,116],"tags":[],"class_list":["post-34062","post","type-post","status-publish","format-standard","has-post-thumbnail","hentry","category-noticiasdestaque","category-politicaeeconomia"],"_links":{"self":[{"href":"https:\/\/jorgezanoni.com.br\/2019\/wp-json\/wp\/v2\/posts\/34062","targetHints":{"allow":["GET"]}}],"collection":[{"href":"https:\/\/jorgezanoni.com.br\/2019\/wp-json\/wp\/v2\/posts"}],"about":[{"href":"https:\/\/jorgezanoni.com.br\/2019\/wp-json\/wp\/v2\/types\/post"}],"author":[{"embeddable":true,"href":"https:\/\/jorgezanoni.com.br\/2019\/wp-json\/wp\/v2\/users\/1"}],"replies":[{"embeddable":true,"href":"https:\/\/jorgezanoni.com.br\/2019\/wp-json\/wp\/v2\/comments?post=34062"}],"version-history":[{"count":0,"href":"https:\/\/jorgezanoni.com.br\/2019\/wp-json\/wp\/v2\/posts\/34062\/revisions"}],"wp:featuredmedia":[{"embeddable":true,"href":"https:\/\/jorgezanoni.com.br\/2019\/wp-json\/wp\/v2\/media\/34064"}],"wp:attachment":[{"href":"https:\/\/jorgezanoni.com.br\/2019\/wp-json\/wp\/v2\/media?parent=34062"}],"wp:term":[{"taxonomy":"category","embeddable":true,"href":"https:\/\/jorgezanoni.com.br\/2019\/wp-json\/wp\/v2\/categories?post=34062"},{"taxonomy":"post_tag","embeddable":true,"href":"https:\/\/jorgezanoni.com.br\/2019\/wp-json\/wp\/v2\/tags?post=34062"}],"curies":[{"name":"wp","href":"https:\/\/api.w.org\/{rel}","templated":true}]}}