{"id":34049,"date":"2020-09-03T14:31:37","date_gmt":"2020-09-03T14:31:37","guid":{"rendered":"https:\/\/jorgezanoni.com.br\/2019\/?p=34049"},"modified":"2020-09-03T14:32:08","modified_gmt":"2020-09-03T14:32:08","slug":"capotamento-na-sp-294-em-dracena-na-manha-desta-quinta-feira","status":"publish","type":"post","link":"https:\/\/jorgezanoni.com.br\/2019\/capotamento-na-sp-294-em-dracena-na-manha-desta-quinta-feira\/","title":{"rendered":"Capotamento na SP-294 em Dracena na manh\u00e3 desta quinta-feira"},"content":{"rendered":"<p style=\"text-align: justify;\"><strong>Ve\u00edculo capotou por duas vezes e motorista teve apenas escoria\u00e7\u00f5es.<\/strong><\/p>\n<p style=\"text-align: justify;\">Por volta de 10:10 Horas desta quinta-feira (3), foi registrado um acidente com v\u00edtima leve na Rodovia Comandante Jo\u00e3o Ribeiro de Barros, Km. 644, munic\u00edpio de Dracena.<\/p>\n<p style=\"text-align: justify;\">Segundo informa\u00e7\u00f5es obtidas no local pela reportagem do <strong>Site Jorge Zanoni,<\/strong> um ve\u00edculo Fiat Strada placas de Junqueir\u00f3polis carregado com cimento e pedras, dirigido por um jovem de 21 anos, fazia o sentido Junqueir\u00f3polis a Dracena, quando no citado Km. em local de quatro pistas, seguiam na dire\u00e7\u00e3o contr\u00e1ria, um caminh\u00e3o e outro ve\u00edculo ultrapassando pela faixa normalmente. Um terceiro ve\u00edculo tentou a ultrapassagem aos outros dois invadindo a faixa contr\u00e1ria e para n\u00e3o bater de frente o condutor tirou para a direita e tentou voltar \u00e0 pista. Foi quando aconteceu o capotamento por duas vezes, parando o carro em cima da faixa de rolamento.<\/p>\n<p style=\"text-align: justify;\">Comparecem ao local a Ambul\u00e2ncia e funcion\u00e1rios da Concession\u00e1ria Eixo e socorreram o motorista que teve apenas escoria\u00e7\u00f5es leves al\u00e9m de controlarem o tr\u00e2nsito no local. A Pol\u00edcia Militar de Dracena tamb\u00e9m compareceu, al\u00e9m de Unidades de Resgate do Corpo de Bombeiros e Pol\u00edcia Rodovi\u00e1ria.<\/p>\n<p style=\"text-align: justify;\">O condutor do ve\u00edculo foi conduzido ao Pronto Atendimento da Santa Casa de Dracena. A pista n\u00e3o precisou ser interditada.<\/p>\n<p><img loading=\"lazy\" decoding=\"async\" class=\"alignnone size-full wp-image-34050\" src=\"https:\/\/jorgezanoni.com.br\/2019\/wp-content\/uploads\/2020\/09\/IMG_5964.jpg\" alt=\"\" width=\"800\" height=\"532\" srcset=\"https:\/\/jorgezanoni.com.br\/2019\/wp-content\/uploads\/2020\/09\/IMG_5964.jpg 800w, https:\/\/jorgezanoni.com.br\/2019\/wp-content\/uploads\/2020\/09\/IMG_5964-300x200.jpg 300w, https:\/\/jorgezanoni.com.br\/2019\/wp-content\/uploads\/2020\/09\/IMG_5964-768x511.jpg 768w, https:\/\/jorgezanoni.com.br\/2019\/wp-content\/uploads\/2020\/09\/IMG_5964-696x463.jpg 696w, https:\/\/jorgezanoni.com.br\/2019\/wp-content\/uploads\/2020\/09\/IMG_5964-632x420.jpg 632w\" sizes=\"auto, (max-width: 800px) 100vw, 800px\" \/> <img loading=\"lazy\" decoding=\"async\" class=\"alignnone size-full wp-image-34051\" src=\"https:\/\/jorgezanoni.com.br\/2019\/wp-content\/uploads\/2020\/09\/IMG_5965.jpg\" alt=\"\" width=\"800\" height=\"532\" srcset=\"https:\/\/jorgezanoni.com.br\/2019\/wp-content\/uploads\/2020\/09\/IMG_5965.jpg 800w, https:\/\/jorgezanoni.com.br\/2019\/wp-content\/uploads\/2020\/09\/IMG_5965-300x200.jpg 300w, https:\/\/jorgezanoni.com.br\/2019\/wp-content\/uploads\/2020\/09\/IMG_5965-768x511.jpg 768w, https:\/\/jorgezanoni.com.br\/2019\/wp-content\/uploads\/2020\/09\/IMG_5965-696x463.jpg 696w, https:\/\/jorgezanoni.com.br\/2019\/wp-content\/uploads\/2020\/09\/IMG_5965-632x420.jpg 632w\" sizes=\"auto, (max-width: 800px) 100vw, 800px\" \/><img loading=\"lazy\" decoding=\"async\" class=\"alignnone size-full wp-image-34052\" src=\"https:\/\/jorgezanoni.com.br\/2019\/wp-content\/uploads\/2020\/09\/IMG_5966.jpg\" alt=\"\" width=\"800\" height=\"532\" srcset=\"https:\/\/jorgezanoni.com.br\/2019\/wp-content\/uploads\/2020\/09\/IMG_5966.jpg 800w, https:\/\/jorgezanoni.com.br\/2019\/wp-content\/uploads\/2020\/09\/IMG_5966-300x200.jpg 300w, https:\/\/jorgezanoni.com.br\/2019\/wp-content\/uploads\/2020\/09\/IMG_5966-768x511.jpg 768w, https:\/\/jorgezanoni.com.br\/2019\/wp-content\/uploads\/2020\/09\/IMG_5966-696x463.jpg 696w, https:\/\/jorgezanoni.com.br\/2019\/wp-content\/uploads\/2020\/09\/IMG_5966-632x420.jpg 632w\" sizes=\"auto, (max-width: 800px) 100vw, 800px\" \/> <img loading=\"lazy\" decoding=\"async\" class=\"alignnone size-full wp-image-34053\" src=\"https:\/\/jorgezanoni.com.br\/2019\/wp-content\/uploads\/2020\/09\/IMG_5967.jpg\" alt=\"\" width=\"800\" height=\"532\" srcset=\"https:\/\/jorgezanoni.com.br\/2019\/wp-content\/uploads\/2020\/09\/IMG_5967.jpg 800w, https:\/\/jorgezanoni.com.br\/2019\/wp-content\/uploads\/2020\/09\/IMG_5967-300x200.jpg 300w, https:\/\/jorgezanoni.com.br\/2019\/wp-content\/uploads\/2020\/09\/IMG_5967-768x511.jpg 768w, https:\/\/jorgezanoni.com.br\/2019\/wp-content\/uploads\/2020\/09\/IMG_5967-696x463.jpg 696w, https:\/\/jorgezanoni.com.br\/2019\/wp-content\/uploads\/2020\/09\/IMG_5967-632x420.jpg 632w\" sizes=\"auto, (max-width: 800px) 100vw, 800px\" \/> <img loading=\"lazy\" decoding=\"async\" class=\"alignnone size-full wp-image-34054\" src=\"https:\/\/jorgezanoni.com.br\/2019\/wp-content\/uploads\/2020\/09\/IMG_5968.jpg\" alt=\"\" width=\"800\" height=\"532\" srcset=\"https:\/\/jorgezanoni.com.br\/2019\/wp-content\/uploads\/2020\/09\/IMG_5968.jpg 800w, https:\/\/jorgezanoni.com.br\/2019\/wp-content\/uploads\/2020\/09\/IMG_5968-300x200.jpg 300w, https:\/\/jorgezanoni.com.br\/2019\/wp-content\/uploads\/2020\/09\/IMG_5968-768x511.jpg 768w, https:\/\/jorgezanoni.com.br\/2019\/wp-content\/uploads\/2020\/09\/IMG_5968-696x463.jpg 696w, https:\/\/jorgezanoni.com.br\/2019\/wp-content\/uploads\/2020\/09\/IMG_5968-632x420.jpg 632w\" sizes=\"auto, (max-width: 800px) 100vw, 800px\" \/> <img loading=\"lazy\" decoding=\"async\" class=\"alignnone size-full wp-image-34056\" src=\"https:\/\/jorgezanoni.com.br\/2019\/wp-content\/uploads\/2020\/09\/IMG_5970.jpg\" alt=\"\" width=\"800\" height=\"532\" srcset=\"https:\/\/jorgezanoni.com.br\/2019\/wp-content\/uploads\/2020\/09\/IMG_5970.jpg 800w, https:\/\/jorgezanoni.com.br\/2019\/wp-content\/uploads\/2020\/09\/IMG_5970-300x200.jpg 300w, https:\/\/jorgezanoni.com.br\/2019\/wp-content\/uploads\/2020\/09\/IMG_5970-768x511.jpg 768w, https:\/\/jorgezanoni.com.br\/2019\/wp-content\/uploads\/2020\/09\/IMG_5970-696x463.jpg 696w, https:\/\/jorgezanoni.com.br\/2019\/wp-content\/uploads\/2020\/09\/IMG_5970-632x420.jpg 632w\" sizes=\"auto, (max-width: 800px) 100vw, 800px\" \/> <img loading=\"lazy\" decoding=\"async\" class=\"alignnone size-full wp-image-34057\" src=\"https:\/\/jorgezanoni.com.br\/2019\/wp-content\/uploads\/2020\/09\/IMG_5971.jpg\" alt=\"\" width=\"800\" height=\"532\" srcset=\"https:\/\/jorgezanoni.com.br\/2019\/wp-content\/uploads\/2020\/09\/IMG_5971.jpg 800w, https:\/\/jorgezanoni.com.br\/2019\/wp-content\/uploads\/2020\/09\/IMG_5971-300x200.jpg 300w, https:\/\/jorgezanoni.com.br\/2019\/wp-content\/uploads\/2020\/09\/IMG_5971-768x511.jpg 768w, https:\/\/jorgezanoni.com.br\/2019\/wp-content\/uploads\/2020\/09\/IMG_5971-696x463.jpg 696w, https:\/\/jorgezanoni.com.br\/2019\/wp-content\/uploads\/2020\/09\/IMG_5971-632x420.jpg 632w\" sizes=\"auto, (max-width: 800px) 100vw, 800px\" \/><\/p>\n","protected":false},"excerpt":{"rendered":"<p>Ve\u00edculo capotou por duas vezes e motorista teve apenas escoria\u00e7\u00f5es. Por volta de 10:10 Horas desta quinta-feira (3), foi registrado um acidente com v\u00edtima leve na Rodovia Comandante Jo\u00e3o Ribeiro de Barros, Km. 644, munic\u00edpio de Dracena. Segundo informa\u00e7\u00f5es obtidas no local pela reportagem do Site Jorge Zanoni, um ve\u00edculo Fiat Strada placas de Junqueir\u00f3polis [&hellip;]<\/p>\n","protected":false},"author":1,"featured_media":34055,"comment_status":"closed","ping_status":"open","sticky":false,"template":"","format":"standard","meta":{"footnotes":""},"categories":[170,110],"tags":[],"class_list":["post-34049","post","type-post","status-publish","format-standard","has-post-thumbnail","hentry","category-acidentes","category-noticiasdestaque"],"_links":{"self":[{"href":"https:\/\/jorgezanoni.com.br\/2019\/wp-json\/wp\/v2\/posts\/34049","targetHints":{"allow":["GET"]}}],"collection":[{"href":"https:\/\/jorgezanoni.com.br\/2019\/wp-json\/wp\/v2\/posts"}],"about":[{"href":"https:\/\/jorgezanoni.com.br\/2019\/wp-json\/wp\/v2\/types\/post"}],"author":[{"embeddable":true,"href":"https:\/\/jorgezanoni.com.br\/2019\/wp-json\/wp\/v2\/users\/1"}],"replies":[{"embeddable":true,"href":"https:\/\/jorgezanoni.com.br\/2019\/wp-json\/wp\/v2\/comments?post=34049"}],"version-history":[{"count":0,"href":"https:\/\/jorgezanoni.com.br\/2019\/wp-json\/wp\/v2\/posts\/34049\/revisions"}],"wp:featuredmedia":[{"embeddable":true,"href":"https:\/\/jorgezanoni.com.br\/2019\/wp-json\/wp\/v2\/media\/34055"}],"wp:attachment":[{"href":"https:\/\/jorgezanoni.com.br\/2019\/wp-json\/wp\/v2\/media?parent=34049"}],"wp:term":[{"taxonomy":"category","embeddable":true,"href":"https:\/\/jorgezanoni.com.br\/2019\/wp-json\/wp\/v2\/categories?post=34049"},{"taxonomy":"post_tag","embeddable":true,"href":"https:\/\/jorgezanoni.com.br\/2019\/wp-json\/wp\/v2\/tags?post=34049"}],"curies":[{"name":"wp","href":"https:\/\/api.w.org\/{rel}","templated":true}]}}