{"id":34030,"date":"2020-09-03T01:51:17","date_gmt":"2020-09-03T01:51:17","guid":{"rendered":"https:\/\/jorgezanoni.com.br\/2019\/?p=34030"},"modified":"2020-09-03T01:52:19","modified_gmt":"2020-09-03T01:52:19","slug":"banco-central-lanca-nota-de-r-200-com-imagem-de-lobo-guara","status":"publish","type":"post","link":"https:\/\/jorgezanoni.com.br\/2019\/banco-central-lanca-nota-de-r-200-com-imagem-de-lobo-guara\/","title":{"rendered":"Banco Central lan\u00e7a nota de R$ 200, com imagem de lobo-guar\u00e1"},"content":{"rendered":"<h2 class=\"content-head__subtitle\" style=\"text-align: justify;\"><strong>Institui\u00e7\u00e3o encomendou 450 milh\u00f5es de unidades da c\u00e9dula at\u00e9 dezembro. Nova nota entrou em circula\u00e7\u00e3o nesta quarta-feira.<\/strong><\/h2>\n<div class=\"mc-column content-text active-extra-styles \" data-block-type=\"unstyled\" data-block-weight=\"28\" data-block-id=\"2\">\n<p class=\"content-text__container \" data-track-category=\"Link no Texto\" data-track-links=\"\">O\u00a0<a href=\"https:\/\/g1.globo.com\/tudo-sobre\/banco-central-do-brasil\/\">Banco Central<\/a>\u00a0lan\u00e7ou na tarde desta quarta-feira (2) a\u00a0<a href=\"https:\/\/g1.globo.com\/economia\/noticia\/2020\/07\/30\/nota-de-r-200-por-que-agora-e-qual-a-razao-de-tanta-polemica.ghtml\">nova nota de R$ 200<\/a>. Ap\u00f3s o lan\u00e7amento, a nota, com imagem de um lobo-guar\u00e1, entrou em circula\u00e7\u00e3o.<\/p>\n<\/div>\n<div class=\"wall protected-content\">\n<div class=\"mc-column content-text active-extra-styles \" data-block-type=\"unstyled\" data-block-weight=\"31\" data-block-id=\"3\">\n<p class=\"content-text__container \" data-track-category=\"Link no Texto\" data-track-links=\"\">Essa \u00e9 a s\u00e9tima c\u00e9dula da fam\u00edlia de notas do real. O Banco Central encomendou \u00e0 Casa da Moeda a produ\u00e7\u00e3o, at\u00e9 dezembro, de 450 milh\u00f5es de c\u00e9dulas do novo valor.<\/p>\n<\/div>\n<div class=\"row medium-uncollapsed content-media content-photo\" data-block-type=\"backstage-photo\" data-block-id=\"4\">\n<div class=\"column medium-22 large-20 medium-centered content-media__container\">\n<figure><img decoding=\"async\" class=\"i-amphtml-fill-content i-amphtml-replaced-content\" src=\"https:\/\/s2.glbimg.com\/PGLe9Lt2M3wofsJiAtOxIu8B98g=\/248x347:1769x1038\/1008x0\/smart\/filters:strip_icc()\/i.s3.glbimg.com\/v1\/AUTH_59edd422c0c84a879bd37670ae4f538a\/internal_photos\/bs\/2020\/l\/J\/ikhkGNRFG7W69n9tp1jw\/50298505401-3c41c37cd4-k.jpg\" srcset=\"\" alt=\"Parte da frente da nota de R$ 200 lan\u00e7ada nesta quarta-feira (2) pelo Banco Central \u2014 Foto: Raphael Ribeiro\/BC\" \/><\/figure>\n<p class=\"content-media__description \">Parte da frente da nota de R$ 200 lan\u00e7ada nesta quarta-feira (2) pelo Banco Central \u2014 Foto: Raphael Ribeiro\/BC<\/p>\n<\/div>\n<\/div>\n<div class=\"row medium-uncollapsed content-media content-photo\" data-block-type=\"backstage-photo\" data-block-id=\"5\">\n<div class=\"column medium-22 large-20 medium-centered content-media__container\">\n<figure><img decoding=\"async\" class=\"i-amphtml-fill-content i-amphtml-replaced-content\" src=\"https:\/\/s2.glbimg.com\/0iNxif2VISPKg9gNWC5_7al3Sbk=\/284x373:1777x1056\/1008x0\/smart\/filters:strip_icc()\/i.s3.glbimg.com\/v1\/AUTH_59edd422c0c84a879bd37670ae4f538a\/internal_photos\/bs\/2020\/O\/Z\/ONRSPtRPS4lpmozBvHiA\/50298658382-f43106c549-k.jpg\" srcset=\"\" alt=\"Verso da nova nota de R$ 200 com a imagem do lobo-guar\u00e1 no verso \u2014 Foto: Raphael Ribeiro\/BC\" \/><\/figure>\n<p class=\"content-media__description \">Verso da nova nota de R$ 200 com a imagem do lobo-guar\u00e1 no verso \u2014 Foto: Raphael Ribeiro\/BC<\/p>\n<\/div>\n<\/div>\n<div class=\"mc-column content-text active-extra-styles \" data-block-type=\"unstyled\" data-block-weight=\"32\" data-block-id=\"7\">\n<p class=\"content-text__container \" data-track-category=\"Link no Texto\" data-track-links=\"\">A nota de R$ 200 \u00e9 a\u00a0<a href=\"https:\/\/g1.globo.com\/economia\/noticia\/2020\/07\/29\/com-nota-de-r-200-real-ganha-cedula-de-novo-valor-pela-primeira-vez-em-18-anos.ghtml\">primeira c\u00e9dula de um novo valor da fam\u00edlia do real em 18 anos<\/a>. A \u00faltima, a de R$ 20, tinha sido lan\u00e7ada em 2002.<\/p>\n<\/div>\n<div class=\"mc-column content-text active-extra-styles \" data-block-type=\"unstyled\" data-block-weight=\"23\" data-block-id=\"8\">\n<p class=\"content-text__container \" data-track-category=\"Link no Texto\" data-track-links=\"\">Um ano antes, em 2001, surgiu a nota de R$ 2. Nesse intervalo, houve a &#8220;aposentadoria&#8221; da nota de R$ 1, em 2005.<\/p>\n<\/div>\n<div class=\"mc-column content-text active-extra-styles \" data-block-type=\"unstyled\" data-block-weight=\"21\" data-block-id=\"9\">\n<p class=\"content-text__container \" data-track-category=\"Link no Texto\" data-track-links=\"\">Em comum, os lan\u00e7amentos de c\u00e9dulas t\u00eam um mesmo objetivo: diminuir as transa\u00e7\u00f5es com dinheiro vivo, economizando com impress\u00e3o de papel-moeda.<\/p>\n<\/div>\n<div class=\"mc-column content-text active-extra-styles \" data-block-type=\"unstyled\" data-block-weight=\"27\" data-block-id=\"10\">\n<p class=\"content-text__container \" data-track-category=\"Link no Texto\" data-track-links=\"\">Outro motivo apontado \u00e9 a necessidade de fazer frente ao pagamento do aux\u00edlio emergencial \u2013 estimado em mais de R$ 160 bilh\u00f5es considerando as cinco parcelas aprovadas.<\/p>\n<\/div>\n<div class=\"mc-column content-text active-extra-styles \" data-block-type=\"unstyled\" data-block-weight=\"32\" data-block-id=\"11\">\n<p class=\"content-text__container \" data-track-category=\"Link no Texto\" data-track-links=\"\">Boa parte dos benefici\u00e1rios, sobretudo os de menor renda, preferiu sacar o benef\u00edcio em esp\u00e9cie. Segundo n\u00fameros da Caixa Econ\u00f4mica Federal, mais de 20 milh\u00f5es de saques foram feitos at\u00e9 esta quarta-feira.<\/p>\n<\/div>\n<div class=\"mc-column content-text active-extra-styles \" data-block-type=\"unstyled\" data-block-weight=\"26\" data-block-id=\"12\">\n<p class=\"content-text__container \" data-track-category=\"Link no Texto\" data-track-links=\"\">Em Bras\u00edlia, pessoas fizeram fila na porta da ag\u00eancia do Banco do Brasil que liberou as notas logo ap\u00f3s o lan\u00e7amento anunciado pelo BC (<em>foto abaixo<\/em>).<\/p>\n<\/div>\n<div class=\"row medium-uncollapsed content-media content-photo\" data-block-type=\"backstage-photo\" data-block-id=\"13\">\n<div class=\"mc-column content-media__container\">\n<figure><img decoding=\"async\" class=\"i-amphtml-fill-content i-amphtml-replaced-content\" src=\"https:\/\/s2.glbimg.com\/lxA3Ef8U-1a2i3qJbBH-tDyXHpU=\/0x227:1280x834\/984x0\/smart\/filters:strip_icc()\/i.s3.glbimg.com\/v1\/AUTH_59edd422c0c84a879bd37670ae4f538a\/internal_photos\/bs\/2020\/5\/b\/T8nTIZSsWucFEMeUHtiQ\/whatsapp-image-2020-09-02-at-14.48.25.jpeg\" sizes=\"(max-width: 1366px) 648px, 100vw\" srcset=\"https:\/\/s2.glbimg.com\/3Py4CPgkFXYjM2A8UuJb230w6oc=\/0x227:1280x834\/1000x0\/smart\/filters:strip_icc()\/i.s3.glbimg.com\/v1\/AUTH_59edd422c0c84a879bd37670ae4f538a\/internal_photos\/bs\/2020\/5\/b\/T8nTIZSsWucFEMeUHtiQ\/whatsapp-image-2020-09-02-at-14.48.25.jpeg 1000w, https:\/\/s2.glbimg.com\/lxA3Ef8U-1a2i3qJbBH-tDyXHpU=\/0x227:1280x834\/984x0\/smart\/filters:strip_icc()\/i.s3.glbimg.com\/v1\/AUTH_59edd422c0c84a879bd37670ae4f538a\/internal_photos\/bs\/2020\/5\/b\/T8nTIZSsWucFEMeUHtiQ\/whatsapp-image-2020-09-02-at-14.48.25.jpeg 984w, https:\/\/s2.glbimg.com\/DX104A3Tu0NE7njEfxXnJIJmR30=\/0x227:1280x834\/640x0\/smart\/filters:strip_icc()\/i.s3.glbimg.com\/v1\/AUTH_59edd422c0c84a879bd37670ae4f538a\/internal_photos\/bs\/2020\/5\/b\/T8nTIZSsWucFEMeUHtiQ\/whatsapp-image-2020-09-02-at-14.48.25.jpeg 640w, https:\/\/s2.glbimg.com\/xUgdOpZys1-kfg1vcBTwJ90qyYQ=\/0x227:1280x834\/600x0\/smart\/filters:strip_icc()\/i.s3.glbimg.com\/v1\/AUTH_59edd422c0c84a879bd37670ae4f538a\/internal_photos\/bs\/2020\/5\/b\/T8nTIZSsWucFEMeUHtiQ\/whatsapp-image-2020-09-02-at-14.48.25.jpeg 600w\" alt=\"Pessoas fizeram fila em ag\u00eancia do Banco do Brasil, em Bras\u00edlia, para obter a nota de R$ 200 assim que foi lan\u00e7ada \u2014 Foto: Isabella Mello\/TV Globo\" \/><\/figure>\n<p class=\"content-media__description \">Pessoas fizeram fila em ag\u00eancia do Banco do Brasil, em Bras\u00edlia, para obter a nota de R$ 200 assim que foi lan\u00e7ada \u2014 Foto: Isabella Mello\/TV Globo<\/p>\n<\/div>\n<\/div>\n<div class=\"mc-column content-text active-extra-styles\" data-block-type=\"raw\" data-block-weight=\"1\" data-block-id=\"14\">\n<div class=\"content-intertitle\">\n<h2>Pandemia<\/h2>\n<\/div>\n<\/div>\n<div class=\"mc-column content-text active-extra-styles \" data-block-type=\"unstyled\" data-block-weight=\"29\" data-block-id=\"15\">\n<p class=\"content-text__container \" data-track-category=\"Link no Texto\" data-track-links=\"\">O presidente do BC, Roberto Campos Neto, afirmou que o lan\u00e7amento da nova c\u00e9dula \u00e9 uma resposta do Banco Central a mudan\u00e7as provocadas pela atual pandemia de Covid-19.<\/p>\n<\/div>\n<div class=\"mc-column content-text active-extra-styles \" data-block-type=\"unstyled\" data-block-weight=\"28\" data-block-id=\"16\">\n<p class=\"content-text__container \" data-track-category=\"Link no Texto\" data-track-links=\"\">&#8220;O momento singular que estamos vivendo trouxe os mais diversos desafios, e um deles foi um aumento expressivo na demanda da sociedade brasileira por dinheiro em esp\u00e9cie&#8221;, declarou.<\/p>\n<\/div>\n<div class=\"content-ads content-ads--reveal\" data-block-type=\"ads\" data-block-id=\"17\">\n<div id=\"banner_materia__c786e612-8f91-4568-9bf1-622ae0813a51\" class=\"tag-manager-publicidade-container mc-has-reveal mc-has-ad-lazyload tag-manager-publicidade-banner_materia__c786e612-8f91-4568-9bf1-622ae0813a51 tag-manager-publicidade-container--carregado tag-manager-publicidade-container--visivel\" data-id=\"banner_materia__c786e612-8f91-4568-9bf1-622ae0813a51\" data-google-query-id=\"CKe6saDvy-sCFTcwuQYdx78Lig\" data-cid=\"138317326461\" data-lid=\"5425022818\">\n<div id=\"google_ads_iframe_\/95377733\/tvg_G1\/Economia_3__container__\"><iframe loading=\"lazy\" id=\"google_ads_iframe_\/95377733\/tvg_G1\/Economia_3\" title=\"3rd party ad content\" src=\"https:\/\/tpc.googlesyndication.com\/safeframe\/1-0-37\/html\/container.html\" name=\"\" width=\"1\" height=\"1\" frameborder=\"0\" marginwidth=\"0\" marginheight=\"0\" scrolling=\"no\" sandbox=\"allow-forms allow-pointer-lock allow-popups allow-popups-to-escape-sandbox allow-same-origin allow-scripts allow-top-navigation-by-user-activation\" data-is-safeframe=\"true\" data-google-container-id=\"4\" data-load-complete=\"true\" data-mce-fragment=\"1\"><\/iframe><\/div>\n<\/div>\n<\/div>\n<div class=\"mc-column content-text active-extra-styles \" data-block-type=\"unstyled\" data-block-weight=\"18\" data-block-id=\"18\">\n<p class=\"content-text__container \" data-track-category=\"Link no Texto\" data-track-links=\"\">Segundo ele, o aumento da demanda verificado desde o in\u00edcio da pandemia n\u00e3o foi exclusividade do Brasil.<\/p>\n<\/div>\n<div class=\"mc-column content-text active-extra-styles \" data-block-type=\"unstyled\" data-block-weight=\"53\" data-block-id=\"19\">\n<p class=\"content-text__container \" data-track-category=\"Link no Texto\" data-track-links=\"\">&#8220;Em momentos de incerteza, \u00e9 natural que as pessoas busquem a garantia de uma reserva em dinheiro. Os programas de transfer\u00eancia de renda implementados para enfrentar os efeitos negativos da crise e a extens\u00e3o do programa de aux\u00edlio emergencial tamb\u00e9m contribuem para essa maior demanda por dinheiro em esp\u00e9cie em nosso pa\u00eds&#8221;, acrescentou.<\/p>\n<\/div>\n<div class=\"mc-column content-text active-extra-styles \" data-block-type=\"unstyled\" data-block-weight=\"19\" data-block-id=\"20\">\n<p class=\"content-text__container \" data-track-category=\"Link no Texto\" data-track-links=\"\">De acordo com o presidente do BC, o pr\u00e9-projeto para a nota de R$ 200 existia desde 2010.<\/p>\n<\/div>\n<div class=\"mc-column content-text active-extra-styles \" data-block-type=\"unstyled\" data-block-weight=\"32\" data-block-id=\"21\">\n<p class=\"content-text__container \" data-track-category=\"Link no Texto\" data-track-links=\"\">&#8220;Este momento, com essas necessidades, se mostrou oportuno para o lan\u00e7amento de uma c\u00e9dula de maior valor, cujo pr\u00e9-projeto j\u00e1 existia desde o lan\u00e7amento da segunda fam\u00edlia de c\u00e9dulas, em 2010&#8221;, declarou.<\/p>\n<\/div>\n<div class=\"row medium-uncollapsed content-media content-photo\" data-block-type=\"backstage-photo\" data-block-id=\"22\">\n<div class=\"mc-column content-media__container\">\n<figure><img decoding=\"async\" class=\"i-amphtml-fill-content i-amphtml-replaced-content\" src=\"https:\/\/s2.glbimg.com\/8XZWZ19VWR8AU9HjXhHNyMdQe1g=\/0x0:2048x1385\/984x0\/smart\/filters:strip_icc()\/i.s3.glbimg.com\/v1\/AUTH_59edd422c0c84a879bd37670ae4f538a\/internal_photos\/bs\/2020\/A\/i\/37JRHqSF6MLsliVPfLSg\/50297827068-27d1d92172-k.jpg\" sizes=\"(max-width: 1366px) 648px, 100vw\" srcset=\"https:\/\/s2.glbimg.com\/xNVubW3ZEpDsp7ccrbjW3h_wiT4=\/0x0:2048x1385\/1000x0\/smart\/filters:strip_icc()\/i.s3.glbimg.com\/v1\/AUTH_59edd422c0c84a879bd37670ae4f538a\/internal_photos\/bs\/2020\/A\/i\/37JRHqSF6MLsliVPfLSg\/50297827068-27d1d92172-k.jpg 1000w, https:\/\/s2.glbimg.com\/8XZWZ19VWR8AU9HjXhHNyMdQe1g=\/0x0:2048x1385\/984x0\/smart\/filters:strip_icc()\/i.s3.glbimg.com\/v1\/AUTH_59edd422c0c84a879bd37670ae4f538a\/internal_photos\/bs\/2020\/A\/i\/37JRHqSF6MLsliVPfLSg\/50297827068-27d1d92172-k.jpg 984w, https:\/\/s2.glbimg.com\/QLil75mvMQWpcesaSiHa5BU3zgw=\/0x0:2048x1385\/640x0\/smart\/filters:strip_icc()\/i.s3.glbimg.com\/v1\/AUTH_59edd422c0c84a879bd37670ae4f538a\/internal_photos\/bs\/2020\/A\/i\/37JRHqSF6MLsliVPfLSg\/50297827068-27d1d92172-k.jpg 640w, https:\/\/s2.glbimg.com\/LWYD3vwCnsp5IEpJTLMB3g9jvLE=\/0x0:2048x1385\/600x0\/smart\/filters:strip_icc()\/i.s3.glbimg.com\/v1\/AUTH_59edd422c0c84a879bd37670ae4f538a\/internal_photos\/bs\/2020\/A\/i\/37JRHqSF6MLsliVPfLSg\/50297827068-27d1d92172-k.jpg 600w\" alt=\"Banco Central (BC) lan\u00e7ou nesta quarta-feira (2) a nova nota de R$ 200 com a imagem do lobo-guar\u00e1 \u2014 Foto: Raphael Ribeiro\/BCB\" \/><\/figure>\n<p class=\"content-media__description \">Banco Central (BC) lan\u00e7ou nesta quarta-feira (2) a nova nota de R$ 200 com a imagem do lobo-guar\u00e1 \u2014 Foto: Raphael Ribeiro\/BCB<\/p>\n<\/div>\n<\/div>\n<div class=\"mc-column content-text active-extra-styles\" data-block-type=\"raw\" data-block-weight=\"3\" data-block-id=\"23\">\n<div class=\"content-intertitle\">\n<h2>Itens de seguran\u00e7a<\/h2>\n<\/div>\n<\/div>\n<div class=\"mc-column content-text active-extra-styles \" data-block-type=\"unstyled\" data-block-weight=\"25\" data-block-id=\"24\">\n<p class=\"content-text__container \" data-track-category=\"Link no Texto\" data-track-links=\"\">Na c\u00e9dula de R$ 200, segundo o BC, optou-se pela manuten\u00e7\u00e3o de elementos de seguran\u00e7a j\u00e1 existentes nas c\u00e9dulas da segunda fam\u00edlia do real:<\/p>\n<\/div>\n<div class=\"mc-column content-text active-extra-styles\" data-block-type=\"raw\" data-block-weight=\"71\" data-block-id=\"25\">\n<ul class=\"content-unordered-list\">\n<li>o n\u00famero que muda de cor, que muda do azul para o verde, com uma faixa brilhante parecendo rolar para cima e para baixo, ao se movimentar a nota;<\/li>\n<li>a marca-d\u2019\u00e1gua, que apresenta o valor da nota e a imagem do animal;<\/li>\n<li>o n\u00famero escondido, que aparece quando a nota \u00e9 colocada na posi\u00e7\u00e3o horizontal, na altura dos olhos;<\/li>\n<li>o alto-relevo, em diversas \u00e1reas na frente e no verso da nota.<\/li>\n<\/ul>\n<\/div>\n<div class=\"content-ads content-ads--reveal\" data-block-type=\"ads\" data-block-id=\"26\"><\/div>\n<div class=\"mc-column content-text active-extra-styles\" data-block-type=\"raw\" data-block-weight=\"1\" data-block-id=\"27\">\n<div class=\"content-intertitle\">\n<h2>Lobo-guar\u00e1<\/h2>\n<\/div>\n<\/div>\n<div class=\"mc-column content-text active-extra-styles \" data-block-type=\"unstyled\" data-block-weight=\"23\" data-block-id=\"28\">\n<p class=\"content-text__container \" data-track-category=\"Link no Texto\" data-track-links=\"\">O animal escolhido para a nova nota, o lobo-guar\u00e1, foi o terceiro colocado em uma pesquisa feita pelo Banco Central em 2000.<\/p>\n<\/div>\n<div class=\"mc-column content-text active-extra-styles \" data-block-type=\"unstyled\" data-block-weight=\"16\" data-block-id=\"29\">\n<p class=\"content-text__container \" data-track-category=\"Link no Texto\" data-track-links=\"\">A institui\u00e7\u00e3o perguntou \u00e0 popula\u00e7\u00e3o quais esp\u00e9cimes da fauna gostariam de ver representados no dinheiro brasileiro.<\/p>\n<\/div>\n<div class=\"mc-column content-text active-extra-styles \" data-block-type=\"unstyled\" data-block-weight=\"25\" data-block-id=\"30\">\n<p class=\"content-text__container \" data-track-category=\"Link no Texto\" data-track-links=\"\">O primeiro lugar foi a tartaruga marinha, usada na c\u00e9dula de R$ 2. O segundo, o mico le\u00e3o dourado, incorporado na c\u00e9dula de R$ 20.<\/p>\n<p data-track-category=\"Link no Texto\" data-track-links=\"\">Fonte: https:\/\/g1.globo.com\/economia\/noticia\/2020\/09\/02\/banco-central-faz-cerimonia-de-lancamento-da-nota-de-r-200-com-imagem-de-um-lobo-guara.ghtml<\/p>\n<\/div>\n<\/div>\n","protected":false},"excerpt":{"rendered":"<p>Institui\u00e7\u00e3o encomendou 450 milh\u00f5es de unidades da c\u00e9dula at\u00e9 dezembro. Nova nota entrou em circula\u00e7\u00e3o nesta quarta-feira. O\u00a0Banco Central\u00a0lan\u00e7ou na tarde desta quarta-feira (2) a\u00a0nova nota de R$ 200. Ap\u00f3s o lan\u00e7amento, a nota, com imagem de um lobo-guar\u00e1, entrou em circula\u00e7\u00e3o. Essa \u00e9 a s\u00e9tima c\u00e9dula da fam\u00edlia de notas do real. O Banco [&hellip;]<\/p>\n","protected":false},"author":1,"featured_media":34031,"comment_status":"closed","ping_status":"open","sticky":false,"template":"","format":"standard","meta":{"footnotes":""},"categories":[110,116],"tags":[],"class_list":["post-34030","post","type-post","status-publish","format-standard","has-post-thumbnail","hentry","category-noticiasdestaque","category-politicaeeconomia"],"_links":{"self":[{"href":"https:\/\/jorgezanoni.com.br\/2019\/wp-json\/wp\/v2\/posts\/34030","targetHints":{"allow":["GET"]}}],"collection":[{"href":"https:\/\/jorgezanoni.com.br\/2019\/wp-json\/wp\/v2\/posts"}],"about":[{"href":"https:\/\/jorgezanoni.com.br\/2019\/wp-json\/wp\/v2\/types\/post"}],"author":[{"embeddable":true,"href":"https:\/\/jorgezanoni.com.br\/2019\/wp-json\/wp\/v2\/users\/1"}],"replies":[{"embeddable":true,"href":"https:\/\/jorgezanoni.com.br\/2019\/wp-json\/wp\/v2\/comments?post=34030"}],"version-history":[{"count":0,"href":"https:\/\/jorgezanoni.com.br\/2019\/wp-json\/wp\/v2\/posts\/34030\/revisions"}],"wp:featuredmedia":[{"embeddable":true,"href":"https:\/\/jorgezanoni.com.br\/2019\/wp-json\/wp\/v2\/media\/34031"}],"wp:attachment":[{"href":"https:\/\/jorgezanoni.com.br\/2019\/wp-json\/wp\/v2\/media?parent=34030"}],"wp:term":[{"taxonomy":"category","embeddable":true,"href":"https:\/\/jorgezanoni.com.br\/2019\/wp-json\/wp\/v2\/categories?post=34030"},{"taxonomy":"post_tag","embeddable":true,"href":"https:\/\/jorgezanoni.com.br\/2019\/wp-json\/wp\/v2\/tags?post=34030"}],"curies":[{"name":"wp","href":"https:\/\/api.w.org\/{rel}","templated":true}]}}