{"id":34018,"date":"2020-09-03T00:22:17","date_gmt":"2020-09-03T00:22:17","guid":{"rendered":"https:\/\/jorgezanoni.com.br\/2019\/?p=34018"},"modified":"2020-09-03T00:22:17","modified_gmt":"2020-09-03T00:22:17","slug":"homem-e-preso-em-flagrante-por-pedofilia-com-dvd-com-fotos-pornograficas-da-propria-filha-em-junqueiropolis","status":"publish","type":"post","link":"https:\/\/jorgezanoni.com.br\/2019\/homem-e-preso-em-flagrante-por-pedofilia-com-dvd-com-fotos-pornograficas-da-propria-filha-em-junqueiropolis\/","title":{"rendered":"Homem \u00e9 preso em flagrante por pedofilia com DVD com fotos pornogr\u00e1ficas da pr\u00f3pria filha em Junqueir\u00f3polis"},"content":{"rendered":"<h2 class=\"content-head__subtitle\" style=\"text-align: justify;\"><strong>Computador do suspeito foi apreendido pela Pol\u00edcia Civil e ser\u00e1 periciado para verificar se h\u00e1 mais material ilegal. Pena prevista para o crime \u00e9 de um a quatro anos de reclus\u00e3o.<\/strong><\/h2>\n<div class=\"mc-column content-text active-extra-styles \" data-block-type=\"unstyled\" data-block-weight=\"48\" data-block-id=\"2\">\n<p class=\"content-text__container \" style=\"text-align: justify;\" data-track-category=\"Link no Texto\" data-track-links=\"\">Um homem de 47 anos foi preso em flagrante por pedofilia na tarde desta quarta-feira (2), em\u00a0<a href=\"https:\/\/g1.globo.com\/sp\/presidente-prudente-regiao\/cidade\/junqueiropolis\/\">Junqueir\u00f3polis (SP)<\/a>. De acordo com a Pol\u00edcia Civil, ele mantinha em sua posse um DVD com fotografias pornogr\u00e1ficas de uma de suas filhas, que na \u00e9poca do registro tinha 17 anos.<\/p>\n<\/div>\n<div class=\"wall protected-content\">\n<div class=\"mc-column content-text active-extra-styles \" style=\"text-align: justify;\" data-block-type=\"unstyled\" data-block-weight=\"30\" data-block-id=\"3\">\n<p class=\"content-text__container \" data-track-category=\"Link no Texto\" data-track-links=\"\">O delegado Eliandro Renato dos Santos informou ao\u00a0<strong>G1\u00a0<\/strong>que tais imagens s\u00e3o do ano de 2009. Atualmente, a filha do suspeito que aparece nas fotos reside em outro munic\u00edpio.<\/p>\n<\/div>\n<div class=\"mc-column content-text active-extra-styles \" style=\"text-align: justify;\" data-block-type=\"unstyled\" data-block-weight=\"23\" data-block-id=\"4\">\n<p class=\"content-text__container \" data-track-category=\"Link no Texto\" data-track-links=\"\">O computador do homem foi apreendido pela Pol\u00edcia Civil e ser\u00e1 periciado para verificar se h\u00e1 mais material relacionado a pedofilia no equipamento.<\/p>\n<\/div>\n<div class=\"mc-column content-text active-extra-styles \" style=\"text-align: justify;\" data-block-type=\"unstyled\" data-block-weight=\"23\" data-block-id=\"5\">\n<p class=\"content-text__container \" data-track-category=\"Link no Texto\" data-track-links=\"\">Santos ainda informou ao\u00a0<strong>G1\u00a0<\/strong>que o suspeito mora com outros dois filhos, uma adolescente de 17 anos e um rapaz de 22.<\/p>\n<\/div>\n<div class=\"mc-column content-text active-extra-styles \" style=\"text-align: justify;\" data-block-type=\"unstyled\" data-block-weight=\"43\" data-block-id=\"6\">\n<p class=\"content-text__container \" data-track-category=\"Link no Texto\" data-track-links=\"\">O crime de pedofilia est\u00e1 previsto no artigo 241-B do Estatuto da Crian\u00e7a e do Adolescente (ECA) e a pena para quem armazena fotos ou v\u00eddeos pornogr\u00e1ficos de crian\u00e7as e adolescentes \u00e9 de um a quatro anos de reclus\u00e3o, segundo a Pol\u00edcia Civil.<\/p>\n<\/div>\n<div class=\"mc-column content-text active-extra-styles \" style=\"text-align: justify;\" data-block-type=\"unstyled\" data-block-weight=\"9\" data-block-id=\"7\">\n<p class=\"content-text__container \" data-track-category=\"Link no Texto\" data-track-links=\"\">O suspeito passar\u00e1 por\u00a0<a href=\"https:\/\/g1.globo.com\/sp\/presidente-prudente-regiao\/noticia\/audiencia-de-custodia-concede-liberdade-em-30-dos-casos-na-regiao-de-presidente-prudente-revela-levantamento-exclusivo-do-g1.ghtml\">audi\u00eancia de cust\u00f3dia<\/a>\u00a0na Justi\u00e7a.<\/p>\n<\/div>\n<div data-track-category=\"multicontent\" data-track-action=\"ultimo chunk conteudo\" data-track-noninteraction=\"false\" data-track-scroll=\"view\">\n<div class=\"mc-column content-text active-extra-styles \" style=\"text-align: justify;\" data-block-type=\"unstyled\" data-block-weight=\"9\" data-block-id=\"8\">Fonte: G1<\/div>\n<\/div>\n<\/div>\n","protected":false},"excerpt":{"rendered":"<p>Computador do suspeito foi apreendido pela Pol\u00edcia Civil e ser\u00e1 periciado para verificar se h\u00e1 mais material ilegal. Pena prevista para o crime \u00e9 de um a quatro anos de reclus\u00e3o. Um homem de 47 anos foi preso em flagrante por pedofilia na tarde desta quarta-feira (2), em\u00a0Junqueir\u00f3polis (SP). De acordo com a Pol\u00edcia Civil, [&hellip;]<\/p>\n","protected":false},"author":1,"featured_media":34019,"comment_status":"closed","ping_status":"open","sticky":false,"template":"","format":"standard","meta":{"footnotes":""},"categories":[110,2],"tags":[],"class_list":["post-34018","post","type-post","status-publish","format-standard","has-post-thumbnail","hentry","category-noticiasdestaque","category-policial"],"_links":{"self":[{"href":"https:\/\/jorgezanoni.com.br\/2019\/wp-json\/wp\/v2\/posts\/34018","targetHints":{"allow":["GET"]}}],"collection":[{"href":"https:\/\/jorgezanoni.com.br\/2019\/wp-json\/wp\/v2\/posts"}],"about":[{"href":"https:\/\/jorgezanoni.com.br\/2019\/wp-json\/wp\/v2\/types\/post"}],"author":[{"embeddable":true,"href":"https:\/\/jorgezanoni.com.br\/2019\/wp-json\/wp\/v2\/users\/1"}],"replies":[{"embeddable":true,"href":"https:\/\/jorgezanoni.com.br\/2019\/wp-json\/wp\/v2\/comments?post=34018"}],"version-history":[{"count":0,"href":"https:\/\/jorgezanoni.com.br\/2019\/wp-json\/wp\/v2\/posts\/34018\/revisions"}],"wp:featuredmedia":[{"embeddable":true,"href":"https:\/\/jorgezanoni.com.br\/2019\/wp-json\/wp\/v2\/media\/34019"}],"wp:attachment":[{"href":"https:\/\/jorgezanoni.com.br\/2019\/wp-json\/wp\/v2\/media?parent=34018"}],"wp:term":[{"taxonomy":"category","embeddable":true,"href":"https:\/\/jorgezanoni.com.br\/2019\/wp-json\/wp\/v2\/categories?post=34018"},{"taxonomy":"post_tag","embeddable":true,"href":"https:\/\/jorgezanoni.com.br\/2019\/wp-json\/wp\/v2\/tags?post=34018"}],"curies":[{"name":"wp","href":"https:\/\/api.w.org\/{rel}","templated":true}]}}