{"id":34015,"date":"2020-09-03T00:05:26","date_gmt":"2020-09-03T00:05:26","guid":{"rendered":"https:\/\/jorgezanoni.com.br\/2019\/?p=34015"},"modified":"2020-09-03T00:05:26","modified_gmt":"2020-09-03T00:05:26","slug":"mae-da-vereadora-alba-lucena-morre-vitima-de-incendio-em-residencia-no-jardim-bongiovani-em-presidente-prudente","status":"publish","type":"post","link":"https:\/\/jorgezanoni.com.br\/2019\/mae-da-vereadora-alba-lucena-morre-vitima-de-incendio-em-residencia-no-jardim-bongiovani-em-presidente-prudente\/","title":{"rendered":"M\u00e3e da vereadora Alba Lucena morre v\u00edtima de inc\u00eandio em resid\u00eancia no Jardim Bongiovani, em Presidente Prudente"},"content":{"rendered":"<h2 class=\"content-head__subtitle\" style=\"text-align: justify;\"><strong>Diva Lopes da Silva, de 90 anos, sofreu queimaduras na cabe\u00e7a e chegou a ser socorrida pelo Corpo de Bombeiros na tarde desta quarta-feira (2), mas n\u00e3o resistiu.<\/strong><\/h2>\n<div class=\"mc-column content-text active-extra-styles \" data-block-type=\"unstyled\" data-block-weight=\"36\" data-block-id=\"2\">\n<p class=\"content-text__container \" style=\"text-align: justify;\" data-track-category=\"Link no Texto\" data-track-links=\"\">A m\u00e3e da vereadora Alba Lucena Fernandes Gandia (DEM), Diva Lopes da Silva, de 90 anos, morreu v\u00edtima de um inc\u00eandio na resid\u00eancia da fam\u00edlia, na tarde desta quarta-feira (2), no Jardim Bongiovani, em\u00a0<a href=\"https:\/\/g1.globo.com\/sp\/presidente-prudente-regiao\/cidade\/presidente-prudente\/\">Presidente Prudente<\/a>.<\/p>\n<\/div>\n<div class=\"wall protected-content\">\n<div class=\"mc-column content-text active-extra-styles \" style=\"text-align: justify;\" data-block-type=\"unstyled\" data-block-weight=\"41\" data-block-id=\"3\">\n<p class=\"content-text__container \" data-track-category=\"Link no Texto\" data-track-links=\"\">Segundo o Corpo de Bombeiros, m\u00e3e e filha chegaram a ser socorridas e encaminhadas a um hospital particular da cidade para receberem atendimento m\u00e9dico. No entanto, Diva Lopes da Silva, que sofreu queimaduras na cabe\u00e7a, n\u00e3o resistiu aos ferimentos e faleceu.<\/p>\n<\/div>\n<div class=\"mc-column content-text active-extra-styles \" style=\"text-align: justify;\" data-block-type=\"unstyled\" data-block-weight=\"9\" data-block-id=\"4\">\n<p class=\"content-text__container \" data-track-category=\"Link no Texto\" data-track-links=\"\">A corpora\u00e7\u00e3o foi acionada por volta das 17h.<\/p>\n<\/div>\n<div class=\"mc-column content-text active-extra-styles \" style=\"text-align: justify;\" data-block-type=\"unstyled\" data-block-weight=\"15\" data-block-id=\"5\">\n<p class=\"content-text__container \" data-track-category=\"Link no Texto\" data-track-links=\"\">O fogo j\u00e1 foi contido. Ainda n\u00e3o h\u00e1 informa\u00e7\u00f5es sobre as causas do inc\u00eandio.<\/p>\n<\/div>\n<div class=\"mc-column content-text active-extra-styles \" style=\"text-align: justify;\" data-block-type=\"unstyled\" data-block-weight=\"26\" data-block-id=\"6\">\n<p class=\"content-text__container \" data-track-category=\"Link no Texto\" data-track-links=\"\">A C\u00e2mara Municipal informou ao\u00a0<strong>G1\u00a0<\/strong>que a vereadora, de 72 anos, \u201cest\u00e1 bem, mas foi levada para o hospital por causa da press\u00e3o que subiu\u201d.<\/p>\n<\/div>\n<div class=\"mc-column content-text active-extra-styles \" style=\"text-align: justify;\" data-block-type=\"unstyled\" data-block-weight=\"11\" data-block-id=\"7\">\n<p class=\"content-text__container \" data-track-category=\"Link no Texto\" data-track-links=\"\">Segundo os bombeiros, Alba acabou inalando fuma\u00e7a durante o inc\u00eandio.<\/p>\n<\/div>\n<div class=\"row medium-uncollapsed content-media content-photo\" style=\"text-align: justify;\" data-block-type=\"backstage-photo\" data-block-id=\"8\">\n<div class=\"column medium-22 large-20 medium-centered content-media__container\">\n<figure><img decoding=\"async\" class=\"i-amphtml-fill-content i-amphtml-replaced-content\" src=\"https:\/\/s2.glbimg.com\/eqzyVwxHW1G1HlCNRn758qXD_Cs=\/0x0:1280x720\/1008x0\/smart\/filters:strip_icc()\/i.s3.glbimg.com\/v1\/AUTH_59edd422c0c84a879bd37670ae4f538a\/internal_photos\/bs\/2020\/p\/D\/gBIBoeSuqpuBMzHLW2GA\/alba-3.jpeg\" srcset=\"\" alt=\"Inc\u00eandio atingiu a casa da vereadora Alba Lucena Fernandes Gandia (DEM), em Presidente Prudente \u2014 Foto: Mateus Tarifa\/TV Fronteira\" \/><\/figure>\n<p class=\"content-media__description \">Inc\u00eandio atingiu a casa da vereadora Alba Lucena Fernandes Gandia (DEM), em Presidente Prudente \u2014 Foto: Mateus Tarifa\/TV Fronteira<\/p>\n<\/div>\n<\/div>\n<div class=\"mc-column content-text active-extra-styles\" style=\"text-align: justify;\" data-block-type=\"raw\" data-block-weight=\"3\" data-block-id=\"10\">\n<div class=\"content-intertitle\">\n<h2>Boletim de ocorr\u00eancia<\/h2>\n<\/div>\n<\/div>\n<div class=\"mc-column content-text active-extra-styles \" style=\"text-align: justify;\" data-block-type=\"unstyled\" data-block-weight=\"43\" data-block-id=\"11\">\n<p class=\"content-text__container \" data-track-category=\"Link no Texto\" data-track-links=\"\">De acordo com informa\u00e7\u00f5es contidas no Boletim de Ocorr\u00eancia registrado na Delegacia Participativa da Pol\u00edcia Civil, a Pol\u00edcia Militar foi acionada para o atendimento de inc\u00eandio e, ao chegar no local, v\u00e1rias viaturas do Corpo de Bombeiros estavam apagando o fogo na resid\u00eancia.<\/p>\n<\/div>\n<div class=\"mc-column content-text active-extra-styles \" style=\"text-align: justify;\" data-block-type=\"unstyled\" data-block-weight=\"31\" data-block-id=\"12\">\n<p class=\"content-text__container \" data-track-category=\"Link no Texto\" data-track-links=\"\">A v\u00edtima, de 90 anos e moradora da casa atingida pelas chamas, foi socorrida por uma unidade de Resgate e encaminhada para um hospital particular, onde morreu, segundo o documento policial.<\/p>\n<\/div>\n<div class=\"mc-column content-text active-extra-styles \" style=\"text-align: justify;\" data-block-type=\"unstyled\" data-block-weight=\"20\" data-block-id=\"13\">\n<p class=\"content-text__container \" data-track-category=\"Link no Texto\" data-track-links=\"\">A vereadora Alba Lucena, moradora da resid\u00eancia da frente, tamb\u00e9m foi socorrida e encaminhada ao hospital, sem sinais de queimadura.<\/p>\n<\/div>\n<div class=\"mc-column content-text active-extra-styles \" style=\"text-align: justify;\" data-block-type=\"unstyled\" data-block-weight=\"31\" data-block-id=\"14\">\n<p class=\"content-text__container \" data-track-category=\"Link no Texto\" data-track-links=\"\">Segundo informa\u00e7\u00f5es de familiares e vizinhos, a v\u00edtima teria o h\u00e1bito de acender velas em sua resid\u00eancia e havia vest\u00edgios de frascos de \u00e1lcool em gel, possivelmente por conta da pandemia.<\/p>\n<\/div>\n<div class=\"mc-column content-text active-extra-styles \" style=\"text-align: justify;\" data-block-type=\"unstyled\" data-block-weight=\"15\" data-block-id=\"15\">\n<p class=\"content-text__container \" data-track-category=\"Link no Texto\" data-track-links=\"\">Foi requisitada per\u00edcia para o local e a realiza\u00e7\u00e3o de exame necrosc\u00f3pico para a v\u00edtima.<\/p>\n<\/div>\n<div class=\"row medium-uncollapsed content-media content-photo\" style=\"text-align: justify;\" data-block-type=\"backstage-photo\" data-block-id=\"16\">\n<div class=\"column medium-22 large-20 medium-centered content-media__container\">\n<figure><img decoding=\"async\" class=\"i-amphtml-fill-content i-amphtml-replaced-content\" src=\"https:\/\/s2.glbimg.com\/3bTHliPixi-e52C4NM9Nuq6A0vo=\/0x0:1280x720\/1008x0\/smart\/filters:strip_icc()\/i.s3.glbimg.com\/v1\/AUTH_59edd422c0c84a879bd37670ae4f538a\/internal_photos\/bs\/2020\/6\/A\/eUAPuhQXWU7qEfucAO8w\/alba-1.jpeg\" srcset=\"\" alt=\"Inc\u00eandio atingiu a casa da vereadora Alba Lucena Fernandes Gandia (DEM), em Presidente Prudente \u2014 Foto: Mateus Tarifa\/TV Fronteira\" \/><\/figure>\n<p class=\"content-media__description \">Inc\u00eandio atingiu a casa da vereadora Alba Lucena Fernandes Gandia (DEM), em Presidente Prudente \u2014 Foto: Mateus Tarifa\/TV Fronteira<\/p>\n<\/div>\n<\/div>\n<div class=\"row medium-uncollapsed content-media content-photo\" data-block-type=\"backstage-photo\" data-block-id=\"17\">\n<div class=\"column medium-22 large-20 medium-centered content-media__container\">\n<figure style=\"text-align: justify;\"><img decoding=\"async\" class=\"i-amphtml-fill-content i-amphtml-replaced-content\" src=\"https:\/\/s2.glbimg.com\/irf_42Z6KXQuNu2FSP_qcvCDsF8=\/0x0:1280x720\/1008x0\/smart\/filters:strip_icc()\/i.s3.glbimg.com\/v1\/AUTH_59edd422c0c84a879bd37670ae4f538a\/internal_photos\/bs\/2020\/o\/B\/bEoAAhSvaFHo3btYspog\/alba-2.jpeg\" srcset=\"\" alt=\"Inc\u00eandio atingiu a casa da vereadora Alba Lucena Fernandes Gandia (DEM), em Presidente Prudente \u2014 Foto: Mateus Tarifa\/TV Fronteira\" \/><\/figure>\n<p class=\"content-media__description \" style=\"text-align: justify;\">Inc\u00eandio atingiu a casa da vereadora Alba Lucena Fernandes Gandia (DEM), em Presidente Prudente \u2014 Foto: Mateus Tarifa\/TV Fronteira<\/p>\n<p style=\"text-align: justify;\">Fonte: G1<\/p>\n<\/div>\n<\/div>\n<\/div>\n","protected":false},"excerpt":{"rendered":"<p>Diva Lopes da Silva, de 90 anos, sofreu queimaduras na cabe\u00e7a e chegou a ser socorrida pelo Corpo de Bombeiros na tarde desta quarta-feira (2), mas n\u00e3o resistiu. A m\u00e3e da vereadora Alba Lucena Fernandes Gandia (DEM), Diva Lopes da Silva, de 90 anos, morreu v\u00edtima de um inc\u00eandio na resid\u00eancia da fam\u00edlia, na tarde [&hellip;]<\/p>\n","protected":false},"author":1,"featured_media":34016,"comment_status":"closed","ping_status":"open","sticky":false,"template":"","format":"standard","meta":{"footnotes":""},"categories":[110,2],"tags":[],"class_list":["post-34015","post","type-post","status-publish","format-standard","has-post-thumbnail","hentry","category-noticiasdestaque","category-policial"],"_links":{"self":[{"href":"https:\/\/jorgezanoni.com.br\/2019\/wp-json\/wp\/v2\/posts\/34015","targetHints":{"allow":["GET"]}}],"collection":[{"href":"https:\/\/jorgezanoni.com.br\/2019\/wp-json\/wp\/v2\/posts"}],"about":[{"href":"https:\/\/jorgezanoni.com.br\/2019\/wp-json\/wp\/v2\/types\/post"}],"author":[{"embeddable":true,"href":"https:\/\/jorgezanoni.com.br\/2019\/wp-json\/wp\/v2\/users\/1"}],"replies":[{"embeddable":true,"href":"https:\/\/jorgezanoni.com.br\/2019\/wp-json\/wp\/v2\/comments?post=34015"}],"version-history":[{"count":0,"href":"https:\/\/jorgezanoni.com.br\/2019\/wp-json\/wp\/v2\/posts\/34015\/revisions"}],"wp:featuredmedia":[{"embeddable":true,"href":"https:\/\/jorgezanoni.com.br\/2019\/wp-json\/wp\/v2\/media\/34016"}],"wp:attachment":[{"href":"https:\/\/jorgezanoni.com.br\/2019\/wp-json\/wp\/v2\/media?parent=34015"}],"wp:term":[{"taxonomy":"category","embeddable":true,"href":"https:\/\/jorgezanoni.com.br\/2019\/wp-json\/wp\/v2\/categories?post=34015"},{"taxonomy":"post_tag","embeddable":true,"href":"https:\/\/jorgezanoni.com.br\/2019\/wp-json\/wp\/v2\/tags?post=34015"}],"curies":[{"name":"wp","href":"https:\/\/api.w.org\/{rel}","templated":true}]}}