{"id":33969,"date":"2020-09-02T01:00:51","date_gmt":"2020-09-02T01:00:51","guid":{"rendered":"https:\/\/jorgezanoni.com.br\/2019\/?p=33969"},"modified":"2020-09-02T01:05:39","modified_gmt":"2020-09-02T01:05:39","slug":"homem-e-preso-apos-descumprir-medidas-protetivas-de-urgencia-previstas-na-lei-maria-da-penha","status":"publish","type":"post","link":"https:\/\/jorgezanoni.com.br\/2019\/homem-e-preso-apos-descumprir-medidas-protetivas-de-urgencia-previstas-na-lei-maria-da-penha\/","title":{"rendered":"Homem \u00e9 preso ap\u00f3s descumprir medidas protetivas de urg\u00eancia previstas na Lei Maria da Penha"},"content":{"rendered":"<h2 class=\"content-head__subtitle\" style=\"text-align: justify;\"><strong>Contra o indiv\u00edduo, de 37 anos, havia um mandado de pris\u00e3o preventiva em raz\u00e3o da pr\u00e1tica de viol\u00eancia dom\u00e9stica.<\/strong><\/h2>\n<div class=\"mc-column content-text active-extra-styles \" data-block-type=\"unstyled\" data-block-weight=\"42\" data-block-id=\"2\">\n<p class=\"content-text__container \" style=\"text-align: justify;\" data-track-category=\"Link no Texto\" data-track-links=\"\">Um homem de 37 anos foi preso nesta segunda-feira (31) em raz\u00e3o da pr\u00e1tica de viol\u00eancia dom\u00e9stica, em\u00a0<a href=\"http:\/\/g1.globo.com\/sp\/presidente-prudente-regiao\/cidade\/dracena.html\">Dracena<\/a>. Contra ele havia um mandado de pris\u00e3o preventiva, que foi cumprido pela Pol\u00edcia Civil, por meio da Delegacia de Defesa da Mulher (DDM)<\/p>\n<\/div>\n<div class=\"wall protected-content\">\n<div class=\"mc-column content-text active-extra-styles \" style=\"text-align: justify;\" data-block-type=\"unstyled\" data-block-weight=\"35\" data-block-id=\"3\">\n<p class=\"content-text__container \" data-track-category=\"Link no Texto\" data-track-links=\"\">Conforme a pol\u00edcia, o investigado estava descumprindo medidas protetivas de urg\u00eancia previstas na Lei Maria da Penha. Os procedimentos iniciais foram feitos pela Delegacia de Defesa da Mulher e a pris\u00e3o foi decretada pela Justi\u00e7a.<\/p>\n<\/div>\n<div class=\"mc-column content-text active-extra-styles \" data-block-type=\"unstyled\" data-block-weight=\"31\" data-block-id=\"4\">\n<p class=\"content-text__container \" style=\"text-align: justify;\" data-track-category=\"Link no Texto\" data-track-links=\"\">A pris\u00e3o foi realizada no bairro Metr\u00f3poles, e ap\u00f3s os procedimentos inerentes aos atos de pol\u00edcia judici\u00e1ria, o preso foi encaminhado a uma unidade prisional, onde permanecer\u00e1 \u00e0 disposi\u00e7\u00e3o da Justi\u00e7a.<\/p>\n<p style=\"text-align: justify;\" data-track-category=\"Link no Texto\" data-track-links=\"\">Fonte: G1 e Com. Social Policia Civil<\/p>\n<\/div>\n<\/div>\n","protected":false},"excerpt":{"rendered":"<p>Contra o indiv\u00edduo, de 37 anos, havia um mandado de pris\u00e3o preventiva em raz\u00e3o da pr\u00e1tica de viol\u00eancia dom\u00e9stica. Um homem de 37 anos foi preso nesta segunda-feira (31) em raz\u00e3o da pr\u00e1tica de viol\u00eancia dom\u00e9stica, em\u00a0Dracena. Contra ele havia um mandado de pris\u00e3o preventiva, que foi cumprido pela Pol\u00edcia Civil, por meio da Delegacia [&hellip;]<\/p>\n","protected":false},"author":1,"featured_media":33970,"comment_status":"closed","ping_status":"open","sticky":false,"template":"","format":"standard","meta":{"footnotes":""},"categories":[110,2],"tags":[],"class_list":["post-33969","post","type-post","status-publish","format-standard","has-post-thumbnail","hentry","category-noticiasdestaque","category-policial"],"_links":{"self":[{"href":"https:\/\/jorgezanoni.com.br\/2019\/wp-json\/wp\/v2\/posts\/33969","targetHints":{"allow":["GET"]}}],"collection":[{"href":"https:\/\/jorgezanoni.com.br\/2019\/wp-json\/wp\/v2\/posts"}],"about":[{"href":"https:\/\/jorgezanoni.com.br\/2019\/wp-json\/wp\/v2\/types\/post"}],"author":[{"embeddable":true,"href":"https:\/\/jorgezanoni.com.br\/2019\/wp-json\/wp\/v2\/users\/1"}],"replies":[{"embeddable":true,"href":"https:\/\/jorgezanoni.com.br\/2019\/wp-json\/wp\/v2\/comments?post=33969"}],"version-history":[{"count":0,"href":"https:\/\/jorgezanoni.com.br\/2019\/wp-json\/wp\/v2\/posts\/33969\/revisions"}],"wp:featuredmedia":[{"embeddable":true,"href":"https:\/\/jorgezanoni.com.br\/2019\/wp-json\/wp\/v2\/media\/33970"}],"wp:attachment":[{"href":"https:\/\/jorgezanoni.com.br\/2019\/wp-json\/wp\/v2\/media?parent=33969"}],"wp:term":[{"taxonomy":"category","embeddable":true,"href":"https:\/\/jorgezanoni.com.br\/2019\/wp-json\/wp\/v2\/categories?post=33969"},{"taxonomy":"post_tag","embeddable":true,"href":"https:\/\/jorgezanoni.com.br\/2019\/wp-json\/wp\/v2\/tags?post=33969"}],"curies":[{"name":"wp","href":"https:\/\/api.w.org\/{rel}","templated":true}]}}