{"id":33966,"date":"2020-09-02T00:42:16","date_gmt":"2020-09-02T00:42:16","guid":{"rendered":"https:\/\/jorgezanoni.com.br\/2019\/?p=33966"},"modified":"2020-09-02T00:42:16","modified_gmt":"2020-09-02T00:42:16","slug":"santa-mercedes-confirma-1o-caso-de-covid-19-e-deixa-de-ser-unica-cidade-do-estado-de-sao-paulo-a-nao-ter-registro-da-doenca","status":"publish","type":"post","link":"https:\/\/jorgezanoni.com.br\/2019\/santa-mercedes-confirma-1o-caso-de-covid-19-e-deixa-de-ser-unica-cidade-do-estado-de-sao-paulo-a-nao-ter-registro-da-doenca\/","title":{"rendered":"Santa Mercedes confirma 1\u00ba caso de Covid-19 e deixa de ser \u00fanica cidade do Estado de S\u00e3o Paulo a n\u00e3o ter registro da doen\u00e7a"},"content":{"rendered":"<h2 class=\"content-head__subtitle\" style=\"text-align: justify;\"><strong>Prefeitura informou que a paciente \u00e9 uma mulher, de 31 anos, que cumpre isolamento domiciliar.<\/strong><\/h2>\n<div class=\"mc-column content-text active-extra-styles \" data-block-type=\"unstyled\" data-block-weight=\"49\" data-block-id=\"2\">\n<p class=\"content-text__container \" style=\"text-align: justify;\" data-track-category=\"Link no Texto\" data-track-links=\"\">A Vigil\u00e2ncia Epidemiol\u00f3gica confirmou nesta ter\u00e7a-feira (1\u00ba), o primeiro caso positivo de Covid-19 em\u00a0<a href=\"https:\/\/g1.globo.com\/sp\/presidente-prudente-regiao\/cidade\/santa-mercedes\/\">Santa Mercedes<\/a>. Com a atualiza\u00e7\u00e3o, o munic\u00edpio deixa de ser o \u00fanico sem registros da doen\u00e7a. Santa Mercedes foi a \u00faltima cidade do Estado de S\u00e3o Paulo a ter caso confirmado do novo coronav\u00edrus.<\/p>\n<\/div>\n<div class=\"wall protected-content\">\n<div class=\"mc-column content-text active-extra-styles \" style=\"text-align: justify;\" data-block-type=\"unstyled\" data-block-weight=\"19\" data-block-id=\"3\">\n<p class=\"content-text__container \" data-track-category=\"Link no Texto\" data-track-links=\"\">De acordo com a Prefeitura, a paciente \u00e9 uma mulher, de 31 anos, que trabalha fora do munic\u00edpio.<\/p>\n<\/div>\n<div class=\"mc-column content-text active-extra-styles\" style=\"text-align: justify;\" data-block-type=\"raw\" data-block-weight=\"44\" data-block-id=\"4\">\n<ul class=\"content-unordered-list\">\n<li><a href=\"https:\/\/g1.globo.com\/sp\/presidente-prudente-regiao\/noticia\/2020\/08\/31\/secretaria-estadual-de-saude-divulga-1o-caso-de-covid-19-em-santa-mercedes-e-doenca-alcanca-todo-o-estado-de-sp.ghtml\">Secretaria Estadual de Sa\u00fade divulga 1\u00ba caso de Covid-19 em Santa Mercedes e doen\u00e7a alcan\u00e7a todo o Estado de SP; Prefeitura contesta<\/a><\/li>\n<li><a href=\"https:\/\/g1.globo.com\/sp\/presidente-prudente-regiao\/noticia\/2020\/08\/13\/unica-cidade-do-estado-de-sao-paulo-sem-covid-19-santa-mercedes-sente-o-reflexo-da-tranquilidade-e-da-obediencia-a-protocolos-sanitarios.ghtml\">\u00danica cidade do Estado de S\u00e3o Paulo sem Covid-19, Santa Mercedes sente o reflexo da tranquilidade e da obedi\u00eancia a protocolos sanit\u00e1rios<\/a><\/li>\n<\/ul>\n<\/div>\n<div class=\"mc-column content-text active-extra-styles \" style=\"text-align: justify;\" data-block-type=\"unstyled\" data-block-weight=\"23\" data-block-id=\"5\">\n<p class=\"content-text__container \" data-track-category=\"Link no Texto\" data-track-links=\"\">Conforme a Vigil\u00e2ncia Epidemiol\u00f3gica, foram realizadas todas as medidas e protocolos do Minist\u00e9rio da Sa\u00fade e a paciente est\u00e1 em isolamento domiciliar.<\/p>\n<\/div>\n<div class=\"mc-column content-text active-extra-styles \" style=\"text-align: justify;\" data-block-type=\"unstyled\" data-block-weight=\"25\" data-block-id=\"6\">\n<p class=\"content-text__container \" data-track-category=\"Link no Texto\" data-track-links=\"\">Ainda segundo a vigil\u00e2ncia, a mulher n\u00e3o estava no grupo de suspeitos. Ela teve sintomas e contato no local de trabalho com caso positivo.<\/p>\n<\/div>\n<div class=\"mc-column content-text active-extra-styles \" style=\"text-align: justify;\" data-block-type=\"unstyled\" data-block-weight=\"32\" data-block-id=\"7\">\n<p class=\"content-text__container \" data-track-category=\"Link no Texto\" data-track-links=\"\">A mulher procurou atendimento particular na noite desta segunda-feira (31), e na manh\u00e3 desta ter\u00e7a-feira (1\u00ba) foi at\u00e9 uma Unidade B\u00e1sica de Sa\u00fade (UBS), onde teve a doen\u00e7a confirmada atrav\u00e9s de teste.<\/p>\n<\/div>\n<div class=\"mc-column content-entenda-o-caso\" style=\"text-align: justify;\" data-block-type=\"entenda-o-caso\" data-block-id=\"8\">Fonte: G1<\/div>\n<\/div>\n","protected":false},"excerpt":{"rendered":"<p>Prefeitura informou que a paciente \u00e9 uma mulher, de 31 anos, que cumpre isolamento domiciliar. A Vigil\u00e2ncia Epidemiol\u00f3gica confirmou nesta ter\u00e7a-feira (1\u00ba), o primeiro caso positivo de Covid-19 em\u00a0Santa Mercedes. Com a atualiza\u00e7\u00e3o, o munic\u00edpio deixa de ser o \u00fanico sem registros da doen\u00e7a. Santa Mercedes foi a \u00faltima cidade do Estado de S\u00e3o Paulo [&hellip;]<\/p>\n","protected":false},"author":1,"featured_media":33967,"comment_status":"closed","ping_status":"open","sticky":false,"template":"","format":"standard","meta":{"footnotes":""},"categories":[179,110,196],"tags":[],"class_list":["post-33966","post","type-post","status-publish","format-standard","has-post-thumbnail","hentry","category-cidadeseregiao","category-noticiasdestaque","category-santamercedes"],"_links":{"self":[{"href":"https:\/\/jorgezanoni.com.br\/2019\/wp-json\/wp\/v2\/posts\/33966","targetHints":{"allow":["GET"]}}],"collection":[{"href":"https:\/\/jorgezanoni.com.br\/2019\/wp-json\/wp\/v2\/posts"}],"about":[{"href":"https:\/\/jorgezanoni.com.br\/2019\/wp-json\/wp\/v2\/types\/post"}],"author":[{"embeddable":true,"href":"https:\/\/jorgezanoni.com.br\/2019\/wp-json\/wp\/v2\/users\/1"}],"replies":[{"embeddable":true,"href":"https:\/\/jorgezanoni.com.br\/2019\/wp-json\/wp\/v2\/comments?post=33966"}],"version-history":[{"count":0,"href":"https:\/\/jorgezanoni.com.br\/2019\/wp-json\/wp\/v2\/posts\/33966\/revisions"}],"wp:featuredmedia":[{"embeddable":true,"href":"https:\/\/jorgezanoni.com.br\/2019\/wp-json\/wp\/v2\/media\/33967"}],"wp:attachment":[{"href":"https:\/\/jorgezanoni.com.br\/2019\/wp-json\/wp\/v2\/media?parent=33966"}],"wp:term":[{"taxonomy":"category","embeddable":true,"href":"https:\/\/jorgezanoni.com.br\/2019\/wp-json\/wp\/v2\/categories?post=33966"},{"taxonomy":"post_tag","embeddable":true,"href":"https:\/\/jorgezanoni.com.br\/2019\/wp-json\/wp\/v2\/tags?post=33966"}],"curies":[{"name":"wp","href":"https:\/\/api.w.org\/{rel}","templated":true}]}}