{"id":33963,"date":"2020-09-02T00:32:53","date_gmt":"2020-09-02T00:32:53","guid":{"rendered":"https:\/\/jorgezanoni.com.br\/2019\/?p=33963"},"modified":"2020-09-02T00:32:53","modified_gmt":"2020-09-02T00:32:53","slug":"homem-e-preso-por-posse-ilegal-de-armas-de-fogo-em-junqueiropolis","status":"publish","type":"post","link":"https:\/\/jorgezanoni.com.br\/2019\/homem-e-preso-por-posse-ilegal-de-armas-de-fogo-em-junqueiropolis\/","title":{"rendered":"Homem \u00e9 preso por posse ilegal de armas de fogo em Junqueir\u00f3polis"},"content":{"rendered":"<h2 class=\"content-head__subtitle\" style=\"text-align: justify;\"><strong>Dois rev\u00f3lveres e muni\u00e7\u00f5es foram localizados pela Pol\u00edcia Civil na resid\u00eancia do envolvido, nesta ter\u00e7a-feira (1\u00ba).<\/strong><\/h2>\n<div class=\"mc-column content-text active-extra-styles \" data-block-type=\"unstyled\" data-block-weight=\"19\" data-block-id=\"2\">\n<p class=\"content-text__container \" style=\"text-align: justify;\" data-track-category=\"Link no Texto\" data-track-links=\"\">Um homem foi preso em flagrante por posse ilegal de arma de fogo nesta ter\u00e7a-feira (1\u00ba), em\u00a0<a href=\"https:\/\/g1.globo.com\/sp\/presidente-prudente-regiao\/cidade\/junqueiropolis\/\">Junqueir\u00f3polis<\/a>.<\/p>\n<\/div>\n<div class=\"wall protected-content\">\n<div class=\"mc-column content-text active-extra-styles \" style=\"text-align: justify;\" data-block-type=\"unstyled\" data-block-weight=\"19\" data-block-id=\"3\">\n<p class=\"content-text__container \" data-track-category=\"Link no Texto\" data-track-links=\"\">De acordo com a Pol\u00edcia Civil, foi apreendido na resid\u00eancia do envolvido dois rev\u00f3lveres e 54 muni\u00e7\u00f5es intactas.<\/p>\n<\/div>\n<div class=\"mc-column content-text active-extra-styles \" style=\"text-align: justify;\" data-block-type=\"unstyled\" data-block-weight=\"41\" data-block-id=\"4\">\n<p class=\"content-text__container \" data-track-category=\"Link no Texto\" data-track-links=\"\">Durante investiga\u00e7\u00f5es sobre o tr\u00e1fico de drogas na cidade, policiais civis realizaram dilig\u00eancias na casa do homem, que ao ser questionado, revelou que possu\u00eda uma arma de fogo para sua prote\u00e7\u00e3o e autorizou que a equipe realizasse busca no im\u00f3vel.<\/p>\n<\/div>\n<div class=\"mc-column content-text active-extra-styles \" style=\"text-align: justify;\" data-block-type=\"unstyled\" data-block-weight=\"11\" data-block-id=\"5\">\n<p class=\"content-text__container \" data-track-category=\"Link no Texto\" data-track-links=\"\">Durante a fiscaliza\u00e7\u00e3o, outra arma e as muni\u00e7\u00f5es foram localizadas.<\/p>\n<\/div>\n<div class=\"mc-column content-text active-extra-styles \" style=\"text-align: justify;\" data-block-type=\"unstyled\" data-block-weight=\"17\" data-block-id=\"6\">\n<p class=\"content-text__container \" data-track-category=\"Link no Texto\" data-track-links=\"\">Ele foi preso por posse ilegal de arma de fogo e permaneceu \u00e0 disposi\u00e7\u00e3o da Justi\u00e7a.<\/p>\n<\/div>\n<div class=\"mc-column content-text active-extra-styles \" data-block-type=\"unstyled\" data-block-weight=\"13\" data-block-id=\"7\">\n<p class=\"content-text__container \" style=\"text-align: justify;\" data-track-category=\"Link no Texto\" data-track-links=\"\">O homem j\u00e1 havia cumprido pena por tr\u00e1fico de armas e por assalto.<\/p>\n<p data-track-category=\"Link no Texto\" data-track-links=\"\">Fonte: G1 e Com. Social Pol\u00edcia Civil<\/p>\n<\/div>\n<\/div>\n","protected":false},"excerpt":{"rendered":"<p>Dois rev\u00f3lveres e muni\u00e7\u00f5es foram localizados pela Pol\u00edcia Civil na resid\u00eancia do envolvido, nesta ter\u00e7a-feira (1\u00ba). Um homem foi preso em flagrante por posse ilegal de arma de fogo nesta ter\u00e7a-feira (1\u00ba), em\u00a0Junqueir\u00f3polis. De acordo com a Pol\u00edcia Civil, foi apreendido na resid\u00eancia do envolvido dois rev\u00f3lveres e 54 muni\u00e7\u00f5es intactas. Durante investiga\u00e7\u00f5es sobre o [&hellip;]<\/p>\n","protected":false},"author":1,"featured_media":33964,"comment_status":"closed","ping_status":"open","sticky":false,"template":"","format":"standard","meta":{"footnotes":""},"categories":[110,2],"tags":[],"class_list":["post-33963","post","type-post","status-publish","format-standard","has-post-thumbnail","hentry","category-noticiasdestaque","category-policial"],"_links":{"self":[{"href":"https:\/\/jorgezanoni.com.br\/2019\/wp-json\/wp\/v2\/posts\/33963","targetHints":{"allow":["GET"]}}],"collection":[{"href":"https:\/\/jorgezanoni.com.br\/2019\/wp-json\/wp\/v2\/posts"}],"about":[{"href":"https:\/\/jorgezanoni.com.br\/2019\/wp-json\/wp\/v2\/types\/post"}],"author":[{"embeddable":true,"href":"https:\/\/jorgezanoni.com.br\/2019\/wp-json\/wp\/v2\/users\/1"}],"replies":[{"embeddable":true,"href":"https:\/\/jorgezanoni.com.br\/2019\/wp-json\/wp\/v2\/comments?post=33963"}],"version-history":[{"count":0,"href":"https:\/\/jorgezanoni.com.br\/2019\/wp-json\/wp\/v2\/posts\/33963\/revisions"}],"wp:featuredmedia":[{"embeddable":true,"href":"https:\/\/jorgezanoni.com.br\/2019\/wp-json\/wp\/v2\/media\/33964"}],"wp:attachment":[{"href":"https:\/\/jorgezanoni.com.br\/2019\/wp-json\/wp\/v2\/media?parent=33963"}],"wp:term":[{"taxonomy":"category","embeddable":true,"href":"https:\/\/jorgezanoni.com.br\/2019\/wp-json\/wp\/v2\/categories?post=33963"},{"taxonomy":"post_tag","embeddable":true,"href":"https:\/\/jorgezanoni.com.br\/2019\/wp-json\/wp\/v2\/tags?post=33963"}],"curies":[{"name":"wp","href":"https:\/\/api.w.org\/{rel}","templated":true}]}}