{"id":33956,"date":"2020-09-01T13:53:37","date_gmt":"2020-09-01T13:53:37","guid":{"rendered":"https:\/\/jorgezanoni.com.br\/2019\/?p=33956"},"modified":"2020-09-01T13:53:37","modified_gmt":"2020-09-01T13:53:37","slug":"alunos-de-medicina-da-unifadra-fundec-de-dracena-retomam-suas-atividades-praticas","status":"publish","type":"post","link":"https:\/\/jorgezanoni.com.br\/2019\/alunos-de-medicina-da-unifadra-fundec-de-dracena-retomam-suas-atividades-praticas\/","title":{"rendered":"Alunos de Medicina da Unifadra\/Fundec de Dracena retomam suas atividades pr\u00e1ticas"},"content":{"rendered":"<p dir=\"ltr\" style=\"text-align: justify;\">Os alunos do terceiro e quarto anos de Medicina da Unifadra\/Fundec de Dracena retomaram suas atividades pr\u00e1ticas laboratoriais no dia 24 de agosto e os alunos do segundo e quarto termos nesta segunda-feira, 31 de agosto. No dia 7 de agosto, o Secret\u00e1rio Estadual de Educa\u00e7\u00e3o de S\u00e3o Paulo Rossieli Soares autorizou os cursos da \u00e1rea da sa\u00fade a retornarem \u00e0s atividades presenciais, independentemente da fase em que estejam no Plano S\u00e3o Paulo de reabertura da economia. Considerando as diretrizes do Plano de Conting\u00eancia do Estado de S\u00e3o Paulo, institu\u00eddas pelos Decretos n\u00ba 64.994, de 28 de maio de 2020, e n\u00ba 65.061, de 13 de julho de 2020, que disp\u00f5em sobre a retomada das aulas e atividades presenciais no contexto da pandemia da Covid-19, bem como os protocolos sanit\u00e1rios emitidos pelos \u00f3rg\u00e3os governamentais, a coordena\u00e7\u00e3o do curso de Medicina estabeleceu, cautelosamente, as fases e diretrizes para a retomada das atividades presenciais, que ser\u00e3o de forma gradual, escalonada, com revezamento entre os alunos e sem preju\u00edzo \u00e0 forma\u00e7\u00e3o pr\u00e1tica dos estudantes.<br \/>\nO diretor acad\u00eamico da Unifadra Prof. Dr. Enio Garbelini ressaltou que, com a finalidade de promover um retorno seguro aos seus alunos, professores e colaboradores, a institui\u00e7\u00e3o formulou o Plano de Retomada das Atividades Pr\u00e1ticas Presenciais, para garantir a preven\u00e7\u00e3o do cont\u00e1gio pelo novo coronav\u00edrus e, consequentemente, evitar adoecimentos por esse v\u00edrus.<br \/>\n&#8220;Os alunos foram subdivididos em pequenos grupos e organizados em hor\u00e1rios e locais diferentes nos campos de atividades pr\u00e1ticas, evitando, assim, aglomera\u00e7\u00f5es&#8221;, explicou o diretor.<br \/>\nA coordenadora do curso de Medicina da Unifadra Profa. Dra. Marilda Morgado de Abreu destacou que os protocolos sanit\u00e1rios est\u00e3o sendo rigidamente cumpridos neste retorno. Os alunos receberam informa\u00e7\u00f5es sobre a Covid-19 e foram conscientizados da necessidade de adotarem as medidas de prote\u00e7\u00e3o para que as atividades pr\u00e1ticas sejam realizadas com \u00eaxito, sem percal\u00e7os pelo caminho. &#8220;Os alunos dos grupos de risco foram orientados a n\u00e3o retornarem ao presencial, devendo permanecer frequentando as atividades te\u00f3ricas, que continuar\u00e3o\u00a0 a ser oferecidas via on-line. Esse per\u00edodo de mais de 5 meses de afastamento exigiu um trabalho \u00e1rduo e desafiador por parte do corpo docente, coordena\u00e7\u00e3o, dire\u00e7\u00e3o e colaboradores, por\u00e9m os resultados alcan\u00e7ados foram extremamente gratificantes. Estamos com todos os conte\u00fados te\u00f3ricos em dia e com um cronograma de reposi\u00e7\u00e3o das pr\u00e1ticas organizado e vi\u00e1vel de ser implementado&#8221;, explicou Dra. Marilda.<br \/>\nA Fundec orientou alunos, professores e colaboradores quanto \u00e0s medidas preventivas e aos sinais e sintomas da Covid-19. &#8220;Acreditamos estar proporcionando um ambiente seguro para o retorno \u00e0s atividades pr\u00e1ticas, tanto nas depend\u00eancias da Unifadra, bem como nos ambientes de est\u00e1gio (Unidades B\u00e1sicas de Sa\u00fade, ESFs e Policl\u00ednica), visto que eles tamb\u00e9m adotaram protocolos sanit\u00e1rios r\u00edgidos e eficientes&#8221;, finalizou o diretor Prof. Dr. Enio Garbelini.<span id=\"gmail-docs-internal-guid-ea59aee5-7fff-4736-843a-d8ff77f8adc7\"><\/span><\/p>\n<div style=\"text-align: justify;\">Foto: Aluno de Medicina da Unifadra em atividade pr\u00e1tica no laborat\u00f3rio de Simula\u00e7\u00e3o Real\u00edstica.<\/div>\n<div style=\"text-align: justify;\"><\/div>\n<div class=\"gmail_signature\" dir=\"ltr\">\n<div dir=\"ltr\" style=\"text-align: justify;\">Carolina Colnago<br \/>\nAssistente de Comunica\u00e7\u00e3o<br \/>\nFunda\u00e7\u00e3o Dracenense de Educa\u00e7\u00e3o e Cultura<\/div>\n<\/div>\n","protected":false},"excerpt":{"rendered":"<p>Os alunos do terceiro e quarto anos de Medicina da Unifadra\/Fundec de Dracena retomaram suas atividades pr\u00e1ticas laboratoriais no dia 24 de agosto e os alunos do segundo e quarto termos nesta segunda-feira, 31 de agosto. No dia 7 de agosto, o Secret\u00e1rio Estadual de Educa\u00e7\u00e3o de S\u00e3o Paulo Rossieli Soares autorizou os cursos da [&hellip;]<\/p>\n","protected":false},"author":1,"featured_media":33957,"comment_status":"closed","ping_status":"open","sticky":false,"template":"","format":"standard","meta":{"footnotes":""},"categories":[122],"tags":[],"class_list":["post-33956","post","type-post","status-publish","format-standard","has-post-thumbnail","hentry","category-saudeeducacaoeconcurso"],"_links":{"self":[{"href":"https:\/\/jorgezanoni.com.br\/2019\/wp-json\/wp\/v2\/posts\/33956","targetHints":{"allow":["GET"]}}],"collection":[{"href":"https:\/\/jorgezanoni.com.br\/2019\/wp-json\/wp\/v2\/posts"}],"about":[{"href":"https:\/\/jorgezanoni.com.br\/2019\/wp-json\/wp\/v2\/types\/post"}],"author":[{"embeddable":true,"href":"https:\/\/jorgezanoni.com.br\/2019\/wp-json\/wp\/v2\/users\/1"}],"replies":[{"embeddable":true,"href":"https:\/\/jorgezanoni.com.br\/2019\/wp-json\/wp\/v2\/comments?post=33956"}],"version-history":[{"count":0,"href":"https:\/\/jorgezanoni.com.br\/2019\/wp-json\/wp\/v2\/posts\/33956\/revisions"}],"wp:featuredmedia":[{"embeddable":true,"href":"https:\/\/jorgezanoni.com.br\/2019\/wp-json\/wp\/v2\/media\/33957"}],"wp:attachment":[{"href":"https:\/\/jorgezanoni.com.br\/2019\/wp-json\/wp\/v2\/media?parent=33956"}],"wp:term":[{"taxonomy":"category","embeddable":true,"href":"https:\/\/jorgezanoni.com.br\/2019\/wp-json\/wp\/v2\/categories?post=33956"},{"taxonomy":"post_tag","embeddable":true,"href":"https:\/\/jorgezanoni.com.br\/2019\/wp-json\/wp\/v2\/tags?post=33956"}],"curies":[{"name":"wp","href":"https:\/\/api.w.org\/{rel}","templated":true}]}}