{"id":33952,"date":"2020-09-01T13:42:38","date_gmt":"2020-09-01T13:42:38","guid":{"rendered":"https:\/\/jorgezanoni.com.br\/2019\/?p=33952"},"modified":"2020-09-01T13:42:38","modified_gmt":"2020-09-01T13:42:38","slug":"unifadra-realiza-webpalestra-em-comemoracao-ao-dia-do-psicologo","status":"publish","type":"post","link":"https:\/\/jorgezanoni.com.br\/2019\/unifadra-realiza-webpalestra-em-comemoracao-ao-dia-do-psicologo\/","title":{"rendered":"Unifadra realiza webpalestra em comemora\u00e7\u00e3o ao Dia do Psic\u00f3logo"},"content":{"rendered":"<p style=\"text-align: justify;\"><span id=\"gmail-docs-internal-guid-a8cec077-7fff-b2a8-b605-fb96e47d71a6\">Com o tema &#8220;O Psic\u00f3logo e o Compromisso Social&#8221;, a webpalestra realizada pela faculdade Unifadra\/Fundec de Dracena, na noite de 27 de agosto, comemorou o Dia do Psic\u00f3logo. O evento foi aberto \u00e0 comunidade, profissionais da \u00e1rea, alunos e docentes da Unifadra.<br \/>\nOrganizado pelas professoras Ma. Anna Cec\u00edlia Silva e Esp. F\u00e1tima Simone Consoni e pelos acad\u00eamicos do 8\u00ba termo do curso, o evento tratou da atua\u00e7\u00e3o do psic\u00f3logo no CRAS (Centro de Refer\u00eancia de Assist\u00eancia Social) e CREAS (Centro de Refer\u00eancia Especializado de Assist\u00eancia Social).<br \/>\nA coordenadora do curso de Psicologia da Unifadra Profa. Ma. Andr\u00e9a Frizo de Carvalho Barbosa afirmou que &#8220;a noite foi maravilhosa! Os palestrantes convidados Prof. Dr. Juliano Napole\u00e3o Barros e os psic\u00f3logos Francine A. Pesqueira Ferrari, Grasielle Santana, Renner Batista Ferraz e Rubens Furini Perez apresentaram reflex\u00f5es sobre as pol\u00edticas p\u00fablicas no Brasil, e conhecimentos e pr\u00e1ticas associadas ao trabalho do psic\u00f3logo nesse campo de atua\u00e7\u00e3o, especialmente no CRAS e CREAS. Essa constru\u00e7\u00e3o permitiu uma aproxima\u00e7\u00e3o do acad\u00eamico da realidade e da complexidade do trabalho profissional nessa \u00e1rea. Al\u00e9m disso, tr\u00eas dos convidados s\u00e3o alunos egressos, e acompanhar o crescimento e desenvolvimento deles no mercado de trabalho, e em uma \u00e1rea t\u00e3o relevante para a sociedade, \u00e9 motivo de muito orgulho&#8221;.<br \/>\nO diretor acad\u00eamico da Unifadra Prof. Dr. Enio Garbelini parabenizou os profissionais pela data.<\/span><\/p>\n<p><img loading=\"lazy\" decoding=\"async\" class=\"alignnone size-full wp-image-33954\" src=\"https:\/\/jorgezanoni.com.br\/2019\/wp-content\/uploads\/2020\/09\/psi1.jpg\" alt=\"\" width=\"500\" height=\"241\" srcset=\"https:\/\/jorgezanoni.com.br\/2019\/wp-content\/uploads\/2020\/09\/psi1.jpg 500w, https:\/\/jorgezanoni.com.br\/2019\/wp-content\/uploads\/2020\/09\/psi1-300x145.jpg 300w\" sizes=\"auto, (max-width: 500px) 100vw, 500px\" \/><\/p>\n<div class=\"gmail_signature\" dir=\"ltr\">\n<div dir=\"ltr\" style=\"text-align: justify;\">Carolina Colnago<br \/>\nAssistente de Comunica\u00e7\u00e3o<br \/>\nFunda\u00e7\u00e3o Dracenense de Educa\u00e7\u00e3o e Cultura<\/div>\n<\/div>\n","protected":false},"excerpt":{"rendered":"<p>Com o tema &#8220;O Psic\u00f3logo e o Compromisso Social&#8221;, a webpalestra realizada pela faculdade Unifadra\/Fundec de Dracena, na noite de 27 de agosto, comemorou o Dia do Psic\u00f3logo. O evento foi aberto \u00e0 comunidade, profissionais da \u00e1rea, alunos e docentes da Unifadra. Organizado pelas professoras Ma. Anna Cec\u00edlia Silva e Esp. F\u00e1tima Simone Consoni e [&hellip;]<\/p>\n","protected":false},"author":1,"featured_media":33953,"comment_status":"closed","ping_status":"open","sticky":false,"template":"","format":"standard","meta":{"footnotes":""},"categories":[122],"tags":[],"class_list":["post-33952","post","type-post","status-publish","format-standard","has-post-thumbnail","hentry","category-saudeeducacaoeconcurso"],"_links":{"self":[{"href":"https:\/\/jorgezanoni.com.br\/2019\/wp-json\/wp\/v2\/posts\/33952","targetHints":{"allow":["GET"]}}],"collection":[{"href":"https:\/\/jorgezanoni.com.br\/2019\/wp-json\/wp\/v2\/posts"}],"about":[{"href":"https:\/\/jorgezanoni.com.br\/2019\/wp-json\/wp\/v2\/types\/post"}],"author":[{"embeddable":true,"href":"https:\/\/jorgezanoni.com.br\/2019\/wp-json\/wp\/v2\/users\/1"}],"replies":[{"embeddable":true,"href":"https:\/\/jorgezanoni.com.br\/2019\/wp-json\/wp\/v2\/comments?post=33952"}],"version-history":[{"count":0,"href":"https:\/\/jorgezanoni.com.br\/2019\/wp-json\/wp\/v2\/posts\/33952\/revisions"}],"wp:featuredmedia":[{"embeddable":true,"href":"https:\/\/jorgezanoni.com.br\/2019\/wp-json\/wp\/v2\/media\/33953"}],"wp:attachment":[{"href":"https:\/\/jorgezanoni.com.br\/2019\/wp-json\/wp\/v2\/media?parent=33952"}],"wp:term":[{"taxonomy":"category","embeddable":true,"href":"https:\/\/jorgezanoni.com.br\/2019\/wp-json\/wp\/v2\/categories?post=33952"},{"taxonomy":"post_tag","embeddable":true,"href":"https:\/\/jorgezanoni.com.br\/2019\/wp-json\/wp\/v2\/tags?post=33952"}],"curies":[{"name":"wp","href":"https:\/\/api.w.org\/{rel}","templated":true}]}}