{"id":33938,"date":"2020-09-01T12:53:01","date_gmt":"2020-09-01T12:53:01","guid":{"rendered":"https:\/\/jorgezanoni.com.br\/2019\/?p=33938"},"modified":"2020-09-01T12:53:01","modified_gmt":"2020-09-01T12:53:01","slug":"1o-de-setembro-dia-do-profissional-de-educacao-fisica","status":"publish","type":"post","link":"https:\/\/jorgezanoni.com.br\/2019\/1o-de-setembro-dia-do-profissional-de-educacao-fisica\/","title":{"rendered":"1\u00ba de setembro: Dia do Profissional de Educa\u00e7\u00e3o F\u00edsica"},"content":{"rendered":"<p dir=\"ltr\" style=\"text-align: justify;\">Por Profa. Dra. Denise Bueno, coordenadora do curso de Educa\u00e7\u00e3o F\u00edsica da Unifadra.<\/p>\n<p>No dia 1\u00ba de setembro, comemora-se o Dia do Profissional de Educa\u00e7\u00e3o F\u00edsica. Este profissional trabalha em diversas \u00e1reas, apesar de a Educa\u00e7\u00e3o F\u00edsica ser enquadrada na \u00e1rea da sa\u00fade, n\u00f3s somos, orgulhosamente, professores, usando o esporte e o movimento como ferramentas educacionais.<br \/>\nA Educa\u00e7\u00e3o F\u00edsica tem uma hist\u00f3ria bastante recente, mas cresceu muito nas \u00faltimas d\u00e9cadas, passando de uma profiss\u00e3o com o nicho de atua\u00e7\u00e3o espec\u00edfico a uma \u00e1rea da ci\u00eancia com impacto significativo e positivo na popula\u00e7\u00e3o. Isso porque, al\u00e9m de educar crian\u00e7as, a nossa profiss\u00e3o tamb\u00e9m oferece seus servi\u00e7os em benef\u00edcio de todos os outros grupos et\u00e1rios, trabalhando inclusive junto com outros profissionais da \u00e1rea da sa\u00fade. Atualmente, a pandemia do novo coronav\u00edrus trouxe ainda mais visibilidade a esses profissionais, pois escancarou a demanda pelos servi\u00e7os prestados por n\u00f3s com o objetivo de promo\u00e7\u00e3o de sa\u00fade e bem-estar diante do estresse vivido por todos.<br \/>\nA sociedade pode perceber como \u00e9 importante o profissional de Educa\u00e7\u00e3o F\u00edsica para o planejamento de atividades f\u00edsicas de qualquer tipo. Tanto professores como a popula\u00e7\u00e3o observaram que nada adianta uma academia equipada com tecnologia de ponta se n\u00e3o houver um profissional competente e criativo trabalhando. N\u00f3s n\u00e3o nos acovardamos e nos colocamos \u00e0 disposi\u00e7\u00e3o, de todos os meios, para manter as pessoas em movimento, encorajando-as a cuidarem de si mesmas, a permanecerem em movimento!<br \/>\nAl\u00e9m disso, a ci\u00eancia recente tem mostrado que a pr\u00e1tica de atividade f\u00edsica orientada, estruturada e programada corretamente atua como um potente fator protetor para a sa\u00fade. N\u00e3o s\u00e3o raros os relatos de pessoas que tiveram a vida salva ou transformada por causa da interven\u00e7\u00e3o de um profissional de Educa\u00e7\u00e3o F\u00edsica, e isso nos orgulha.<br \/>\nNeste 1\u00ba de setembro, olhando toda a evolu\u00e7\u00e3o dessa profiss\u00e3o, devemos ter a certeza de que muito deve ser comemorado. Pois trata-se de uma profiss\u00e3o que, ao mesmo tempo, cumpre dois nobres pap\u00e9is: o de educar e o de promover sa\u00fade. Todo profissional de Educa\u00e7\u00e3o F\u00edsica deve se sentir orgulhoso da responsabilidade que lhe cabe na sociedade, da evolu\u00e7\u00e3o da sua profiss\u00e3o ao longo dos anos e da sua hist\u00f3ria.<\/p>\n<p dir=\"ltr\" style=\"text-align: justify;\">Sem o profissional de Educa\u00e7\u00e3o F\u00edsica, todos percorreriam um \u00e1rduo caminho em busca de sa\u00fade, lazer, entretenimento, bem estar f\u00edsico e mental. Em absolutamente todos esses campos pode haver um profissional de Educa\u00e7\u00e3o F\u00edsica envolvido.<br \/>\nOnde h\u00e1 um profissional de Educa\u00e7\u00e3o F\u00edsica, h\u00e1 movimento, e onde h\u00e1 movimento, h\u00e1 vida!<\/p>\n<p dir=\"ltr\" style=\"text-align: justify;\">Parab\u00e9ns a todos os profissionais de Educa\u00e7\u00e3o F\u00edsica que desempenham um trabalho de qualidade independentemente das circunst\u00e2ncias, com criatividade, compet\u00eancia, muito estudo e amor.\u00a0<span id=\"gmail-docs-internal-guid-647a3469-7fff-aa3e-9353-e6bf640d1393\"><\/span><\/p>\n<div style=\"text-align: justify;\">Foto:\u00a0 Profa. Dra. Denise Bueno, coordenadora do curso de Educa\u00e7\u00e3o F\u00edsica da Unifadra.<\/div>\n<div style=\"text-align: justify;\"><\/div>\n<p style=\"text-align: justify;\">Carolina Colnago<\/p>\n<div class=\"gmail_signature\" dir=\"ltr\">\n<div dir=\"ltr\" style=\"text-align: justify;\">Assistente de Comunica\u00e7\u00e3o<br \/>\nFunda\u00e7\u00e3o Dracenense de Educa\u00e7\u00e3o e Cultura<\/div>\n<\/div>\n","protected":false},"excerpt":{"rendered":"<p>Por Profa. Dra. Denise Bueno, coordenadora do curso de Educa\u00e7\u00e3o F\u00edsica da Unifadra. No dia 1\u00ba de setembro, comemora-se o Dia do Profissional de Educa\u00e7\u00e3o F\u00edsica. Este profissional trabalha em diversas \u00e1reas, apesar de a Educa\u00e7\u00e3o F\u00edsica ser enquadrada na \u00e1rea da sa\u00fade, n\u00f3s somos, orgulhosamente, professores, usando o esporte e o movimento como ferramentas [&hellip;]<\/p>\n","protected":false},"author":1,"featured_media":33939,"comment_status":"closed","ping_status":"open","sticky":false,"template":"","format":"standard","meta":{"footnotes":""},"categories":[122],"tags":[],"class_list":["post-33938","post","type-post","status-publish","format-standard","has-post-thumbnail","hentry","category-saudeeducacaoeconcurso"],"_links":{"self":[{"href":"https:\/\/jorgezanoni.com.br\/2019\/wp-json\/wp\/v2\/posts\/33938","targetHints":{"allow":["GET"]}}],"collection":[{"href":"https:\/\/jorgezanoni.com.br\/2019\/wp-json\/wp\/v2\/posts"}],"about":[{"href":"https:\/\/jorgezanoni.com.br\/2019\/wp-json\/wp\/v2\/types\/post"}],"author":[{"embeddable":true,"href":"https:\/\/jorgezanoni.com.br\/2019\/wp-json\/wp\/v2\/users\/1"}],"replies":[{"embeddable":true,"href":"https:\/\/jorgezanoni.com.br\/2019\/wp-json\/wp\/v2\/comments?post=33938"}],"version-history":[{"count":0,"href":"https:\/\/jorgezanoni.com.br\/2019\/wp-json\/wp\/v2\/posts\/33938\/revisions"}],"wp:featuredmedia":[{"embeddable":true,"href":"https:\/\/jorgezanoni.com.br\/2019\/wp-json\/wp\/v2\/media\/33939"}],"wp:attachment":[{"href":"https:\/\/jorgezanoni.com.br\/2019\/wp-json\/wp\/v2\/media?parent=33938"}],"wp:term":[{"taxonomy":"category","embeddable":true,"href":"https:\/\/jorgezanoni.com.br\/2019\/wp-json\/wp\/v2\/categories?post=33938"},{"taxonomy":"post_tag","embeddable":true,"href":"https:\/\/jorgezanoni.com.br\/2019\/wp-json\/wp\/v2\/tags?post=33938"}],"curies":[{"name":"wp","href":"https:\/\/api.w.org\/{rel}","templated":true}]}}