{"id":33923,"date":"2020-09-01T11:48:23","date_gmt":"2020-09-01T11:48:23","guid":{"rendered":"https:\/\/jorgezanoni.com.br\/2019\/?p=33923"},"modified":"2020-09-01T11:48:23","modified_gmt":"2020-09-01T11:48:23","slug":"apos-abordagem-em-presidente-prudente-baep-apreende-mais-de-2-toneladas-de-maconha-e-recupera-caminhao-furtado","status":"publish","type":"post","link":"https:\/\/jorgezanoni.com.br\/2019\/apos-abordagem-em-presidente-prudente-baep-apreende-mais-de-2-toneladas-de-maconha-e-recupera-caminhao-furtado\/","title":{"rendered":"Ap\u00f3s abordagem em Presidente Prudente, Baep apreende mais de 2 toneladas de maconha e recupera caminh\u00e3o furtado"},"content":{"rendered":"<h2 class=\"content-head__subtitle\" style=\"text-align: justify;\"><strong>Droga estava em meio a uma carga de repolhos e seria inicialmente levada para S\u00e3o Jos\u00e9 do Rio Preto, segundo a PM.<\/strong><\/h2>\n<div class=\"mc-column content-text active-extra-styles \" data-block-type=\"unstyled\" data-block-weight=\"51\" data-block-id=\"2\">\n<p class=\"content-text__container \" style=\"text-align: justify;\" data-track-category=\"Link no Texto\" data-track-links=\"\">Mais de duas toneladas de maconha foram apreendidas pela Pol\u00edcia Militar na noite desta segunda-feira (31), em\u00a0<a href=\"http:\/\/g1.globo.com\/sp\/presidente-prudente-regiao\/cidade\/presidente-prudente.html\">Presidente Prudente (SP)<\/a>. A droga era transportada em meio a uma carga de repolhos. A corpora\u00e7\u00e3o ainda constatou que o caminh\u00e3o era furtado. O motorista, um homem de 32 anos, foi preso em flagrante.<\/p>\n<\/div>\n<div class=\"wall protected-content\">\n<div class=\"mc-column content-text active-extra-styles \" style=\"text-align: justify;\" data-block-type=\"unstyled\" data-block-weight=\"36\" data-block-id=\"3\">\n<p class=\"content-text__container \" data-track-category=\"Link no Texto\" data-track-links=\"\">Em patrulhamento de rotina pela Rua Ant\u00f4nio Rodrigues, uma equipe do 8\u00ba Batalh\u00e3o de A\u00e7\u00f5es Especiais de Pol\u00edcia (Baep) percebeu que um caminh\u00e3o entrou na contram\u00e3o de dire\u00e7\u00e3o na Avenida S\u00e3o Paulo com os far\u00f3is apagados.<\/p>\n<\/div>\n<div class=\"mc-column content-text active-extra-styles \" style=\"text-align: justify;\" data-block-type=\"unstyled\" data-block-weight=\"45\" data-block-id=\"4\">\n<p class=\"content-text__container \" data-track-category=\"Link no Texto\" data-track-links=\"\">Os policiais realizaram a abordagem e, em busca pessoal, encontraram com o condutor do caminh\u00e3o a quantia de R$ 3.314 e dois aparelhos celulares. Durante a entrevista com o indiv\u00edduo, ele alegou que n\u00e3o sabia do valor em esp\u00e9cie que tinha em sua carteira.<\/p>\n<\/div>\n<div class=\"row medium-uncollapsed content-media content-photo\" style=\"text-align: justify;\" data-block-type=\"backstage-photo\" data-block-id=\"5\">\n<div class=\"mc-column content-media__container\">\n<figure><img decoding=\"async\" class=\"i-amphtml-fill-content i-amphtml-replaced-content\" src=\"https:\/\/s2.glbimg.com\/lXc9QrjPeuNBrwAUqMGvtYoIz3g=\/0x382:960x1060\/984x0\/smart\/filters:strip_icc()\/i.s3.glbimg.com\/v1\/AUTH_59edd422c0c84a879bd37670ae4f538a\/internal_photos\/bs\/2020\/v\/x\/JpsecWSyax2Qp3g2PYXw\/whatsapp-image-2020-09-01-at-07.02.46.jpeg\" sizes=\"(max-width: 1366px) 648px, 100vw\" srcset=\"https:\/\/s2.glbimg.com\/D-Te8bOBnrB2RGC3EPoi64UTiw8=\/0x382:960x1060\/1000x0\/smart\/filters:strip_icc()\/i.s3.glbimg.com\/v1\/AUTH_59edd422c0c84a879bd37670ae4f538a\/internal_photos\/bs\/2020\/v\/x\/JpsecWSyax2Qp3g2PYXw\/whatsapp-image-2020-09-01-at-07.02.46.jpeg 1000w, https:\/\/s2.glbimg.com\/lXc9QrjPeuNBrwAUqMGvtYoIz3g=\/0x382:960x1060\/984x0\/smart\/filters:strip_icc()\/i.s3.glbimg.com\/v1\/AUTH_59edd422c0c84a879bd37670ae4f538a\/internal_photos\/bs\/2020\/v\/x\/JpsecWSyax2Qp3g2PYXw\/whatsapp-image-2020-09-01-at-07.02.46.jpeg 984w, https:\/\/s2.glbimg.com\/LgVoVdNKP2Vv6T_mPIYgiKpVDnQ=\/0x382:960x1060\/640x0\/smart\/filters:strip_icc()\/i.s3.glbimg.com\/v1\/AUTH_59edd422c0c84a879bd37670ae4f538a\/internal_photos\/bs\/2020\/v\/x\/JpsecWSyax2Qp3g2PYXw\/whatsapp-image-2020-09-01-at-07.02.46.jpeg 640w, https:\/\/s2.glbimg.com\/8Ds09PByknxeA0AvyNSjan4-XZQ=\/0x382:960x1060\/600x0\/smart\/filters:strip_icc()\/i.s3.glbimg.com\/v1\/AUTH_59edd422c0c84a879bd37670ae4f538a\/internal_photos\/bs\/2020\/v\/x\/JpsecWSyax2Qp3g2PYXw\/whatsapp-image-2020-09-01-at-07.02.46.jpeg 600w\" alt=\"Mais de R$ 3 mil em dinheiro foram localizados com o motorista do caminh\u00e3o \u2014 Foto: Pol\u00edcia Militar\" \/><\/figure>\n<p class=\"content-media__description \">Mais de R$ 3 mil em dinheiro foram localizados com o motorista do caminh\u00e3o \u2014 Foto: Pol\u00edcia Militar<\/p>\n<\/div>\n<\/div>\n<div class=\"mc-column content-text active-extra-styles \" style=\"text-align: justify;\" data-block-type=\"unstyled\" data-block-weight=\"44\" data-block-id=\"7\">\n<p class=\"content-text__container \" data-track-category=\"Link no Texto\" data-track-links=\"\">Questionado o porqu\u00ea estava na contram\u00e3o de dire\u00e7\u00e3o e com far\u00f3is apagados, o motorista relatou que estava indo para cidade de S\u00e3o Jos\u00e9 do Rio Preto descarregar uma carga de repolho, mas que havia errado o caminho e se perdido em Presidente Prudente.<\/p>\n<\/div>\n<div class=\"mc-column content-text active-extra-styles \" style=\"text-align: justify;\" data-block-type=\"unstyled\" data-block-weight=\"31\" data-block-id=\"8\">\n<p class=\"content-text__container \" data-track-category=\"Link no Texto\" data-track-links=\"\">Contudo, demonstrando nervosismo, o homem come\u00e7ou a contradizer as pr\u00f3prias afirma\u00e7\u00f5es. A equipe realizou outra entrevista e o indiv\u00edduo confessou que no meio da carga havia certa quantidade de maconha.<\/p>\n<\/div>\n<div class=\"mc-column content-text active-extra-styles \" style=\"text-align: justify;\" data-block-type=\"unstyled\" data-block-weight=\"39\" data-block-id=\"9\">\n<p class=\"content-text__container \" data-track-category=\"Link no Texto\" data-track-links=\"\">Sobre o caminh\u00e3o, o homem disse que o pegou j\u00e1 carregado pr\u00f3ximo a Presidente Prudente e que seguia rumo a S\u00e3o Jos\u00e9 do Rio Preto; depois partiria para Bras\u00edlia (DF), onde receberia R$ 3.000 pelo transporte da droga.<\/p>\n<\/div>\n<div class=\"mc-column content-text active-extra-styles \" style=\"text-align: justify;\" data-block-type=\"unstyled\" data-block-weight=\"26\" data-block-id=\"10\">\n<p class=\"content-text__container \" data-track-category=\"Link no Texto\" data-track-links=\"\">Os militares realizaram busca veicular e localizaram na carroceria, sob a carga de repolhos, a quantidade de 2.137,105 quilos de maconha prensada, divididos em diversos tabletes.<\/p>\n<\/div>\n<div class=\"row medium-uncollapsed content-media content-photo\" style=\"text-align: justify;\" data-block-type=\"backstage-photo\" data-block-id=\"11\">\n<div class=\"mc-column content-media__container\">\n<figure><img decoding=\"async\" class=\"i-amphtml-fill-content i-amphtml-replaced-content\" src=\"https:\/\/s2.glbimg.com\/-wlVYkU6Wd8b81XHb_L4NJ09vHQ=\/0x0:1280x960\/984x0\/smart\/filters:strip_icc()\/i.s3.glbimg.com\/v1\/AUTH_59edd422c0c84a879bd37670ae4f538a\/internal_photos\/bs\/2020\/2\/P\/FGyyg1SiAD6TxBT3bNKQ\/whatsapp-image-2020-09-01-at-06.13.19.jpeg\" sizes=\"(max-width: 1366px) 648px, 100vw\" srcset=\"https:\/\/s2.glbimg.com\/8pzuodNIaIet4_6TT8-ydBHZkXM=\/0x0:1280x960\/1000x0\/smart\/filters:strip_icc()\/i.s3.glbimg.com\/v1\/AUTH_59edd422c0c84a879bd37670ae4f538a\/internal_photos\/bs\/2020\/2\/P\/FGyyg1SiAD6TxBT3bNKQ\/whatsapp-image-2020-09-01-at-06.13.19.jpeg 1000w, https:\/\/s2.glbimg.com\/-wlVYkU6Wd8b81XHb_L4NJ09vHQ=\/0x0:1280x960\/984x0\/smart\/filters:strip_icc()\/i.s3.glbimg.com\/v1\/AUTH_59edd422c0c84a879bd37670ae4f538a\/internal_photos\/bs\/2020\/2\/P\/FGyyg1SiAD6TxBT3bNKQ\/whatsapp-image-2020-09-01-at-06.13.19.jpeg 984w, https:\/\/s2.glbimg.com\/R-Mz9NhTps2Fu7URQidlHVd5NPw=\/0x0:1280x960\/640x0\/smart\/filters:strip_icc()\/i.s3.glbimg.com\/v1\/AUTH_59edd422c0c84a879bd37670ae4f538a\/internal_photos\/bs\/2020\/2\/P\/FGyyg1SiAD6TxBT3bNKQ\/whatsapp-image-2020-09-01-at-06.13.19.jpeg 640w, https:\/\/s2.glbimg.com\/taAjoyu9pJj5zG6NDIwCEwzB7t8=\/0x0:1280x960\/600x0\/smart\/filters:strip_icc()\/i.s3.glbimg.com\/v1\/AUTH_59edd422c0c84a879bd37670ae4f538a\/internal_photos\/bs\/2020\/2\/P\/FGyyg1SiAD6TxBT3bNKQ\/whatsapp-image-2020-09-01-at-06.13.19.jpeg 600w\" alt=\"Mais de duas toneladas de maconha foram apreendidas pelo Baep \u2014 Foto: Pol\u00edcia Civil\" \/><\/figure>\n<p class=\"content-media__description \">Mais de duas toneladas de maconha foram apreendidas pelo Baep \u2014 Foto: Pol\u00edcia Civil<\/p>\n<\/div>\n<\/div>\n<div class=\"mc-column content-text active-extra-styles \" style=\"text-align: justify;\" data-block-type=\"unstyled\" data-block-weight=\"38\" data-block-id=\"12\">\n<p class=\"content-text__container \" data-track-category=\"Link no Texto\" data-track-links=\"\">Na sequ\u00eancia, a corpora\u00e7\u00e3o verificou os dados do caminh\u00e3o e por meio da numera\u00e7\u00e3o do motor constatou que o emplacamento possu\u00eda queixa de furto na data de 28 de mar\u00e7o de 2020 pelo munic\u00edpio de Pindamonhangaba (SP).<\/p>\n<\/div>\n<div class=\"mc-column content-text active-extra-styles \" style=\"text-align: justify;\" data-block-type=\"unstyled\" data-block-weight=\"21\" data-block-id=\"13\">\n<p class=\"content-text__container \" data-track-category=\"Link no Texto\" data-track-links=\"\">O homem recebeu voz de pris\u00e3o, que foi ratificada na Delegacia Participativa da Pol\u00edcia Civil. Ele permanece \u00e0 disposi\u00e7\u00e3o da Justi\u00e7a.<\/p>\n<\/div>\n<div class=\"row medium-uncollapsed content-media content-photo\" data-block-type=\"backstage-photo\" data-block-id=\"14\">\n<div class=\"mc-column content-media__container\">\n<figure style=\"text-align: justify;\"><img decoding=\"async\" class=\"i-amphtml-fill-content i-amphtml-replaced-content\" src=\"https:\/\/s2.glbimg.com\/pvgkWkE0KujkMS5NcGa7PEDRoXE=\/0x0:1280x960\/984x0\/smart\/filters:strip_icc()\/i.s3.glbimg.com\/v1\/AUTH_59edd422c0c84a879bd37670ae4f538a\/internal_photos\/bs\/2020\/s\/5\/0s3XTTSEGt1gXW6alJqw\/whatsapp-image-2020-09-01-at-06.13.19-1-.jpeg\" sizes=\"(max-width: 1366px) 648px, 100vw\" srcset=\"https:\/\/s2.glbimg.com\/EtsAUYZp4vTB5RbRoT0tlfp5BbU=\/0x0:1280x960\/1000x0\/smart\/filters:strip_icc()\/i.s3.glbimg.com\/v1\/AUTH_59edd422c0c84a879bd37670ae4f538a\/internal_photos\/bs\/2020\/s\/5\/0s3XTTSEGt1gXW6alJqw\/whatsapp-image-2020-09-01-at-06.13.19-1-.jpeg 1000w, https:\/\/s2.glbimg.com\/pvgkWkE0KujkMS5NcGa7PEDRoXE=\/0x0:1280x960\/984x0\/smart\/filters:strip_icc()\/i.s3.glbimg.com\/v1\/AUTH_59edd422c0c84a879bd37670ae4f538a\/internal_photos\/bs\/2020\/s\/5\/0s3XTTSEGt1gXW6alJqw\/whatsapp-image-2020-09-01-at-06.13.19-1-.jpeg 984w, https:\/\/s2.glbimg.com\/PyUuk5RUPqsDozTW4J15JnvnwsA=\/0x0:1280x960\/640x0\/smart\/filters:strip_icc()\/i.s3.glbimg.com\/v1\/AUTH_59edd422c0c84a879bd37670ae4f538a\/internal_photos\/bs\/2020\/s\/5\/0s3XTTSEGt1gXW6alJqw\/whatsapp-image-2020-09-01-at-06.13.19-1-.jpeg 640w, https:\/\/s2.glbimg.com\/0PtAd8UOdP9RliQnucdekP5GJmg=\/0x0:1280x960\/600x0\/smart\/filters:strip_icc()\/i.s3.glbimg.com\/v1\/AUTH_59edd422c0c84a879bd37670ae4f538a\/internal_photos\/bs\/2020\/s\/5\/0s3XTTSEGt1gXW6alJqw\/whatsapp-image-2020-09-01-at-06.13.19-1-.jpeg 600w\" alt=\"Mais de duas toneladas de maconha foram apreendidas pelo Baep \u2014 Foto: Pol\u00edcia Civil\" \/><\/figure>\n<p class=\"content-media__description \" style=\"text-align: justify;\">Mais de duas toneladas de maconha foram apreendidas pelo Baep \u2014 Foto: Pol\u00edcia Civil<\/p>\n<p style=\"text-align: justify;\">Fonte: G1<\/p>\n<\/div>\n<\/div>\n<\/div>\n","protected":false},"excerpt":{"rendered":"<p>Droga estava em meio a uma carga de repolhos e seria inicialmente levada para S\u00e3o Jos\u00e9 do Rio Preto, segundo a PM. Mais de duas toneladas de maconha foram apreendidas pela Pol\u00edcia Militar na noite desta segunda-feira (31), em\u00a0Presidente Prudente (SP). A droga era transportada em meio a uma carga de repolhos. A corpora\u00e7\u00e3o ainda [&hellip;]<\/p>\n","protected":false},"author":1,"featured_media":33924,"comment_status":"closed","ping_status":"open","sticky":false,"template":"","format":"standard","meta":{"footnotes":""},"categories":[110,2],"tags":[],"class_list":["post-33923","post","type-post","status-publish","format-standard","has-post-thumbnail","hentry","category-noticiasdestaque","category-policial"],"_links":{"self":[{"href":"https:\/\/jorgezanoni.com.br\/2019\/wp-json\/wp\/v2\/posts\/33923","targetHints":{"allow":["GET"]}}],"collection":[{"href":"https:\/\/jorgezanoni.com.br\/2019\/wp-json\/wp\/v2\/posts"}],"about":[{"href":"https:\/\/jorgezanoni.com.br\/2019\/wp-json\/wp\/v2\/types\/post"}],"author":[{"embeddable":true,"href":"https:\/\/jorgezanoni.com.br\/2019\/wp-json\/wp\/v2\/users\/1"}],"replies":[{"embeddable":true,"href":"https:\/\/jorgezanoni.com.br\/2019\/wp-json\/wp\/v2\/comments?post=33923"}],"version-history":[{"count":0,"href":"https:\/\/jorgezanoni.com.br\/2019\/wp-json\/wp\/v2\/posts\/33923\/revisions"}],"wp:featuredmedia":[{"embeddable":true,"href":"https:\/\/jorgezanoni.com.br\/2019\/wp-json\/wp\/v2\/media\/33924"}],"wp:attachment":[{"href":"https:\/\/jorgezanoni.com.br\/2019\/wp-json\/wp\/v2\/media?parent=33923"}],"wp:term":[{"taxonomy":"category","embeddable":true,"href":"https:\/\/jorgezanoni.com.br\/2019\/wp-json\/wp\/v2\/categories?post=33923"},{"taxonomy":"post_tag","embeddable":true,"href":"https:\/\/jorgezanoni.com.br\/2019\/wp-json\/wp\/v2\/tags?post=33923"}],"curies":[{"name":"wp","href":"https:\/\/api.w.org\/{rel}","templated":true}]}}