{"id":33920,"date":"2020-09-01T01:51:51","date_gmt":"2020-09-01T01:51:51","guid":{"rendered":"https:\/\/jorgezanoni.com.br\/2019\/?p=33920"},"modified":"2020-09-01T01:51:52","modified_gmt":"2020-09-01T01:51:52","slug":"motorista-perde-o-controle-da-direcao-e-caminhao-tomba-em-ribanceira-na-rodovia-assis-chateaubriand","status":"publish","type":"post","link":"https:\/\/jorgezanoni.com.br\/2019\/motorista-perde-o-controle-da-direcao-e-caminhao-tomba-em-ribanceira-na-rodovia-assis-chateaubriand\/","title":{"rendered":"Motorista perde o controle da dire\u00e7\u00e3o e caminh\u00e3o tomba em ribanceira na Rodovia Assis Chateaubriand"},"content":{"rendered":"<h2 class=\"content-head__subtitle\" style=\"text-align: justify;\"><strong>Segundo a Pol\u00edcia Militar Rodovi\u00e1ria, o ve\u00edculo permaneceu no local, que \u00e9 de dif\u00edcil acesso, no aguardo de maquin\u00e1rio para a retirada.<\/strong><\/h2>\n<div class=\"mc-column content-text active-extra-styles \" style=\"text-align: justify;\" data-block-type=\"unstyled\" data-block-weight=\"26\" data-block-id=\"2\">\n<p class=\"content-text__container \" data-track-category=\"Link no Texto\" data-track-links=\"\">Um caminh\u00e3o tombou na madrugada desta segunda-feira (31) em um trecho de ribanceira \u00e0s margens do km 379,500 da Rodovia Assis Chateaubriand (SP-425), em\u00a0<a href=\"https:\/\/g1.globo.com\/sp\/presidente-prudente-regiao\/cidade\/parapua\/\">Parapu\u00e3 (SP)<\/a>.<\/p>\n<\/div>\n<div class=\"wall protected-content\">\n<div class=\"mc-column content-text active-extra-styles \" style=\"text-align: justify;\" data-block-type=\"unstyled\" data-block-weight=\"19\" data-block-id=\"3\">\n<p class=\"content-text__container \" data-track-category=\"Link no Texto\" data-track-links=\"\">Ningu\u00e9m ficou ferido, mas o ve\u00edculo permaneceu no local no aguardo da chegada de maquin\u00e1rio para retir\u00e1-lo do barranco.<\/p>\n<\/div>\n<div class=\"mc-column content-text active-extra-styles \" style=\"text-align: justify;\" data-block-type=\"unstyled\" data-block-weight=\"40\" data-block-id=\"4\">\n<p class=\"content-text__container \" data-track-category=\"Link no Texto\" data-track-links=\"\">A Pol\u00edcia Militar Rodovi\u00e1ria informou que o acidente de tr\u00e2nsito ocorreu por volta das 3h30, quando o ve\u00edculo envolvido \u2013 um conjunto de transporte de carga, com caminh\u00e3o e semirreboque \u2013 transitava no sentido de\u00a0<a href=\"https:\/\/g1.globo.com\/sp\/presidente-prudente-regiao\/cidade\/rinopolis\/\">Rin\u00f3polis (SP)<\/a>\u00a0a\u00a0<a href=\"https:\/\/g1.globo.com\/sp\/presidente-prudente-regiao\/cidade\/martinopolis-sp\/\">Martin\u00f3polis (SP)<\/a>.<\/p>\n<\/div>\n<div class=\"mc-column content-text active-extra-styles \" style=\"text-align: justify;\" data-block-type=\"unstyled\" data-block-weight=\"22\" data-block-id=\"5\">\n<p class=\"content-text__container \" data-track-category=\"Link no Texto\" data-track-links=\"\">Segundo a corpora\u00e7\u00e3o, o motorista, de 54 anos, perdeu o controle da dire\u00e7\u00e3o e, em seguida, o ve\u00edculo tombou fora da pista.<\/p>\n<\/div>\n<div class=\"mc-column content-text active-extra-styles \" style=\"text-align: justify;\" data-block-type=\"unstyled\" data-block-weight=\"4\" data-block-id=\"6\">\n<p class=\"content-text__container \" data-track-category=\"Link no Texto\" data-track-links=\"\">O condutor nada sofreu.<\/p>\n<\/div>\n<div class=\"mc-column content-text active-extra-styles \" style=\"text-align: justify;\" data-block-type=\"unstyled\" data-block-weight=\"17\" data-block-id=\"7\">\n<p class=\"content-text__container \" data-track-category=\"Link no Texto\" data-track-links=\"\">O ve\u00edculo permaneceu no local, uma ribanceira de dif\u00edcil acesso, \u00e0 espera de maquin\u00e1rio para a retirada.<\/p>\n<\/div>\n<div class=\"mc-column content-text active-extra-styles \" style=\"text-align: justify;\" data-block-type=\"unstyled\" data-block-weight=\"11\" data-block-id=\"8\">\n<p class=\"content-text__container \" data-track-category=\"Link no Texto\" data-track-links=\"\">O tr\u00e2nsito no local n\u00e3o sofreu consequ\u00eancias em decorr\u00eancia do tombamento.<\/p>\n<\/div>\n<div class=\"row medium-uncollapsed content-media content-photo\" data-block-type=\"backstage-photo\" data-block-id=\"9\">\n<div class=\"mc-column content-media__container\">\n<figure style=\"text-align: justify;\"><img decoding=\"async\" class=\"i-amphtml-fill-content i-amphtml-replaced-content\" src=\"https:\/\/s2.glbimg.com\/Ilts8JrNwukjcpli3OqrHqTs-aA=\/0x0:1280x960\/984x0\/smart\/filters:strip_icc()\/i.s3.glbimg.com\/v1\/AUTH_59edd422c0c84a879bd37670ae4f538a\/internal_photos\/bs\/2020\/s\/M\/KBuSU5QKCpJXFpK6hqTQ\/riba-1.jpg\" sizes=\"(max-width: 1366px) 648px, 100vw\" srcset=\"https:\/\/s2.glbimg.com\/8WuMmPahSJy6hdrUi_xPiFs2sB8=\/0x0:1280x960\/1000x0\/smart\/filters:strip_icc()\/i.s3.glbimg.com\/v1\/AUTH_59edd422c0c84a879bd37670ae4f538a\/internal_photos\/bs\/2020\/s\/M\/KBuSU5QKCpJXFpK6hqTQ\/riba-1.jpg 1000w, https:\/\/s2.glbimg.com\/Ilts8JrNwukjcpli3OqrHqTs-aA=\/0x0:1280x960\/984x0\/smart\/filters:strip_icc()\/i.s3.glbimg.com\/v1\/AUTH_59edd422c0c84a879bd37670ae4f538a\/internal_photos\/bs\/2020\/s\/M\/KBuSU5QKCpJXFpK6hqTQ\/riba-1.jpg 984w, https:\/\/s2.glbimg.com\/kX4cy5NSjxA0bfDt0FbA76VZGQE=\/0x0:1280x960\/640x0\/smart\/filters:strip_icc()\/i.s3.glbimg.com\/v1\/AUTH_59edd422c0c84a879bd37670ae4f538a\/internal_photos\/bs\/2020\/s\/M\/KBuSU5QKCpJXFpK6hqTQ\/riba-1.jpg 640w, https:\/\/s2.glbimg.com\/RfOGMYx4FD1QGZ2bj5Ysxb5tVRs=\/0x0:1280x960\/600x0\/smart\/filters:strip_icc()\/i.s3.glbimg.com\/v1\/AUTH_59edd422c0c84a879bd37670ae4f538a\/internal_photos\/bs\/2020\/s\/M\/KBuSU5QKCpJXFpK6hqTQ\/riba-1.jpg 600w\" alt=\"Caminh\u00e3o tombou em trecho de ribanceira \u00e0s margens da SP-425, em Parapu\u00e3 \u2014 Foto: Cristiano Nascimento\/Metr\u00f3pole FM\" \/><\/figure>\n<p class=\"content-media__description \" style=\"text-align: justify;\">Caminh\u00e3o tombou em trecho de ribanceira \u00e0s margens da SP-425, em Parapu\u00e3 \u2014 Foto: Cristiano Nascimento\/Metr\u00f3pole FM<\/p>\n<p style=\"text-align: justify;\">Fonte: G1<\/p>\n<\/div>\n<\/div>\n<\/div>\n","protected":false},"excerpt":{"rendered":"<p>Segundo a Pol\u00edcia Militar Rodovi\u00e1ria, o ve\u00edculo permaneceu no local, que \u00e9 de dif\u00edcil acesso, no aguardo de maquin\u00e1rio para a retirada. Um caminh\u00e3o tombou na madrugada desta segunda-feira (31) em um trecho de ribanceira \u00e0s margens do km 379,500 da Rodovia Assis Chateaubriand (SP-425), em\u00a0Parapu\u00e3 (SP). Ningu\u00e9m ficou ferido, mas o ve\u00edculo permaneceu no [&hellip;]<\/p>\n","protected":false},"author":1,"featured_media":33921,"comment_status":"closed","ping_status":"open","sticky":false,"template":"","format":"standard","meta":{"footnotes":""},"categories":[170,110],"tags":[],"class_list":["post-33920","post","type-post","status-publish","format-standard","has-post-thumbnail","hentry","category-acidentes","category-noticiasdestaque"],"_links":{"self":[{"href":"https:\/\/jorgezanoni.com.br\/2019\/wp-json\/wp\/v2\/posts\/33920","targetHints":{"allow":["GET"]}}],"collection":[{"href":"https:\/\/jorgezanoni.com.br\/2019\/wp-json\/wp\/v2\/posts"}],"about":[{"href":"https:\/\/jorgezanoni.com.br\/2019\/wp-json\/wp\/v2\/types\/post"}],"author":[{"embeddable":true,"href":"https:\/\/jorgezanoni.com.br\/2019\/wp-json\/wp\/v2\/users\/1"}],"replies":[{"embeddable":true,"href":"https:\/\/jorgezanoni.com.br\/2019\/wp-json\/wp\/v2\/comments?post=33920"}],"version-history":[{"count":0,"href":"https:\/\/jorgezanoni.com.br\/2019\/wp-json\/wp\/v2\/posts\/33920\/revisions"}],"wp:featuredmedia":[{"embeddable":true,"href":"https:\/\/jorgezanoni.com.br\/2019\/wp-json\/wp\/v2\/media\/33921"}],"wp:attachment":[{"href":"https:\/\/jorgezanoni.com.br\/2019\/wp-json\/wp\/v2\/media?parent=33920"}],"wp:term":[{"taxonomy":"category","embeddable":true,"href":"https:\/\/jorgezanoni.com.br\/2019\/wp-json\/wp\/v2\/categories?post=33920"},{"taxonomy":"post_tag","embeddable":true,"href":"https:\/\/jorgezanoni.com.br\/2019\/wp-json\/wp\/v2\/tags?post=33920"}],"curies":[{"name":"wp","href":"https:\/\/api.w.org\/{rel}","templated":true}]}}