{"id":33917,"date":"2020-09-01T01:17:28","date_gmt":"2020-09-01T01:17:28","guid":{"rendered":"https:\/\/jorgezanoni.com.br\/2019\/?p=33917"},"modified":"2020-09-01T01:17:28","modified_gmt":"2020-09-01T01:17:28","slug":"operacao-camaleao-prende-advogado-suspeito-de-envolvimento-com-o-crime-organizado-em-pres-prudente","status":"publish","type":"post","link":"https:\/\/jorgezanoni.com.br\/2019\/operacao-camaleao-prende-advogado-suspeito-de-envolvimento-com-o-crime-organizado-em-pres-prudente\/","title":{"rendered":"Opera\u00e7\u00e3o Camale\u00e3o prende advogado suspeito de envolvimento com o crime organizado em Pres. Prudente"},"content":{"rendered":"<h2 class=\"content-head__subtitle\" style=\"text-align: justify;\"><strong>Nesta segunda-feira (31), ainda foram cumpridas buscas na resid\u00eancia e no escrit\u00f3rio do investigado, acompanhadas por representantes da Ordem dos Advogados do Brasil (OAB).<\/strong><\/h2>\n<div class=\"mc-column content-text active-extra-styles \" data-block-type=\"unstyled\" data-block-weight=\"25\" data-block-id=\"2\">\n<p class=\"content-text__container \" style=\"text-align: justify;\" data-track-category=\"Link no Texto\" data-track-links=\"\">A Pol\u00edcia Civil prendeu na tarde desta segunda-feira (31) um advogado, de 42 anos, suspeito de envolvimento com o crime organizado em\u00a0<a href=\"https:\/\/g1.globo.com\/sp\/presidente-prudente-regiao\/cidade\/presidente-prudente\/\">Presidente Prudente (SP)<\/a>.<\/p>\n<\/div>\n<div class=\"wall protected-content\">\n<div class=\"mc-column content-text active-extra-styles \" style=\"text-align: justify;\" data-block-type=\"unstyled\" data-block-weight=\"64\" data-block-id=\"3\">\n<p class=\"content-text__container \" data-track-category=\"Link no Texto\" data-track-links=\"\">Segundo a Pol\u00edcia Civil, as investiga\u00e7\u00f5es apuraram que o advogado sediado em Presidente Prudente trabalhava para uma organiza\u00e7\u00e3o criminosa realizando pesquisas sobre autoridades p\u00fablicas e sobre material usado rotineiramente em a\u00e7\u00f5es do bando, como explosivos, armas, emuls\u00f5es e drones, al\u00e9m de articular o que chamou de \u201ctabuleiro\u201d (planos de a\u00e7\u00e3o criminosa) e \u201camea\u00e7as\u201d a outros detentos do sistema prisional, a depender da conveni\u00eancia determinada.<\/p>\n<\/div>\n<div class=\"mc-column content-text active-extra-styles \" style=\"text-align: justify;\" data-block-type=\"unstyled\" data-block-weight=\"43\" data-block-id=\"4\">\n<p class=\"content-text__container \" data-track-category=\"Link no Texto\" data-track-links=\"\">Nesta segunda-feira (31), al\u00e9m da pris\u00e3o preventiva decretada pela Justi\u00e7a, os policiais ainda cumpriram duas buscas em im\u00f3veis do investigado, sendo uma na resid\u00eancia e outra no escrit\u00f3rio, na presen\u00e7a de representantes da Ordem dos Advogados do Brasil (OAB), todas em Presidente Prudente.<\/p>\n<\/div>\n<div class=\"mc-column content-text active-extra-styles \" style=\"text-align: justify;\" data-block-type=\"unstyled\" data-block-weight=\"38\" data-block-id=\"5\">\n<p class=\"content-text__container \" data-track-category=\"Link no Texto\" data-track-links=\"\">Ainda com o advogado, segundo a Pol\u00edcia Civil, foram apreendidos, atrav\u00e9s da 1\u00aa Delegacia de Investiga\u00e7\u00f5es Gerais (DIG) da Divis\u00e3o Especializada de Investiga\u00e7\u00f5es Criminais (Deic) de Presidente Prudente, equipamentos de inform\u00e1tica e um simulacro de arma de fogo.<\/p>\n<\/div>\n<div class=\"mc-column content-text active-extra-styles \" style=\"text-align: justify;\" data-block-type=\"unstyled\" data-block-weight=\"19\" data-block-id=\"6\">\n<p class=\"content-text__container \" data-track-category=\"Link no Texto\" data-track-links=\"\">Ap\u00f3s o t\u00e9rmino das dilig\u00eancias, o preso ser\u00e1 encaminhado a uma unidade penitenci\u00e1ria, onde permanecer\u00e1 \u00e0 disposi\u00e7\u00e3o da Justi\u00e7a.<\/p>\n<\/div>\n<div class=\"mc-column content-text active-extra-styles \" style=\"text-align: justify;\" data-block-type=\"unstyled\" data-block-weight=\"43\" data-block-id=\"7\">\n<p class=\"content-text__container \" data-track-category=\"Link no Texto\" data-track-links=\"\">O presidente da 29\u00aa Subse\u00e7\u00e3o da OAB em Presidente Prudente, Wesley Cardoso Cotini, afirmou ao\u00a0<strong>G1\u00a0<\/strong>que a entidade foi acionada para acompanhar as dilig\u00eancias e apreens\u00e3o de documentos para averigua\u00e7\u00e3o no escrit\u00f3rio e na resid\u00eancia do advogado, resguardando a prerrogativa do profissional.<\/p>\n<\/div>\n<div class=\"mc-column content-text active-extra-styles \" style=\"text-align: justify;\" data-block-type=\"unstyled\" data-block-weight=\"24\" data-block-id=\"9\">\n<p class=\"content-text__container \" data-track-category=\"Link no Texto\" data-track-links=\"\">&#8220;N\u00e3o h\u00e1 como emitir nenhum ju\u00edzo de valor quanto aos fatos, tendo em vista ainda estar em fase de investiga\u00e7\u00e3o&#8221;, salientou Cotini ao\u00a0<strong>G1<\/strong>.<\/p>\n<\/div>\n<div class=\"row medium-uncollapsed content-media content-photo\" style=\"text-align: justify;\" data-block-type=\"backstage-photo\" data-block-id=\"10\">\n<div class=\"mc-column content-media__container\">\n<figure><img decoding=\"async\" class=\"i-amphtml-fill-content i-amphtml-replaced-content\" src=\"https:\/\/s2.glbimg.com\/_3FM6vu7S5_vHdOYeIblEP3Leo8=\/0x0:1700x1065\/984x0\/smart\/filters:strip_icc()\/i.s3.glbimg.com\/v1\/AUTH_59edd422c0c84a879bd37670ae4f538a\/internal_photos\/bs\/2019\/h\/U\/KLm64SQhCdC0HMXyrRcw\/celulares-e-anotacoes.jpg\" sizes=\"(max-width: 1366px) 648px, 100vw\" srcset=\"https:\/\/s2.glbimg.com\/qDgKBVEXUy7bv07IOxxvcnbm6-U=\/0x0:1700x1065\/1000x0\/smart\/filters:strip_icc()\/i.s3.glbimg.com\/v1\/AUTH_59edd422c0c84a879bd37670ae4f538a\/internal_photos\/bs\/2019\/h\/U\/KLm64SQhCdC0HMXyrRcw\/celulares-e-anotacoes.jpg 1000w, https:\/\/s2.glbimg.com\/_3FM6vu7S5_vHdOYeIblEP3Leo8=\/0x0:1700x1065\/984x0\/smart\/filters:strip_icc()\/i.s3.glbimg.com\/v1\/AUTH_59edd422c0c84a879bd37670ae4f538a\/internal_photos\/bs\/2019\/h\/U\/KLm64SQhCdC0HMXyrRcw\/celulares-e-anotacoes.jpg 984w, https:\/\/s2.glbimg.com\/nJK4p23-UV1sA-i3ZQV22-IF5OI=\/0x0:1700x1065\/640x0\/smart\/filters:strip_icc()\/i.s3.glbimg.com\/v1\/AUTH_59edd422c0c84a879bd37670ae4f538a\/internal_photos\/bs\/2019\/h\/U\/KLm64SQhCdC0HMXyrRcw\/celulares-e-anotacoes.jpg 640w, https:\/\/s2.glbimg.com\/fijpS_GFNcvAuvj0dY-ViFF6I-M=\/0x0:1700x1065\/600x0\/smart\/filters:strip_icc()\/i.s3.glbimg.com\/v1\/AUTH_59edd422c0c84a879bd37670ae4f538a\/internal_photos\/bs\/2019\/h\/U\/KLm64SQhCdC0HMXyrRcw\/celulares-e-anotacoes.jpg 600w\" alt=\"Materiais foram apreendidos na Opera\u00e7\u00e3o Transponder em 2019 \u2014 Foto: Jo\u00e3o Alberto Pedrini\/G1\" \/><\/figure>\n<p class=\"content-media__description \">Materiais foram apreendidos na Opera\u00e7\u00e3o Transponder em 2019 \u2014 Foto: Jo\u00e3o Alberto Pedrini\/G1<\/p>\n<\/div>\n<\/div>\n<div class=\"mc-column content-text active-extra-styles\" style=\"text-align: justify;\" data-block-type=\"raw\" data-block-weight=\"2\" data-block-id=\"11\">\n<div class=\"content-intertitle\">\n<h2>Opera\u00e7\u00e3o Transponder<\/h2>\n<\/div>\n<\/div>\n<div class=\"mc-column content-text active-extra-styles \" style=\"text-align: justify;\" data-block-type=\"unstyled\" data-block-weight=\"33\" data-block-id=\"12\">\n<p class=\"content-text__container \" data-track-category=\"Link no Texto\" data-track-links=\"\">Os ind\u00edcios da participa\u00e7\u00e3o do advogado militante em Presidente Prudente em atividade criminosa foram identificados ap\u00f3s o compartilhamento de materiais origin\u00e1rios da\u00a0<a href=\"https:\/\/g1.globo.com\/sp\/sao-paulo\/noticia\/2019\/01\/24\/policia-civil-realiza-operacao-para-prender-integrantes-de-faccao-criminosa-no-estado-de-sp.ghtml\">Opera\u00e7\u00e3o Transponder<\/a>, realizada pela Pol\u00edcia Civil em janeiro do ano passado.<\/p>\n<\/div>\n<div class=\"mc-column content-text active-extra-styles \" style=\"text-align: justify;\" data-block-type=\"unstyled\" data-block-weight=\"23\" data-block-id=\"13\">\n<p class=\"content-text__container \" data-track-category=\"Link no Texto\" data-track-links=\"\">Na ocasi\u00e3o, foram expedidos 39 mandados de pris\u00e3o e outros 59 de busca e apreens\u00e3o em 22 cidades do Estado de S\u00e3o Paulo.<\/p>\n<\/div>\n<div class=\"mc-column content-text active-extra-styles \" style=\"text-align: justify;\" data-block-type=\"unstyled\" data-block-weight=\"47\" data-block-id=\"14\">\n<p class=\"content-text__container \" data-track-category=\"Link no Texto\" data-track-links=\"\">As investiga\u00e7\u00f5es da Opera\u00e7\u00e3o Transponder tiveram in\u00edcio a partir de fragmentos de manuscritos apreendidos na regi\u00e3o de Presidente Prudente e identificaram que integrantes da fac\u00e7\u00e3o Primeiro Comando da Capital (PCC) estariam comandando a\u00e7\u00f5es criminosas de dentro da Penitenci\u00e1ria Ozias L\u00facio dos Santos, na cidade de Pacaembu (SP).<\/p>\n<\/div>\n<div class=\"mc-column content-text active-extra-styles \" style=\"text-align: justify;\" data-block-type=\"unstyled\" data-block-weight=\"26\" data-block-id=\"15\">\n<p class=\"content-text__container \" data-track-category=\"Link no Texto\" data-track-links=\"\">A organiza\u00e7\u00e3o criminosa tinha liga\u00e7\u00e3o do pres\u00eddio de Pacaembu com as penitenci\u00e1rias de Junqueir\u00f3polis (SP) e Martin\u00f3polis (SP) e comandaria a\u00e7\u00f5es criminosas, inclusive, em outros estados.<\/p>\n<\/div>\n<div class=\"mc-column content-text active-extra-styles \" style=\"text-align: justify;\" data-block-type=\"unstyled\" data-block-weight=\"28\" data-block-id=\"16\">\n<p class=\"content-text__container \" data-track-category=\"Link no Texto\" data-track-links=\"\">De acordo com a pol\u00edcia, o grupo investigado era respons\u00e1vel por atividades de movimenta\u00e7\u00e3o financeira, tr\u00e1fico de drogas dentro e fora dos pres\u00eddios e comunica\u00e7\u00e3o da organiza\u00e7\u00e3o criminosa.<\/p>\n<\/div>\n<div class=\"mc-column content-text active-extra-styles \" style=\"text-align: justify;\" data-block-type=\"unstyled\" data-block-weight=\"18\" data-block-id=\"17\">\n<p class=\"content-text__container \" data-track-category=\"Link no Texto\" data-track-links=\"\">Dos 39 mandados de pris\u00e3o expedidos, 14 eram de pessoas que j\u00e1 estavam presas e 25 em liberdade.<\/p>\n<\/div>\n<div class=\"mc-column content-text active-extra-styles \" style=\"text-align: justify;\" data-block-type=\"unstyled\" data-block-weight=\"27\" data-block-id=\"19\">\n<p class=\"content-text__container \" data-track-category=\"Link no Texto\" data-track-links=\"\">Para Presidente Prudente, houve 11 mandados de pris\u00e3o e 15 de busca e apreens\u00e3o. Segundo a pol\u00edcia, no munic\u00edpio, a fac\u00e7\u00e3o negociava drogas a partir do Paraguai.<\/p>\n<\/div>\n<div class=\"mc-column content-text active-extra-styles \" data-block-type=\"unstyled\" data-block-weight=\"21\" data-block-id=\"20\">\n<p class=\"content-text__container \" style=\"text-align: justify;\" data-track-category=\"Link no Texto\" data-track-links=\"\">A pol\u00edcia identificou, ao todo, o envolvimento de 65 pessoas e bloqueou as contas banc\u00e1rias de 47 dos integrantes do PCC.<\/p>\n<p style=\"text-align: justify;\" data-track-category=\"Link no Texto\" data-track-links=\"\">Fonte: G1<\/p>\n<\/div>\n<\/div>\n","protected":false},"excerpt":{"rendered":"<p>Nesta segunda-feira (31), ainda foram cumpridas buscas na resid\u00eancia e no escrit\u00f3rio do investigado, acompanhadas por representantes da Ordem dos Advogados do Brasil (OAB). A Pol\u00edcia Civil prendeu na tarde desta segunda-feira (31) um advogado, de 42 anos, suspeito de envolvimento com o crime organizado em\u00a0Presidente Prudente (SP). Segundo a Pol\u00edcia Civil, as investiga\u00e7\u00f5es apuraram [&hellip;]<\/p>\n","protected":false},"author":1,"featured_media":33918,"comment_status":"closed","ping_status":"open","sticky":false,"template":"","format":"standard","meta":{"footnotes":""},"categories":[110,2],"tags":[],"class_list":["post-33917","post","type-post","status-publish","format-standard","has-post-thumbnail","hentry","category-noticiasdestaque","category-policial"],"_links":{"self":[{"href":"https:\/\/jorgezanoni.com.br\/2019\/wp-json\/wp\/v2\/posts\/33917","targetHints":{"allow":["GET"]}}],"collection":[{"href":"https:\/\/jorgezanoni.com.br\/2019\/wp-json\/wp\/v2\/posts"}],"about":[{"href":"https:\/\/jorgezanoni.com.br\/2019\/wp-json\/wp\/v2\/types\/post"}],"author":[{"embeddable":true,"href":"https:\/\/jorgezanoni.com.br\/2019\/wp-json\/wp\/v2\/users\/1"}],"replies":[{"embeddable":true,"href":"https:\/\/jorgezanoni.com.br\/2019\/wp-json\/wp\/v2\/comments?post=33917"}],"version-history":[{"count":0,"href":"https:\/\/jorgezanoni.com.br\/2019\/wp-json\/wp\/v2\/posts\/33917\/revisions"}],"wp:featuredmedia":[{"embeddable":true,"href":"https:\/\/jorgezanoni.com.br\/2019\/wp-json\/wp\/v2\/media\/33918"}],"wp:attachment":[{"href":"https:\/\/jorgezanoni.com.br\/2019\/wp-json\/wp\/v2\/media?parent=33917"}],"wp:term":[{"taxonomy":"category","embeddable":true,"href":"https:\/\/jorgezanoni.com.br\/2019\/wp-json\/wp\/v2\/categories?post=33917"},{"taxonomy":"post_tag","embeddable":true,"href":"https:\/\/jorgezanoni.com.br\/2019\/wp-json\/wp\/v2\/tags?post=33917"}],"curies":[{"name":"wp","href":"https:\/\/api.w.org\/{rel}","templated":true}]}}