{"id":33865,"date":"2020-08-30T18:53:06","date_gmt":"2020-08-30T18:53:06","guid":{"rendered":"https:\/\/jorgezanoni.com.br\/2019\/?p=33865"},"modified":"2020-08-30T18:53:06","modified_gmt":"2020-08-30T18:53:06","slug":"morre-a-advogada-sandra-abegao-de-presidente-venceslau","status":"publish","type":"post","link":"https:\/\/jorgezanoni.com.br\/2019\/morre-a-advogada-sandra-abegao-de-presidente-venceslau\/","title":{"rendered":"Morre a advogada Sandra Abeg\u00e3o de Presidente Venceslau"},"content":{"rendered":"<p style=\"text-align: justify;\">Faleceu na madrugada deste domimgo (30) a advogada venceslauense Sandra Maria Almeida de Souza Abeg\u00e3o, aos 55 anos de idade.<\/p>\n<p style=\"text-align: justify;\">Sandra lutava contra uma leucemia h\u00e1 alguns meses e estava internada em hospital de Presidente Prudente.<\/p>\n<p style=\"text-align: justify;\">Ela era casada com Zezito Abeg\u00e3o e deixa tr\u00eas filhas.<\/p>\n<p style=\"text-align: justify;\"><strong>Vel\u00f3rio e sepultamento<\/strong><br \/>\nO corpo de Sandra est\u00e1 sendo velado na Organiza\u00e7\u00e3o Presidente. O sepultamento ser\u00e1\u00a0\u00e0s 15 horas de hoje\u00a0no Cemit\u00e9rio Municipal de Presidente Venceslau.<\/p>\n<p style=\"text-align: justify;\">Fonte: Portal Bueno<\/p>\n","protected":false},"excerpt":{"rendered":"<p>Faleceu na madrugada deste domimgo (30) a advogada venceslauense Sandra Maria Almeida de Souza Abeg\u00e3o, aos 55 anos de idade. Sandra lutava contra uma leucemia h\u00e1 alguns meses e estava internada em hospital de Presidente Prudente. Ela era casada com Zezito Abeg\u00e3o e deixa tr\u00eas filhas. Vel\u00f3rio e sepultamento O corpo de Sandra est\u00e1 sendo [&hellip;]<\/p>\n","protected":false},"author":1,"featured_media":33866,"comment_status":"closed","ping_status":"open","sticky":false,"template":"","format":"standard","meta":{"footnotes":""},"categories":[178],"tags":[],"class_list":["post-33865","post","type-post","status-publish","format-standard","has-post-thumbnail","hentry","category-notadefalecimento"],"_links":{"self":[{"href":"https:\/\/jorgezanoni.com.br\/2019\/wp-json\/wp\/v2\/posts\/33865","targetHints":{"allow":["GET"]}}],"collection":[{"href":"https:\/\/jorgezanoni.com.br\/2019\/wp-json\/wp\/v2\/posts"}],"about":[{"href":"https:\/\/jorgezanoni.com.br\/2019\/wp-json\/wp\/v2\/types\/post"}],"author":[{"embeddable":true,"href":"https:\/\/jorgezanoni.com.br\/2019\/wp-json\/wp\/v2\/users\/1"}],"replies":[{"embeddable":true,"href":"https:\/\/jorgezanoni.com.br\/2019\/wp-json\/wp\/v2\/comments?post=33865"}],"version-history":[{"count":0,"href":"https:\/\/jorgezanoni.com.br\/2019\/wp-json\/wp\/v2\/posts\/33865\/revisions"}],"wp:featuredmedia":[{"embeddable":true,"href":"https:\/\/jorgezanoni.com.br\/2019\/wp-json\/wp\/v2\/media\/33866"}],"wp:attachment":[{"href":"https:\/\/jorgezanoni.com.br\/2019\/wp-json\/wp\/v2\/media?parent=33865"}],"wp:term":[{"taxonomy":"category","embeddable":true,"href":"https:\/\/jorgezanoni.com.br\/2019\/wp-json\/wp\/v2\/categories?post=33865"},{"taxonomy":"post_tag","embeddable":true,"href":"https:\/\/jorgezanoni.com.br\/2019\/wp-json\/wp\/v2\/tags?post=33865"}],"curies":[{"name":"wp","href":"https:\/\/api.w.org\/{rel}","templated":true}]}}