{"id":33862,"date":"2020-08-30T17:15:19","date_gmt":"2020-08-30T17:15:19","guid":{"rendered":"https:\/\/jorgezanoni.com.br\/2019\/?p=33862"},"modified":"2020-08-30T17:15:19","modified_gmt":"2020-08-30T17:15:19","slug":"colisao-frontal-mata-motoristas-em-rodovia-no-interior-de-sp","status":"publish","type":"post","link":"https:\/\/jorgezanoni.com.br\/2019\/colisao-frontal-mata-motoristas-em-rodovia-no-interior-de-sp\/","title":{"rendered":"Colis\u00e3o frontal mata motoristas em rodovia no interior de SP"},"content":{"rendered":"<h2 class=\"content-head__subtitle\" style=\"text-align: justify;\"><strong>Acidente aconteceu na Rodovia Man\u00edlio Gobbi, entre Assis e Paragua\u00e7u Paulista. Terceira v\u00edtima foi socorrida com ferimentos graves<\/strong>.<\/h2>\n<div class=\"mc-column content-text active-extra-styles \" data-block-type=\"unstyled\" data-block-weight=\"29\" data-block-id=\"2\">\n<p class=\"content-text__container \" style=\"text-align: justify;\" data-track-category=\"Link no Texto\" data-track-links=\"\">Dois motoristas morreram depois que um carro e uma caminhonete bateram de frente na noite deste s\u00e1bado (29) na Rodovia Man\u00edlio Gobbi, entre Assis e Paragua\u00e7u Paulista (SP).<\/p>\n<\/div>\n<div class=\"wall protected-content\">\n<div class=\"mc-column content-text active-extra-styles \" style=\"text-align: justify;\" data-block-type=\"unstyled\" data-block-weight=\"37\" data-block-id=\"3\">\n<p class=\"content-text__container \" data-track-category=\"Link no Texto\" data-track-links=\"\">Segundo a Pol\u00edcia Rodovi\u00e1ria de Assis, as v\u00edtimas tinham 60 e 77 anos e morreram no local. J\u00e1 um outro homem, que era passageiro da caminhonete, foi socorrido em estado grave pela concession\u00e1ria que administra a rodovia.<\/p>\n<\/div>\n<div class=\"row medium-uncollapsed content-media content-photo\" style=\"text-align: justify;\" data-block-type=\"backstage-photo\" data-block-id=\"4\">\n<div class=\"mc-column content-media__container\">\n<figure><img decoding=\"async\" class=\"i-amphtml-fill-content i-amphtml-replaced-content\" src=\"https:\/\/s2.glbimg.com\/MwEFR6Hu1V5rua2oHjGD3YrFM_U=\/0x0:696x521\/984x0\/smart\/filters:strip_icc()\/i.s3.glbimg.com\/v1\/AUTH_59edd422c0c84a879bd37670ae4f538a\/internal_photos\/bs\/2020\/4\/L\/grwxnAQvuowDZpa7ZjIg\/equipe-the-brothers-1.jpg\" sizes=\"(max-width: 1366px) 648px, 100vw\" srcset=\"https:\/\/s2.glbimg.com\/eSwf5s3lDaZgqJllRf2H1-_Wo88=\/0x0:696x521\/1000x0\/smart\/filters:strip_icc()\/i.s3.glbimg.com\/v1\/AUTH_59edd422c0c84a879bd37670ae4f538a\/internal_photos\/bs\/2020\/4\/L\/grwxnAQvuowDZpa7ZjIg\/equipe-the-brothers-1.jpg 1000w, https:\/\/s2.glbimg.com\/MwEFR6Hu1V5rua2oHjGD3YrFM_U=\/0x0:696x521\/984x0\/smart\/filters:strip_icc()\/i.s3.glbimg.com\/v1\/AUTH_59edd422c0c84a879bd37670ae4f538a\/internal_photos\/bs\/2020\/4\/L\/grwxnAQvuowDZpa7ZjIg\/equipe-the-brothers-1.jpg 984w, https:\/\/s2.glbimg.com\/fCIvRqT_zyEr-kAcvKV45A5cKb4=\/0x0:696x521\/640x0\/smart\/filters:strip_icc()\/i.s3.glbimg.com\/v1\/AUTH_59edd422c0c84a879bd37670ae4f538a\/internal_photos\/bs\/2020\/4\/L\/grwxnAQvuowDZpa7ZjIg\/equipe-the-brothers-1.jpg 640w, https:\/\/s2.glbimg.com\/k1n0DLzNOf8Ng5mDS9L7ZNTK0eo=\/0x0:696x521\/600x0\/smart\/filters:strip_icc()\/i.s3.glbimg.com\/v1\/AUTH_59edd422c0c84a879bd37670ae4f538a\/internal_photos\/bs\/2020\/4\/L\/grwxnAQvuowDZpa7ZjIg\/equipe-the-brothers-1.jpg 600w\" alt=\"Homens de 60 e 77 anos n\u00e3o resistiram aos ferimentos ap\u00f3s acidente entre Assis e Paragua\u00e7u Paulista \u2014 Foto: The Brothers\/Divulga\u00e7\u00e3o\" \/><\/figure>\n<p class=\"content-media__description \">Homens de 60 e 77 anos n\u00e3o resistiram aos ferimentos ap\u00f3s acidente entre Assis e Paragua\u00e7u Paulista \u2014 Foto: The Brothers\/Divulga\u00e7\u00e3o<\/p>\n<\/div>\n<\/div>\n<div class=\"mc-column content-text active-extra-styles \" data-block-type=\"unstyled\" data-block-weight=\"24\" data-block-id=\"5\">\n<p class=\"content-text__container \" style=\"text-align: justify;\" data-track-category=\"Link no Texto\" data-track-links=\"\">Os bombeiros de Paragua\u00e7u Paulista e Assis tamb\u00e9m atenderam a ocorr\u00eancia. A per\u00edcia t\u00e9cnica esteve no local para apurar as causas do acidente<\/p>\n<p style=\"text-align: justify;\" data-track-category=\"Link no Texto\" data-track-links=\"\">Fonte: G1<\/p>\n<\/div>\n<\/div>\n","protected":false},"excerpt":{"rendered":"<p>Acidente aconteceu na Rodovia Man\u00edlio Gobbi, entre Assis e Paragua\u00e7u Paulista. Terceira v\u00edtima foi socorrida com ferimentos graves. Dois motoristas morreram depois que um carro e uma caminhonete bateram de frente na noite deste s\u00e1bado (29) na Rodovia Man\u00edlio Gobbi, entre Assis e Paragua\u00e7u Paulista (SP). Segundo a Pol\u00edcia Rodovi\u00e1ria de Assis, as v\u00edtimas tinham [&hellip;]<\/p>\n","protected":false},"author":1,"featured_media":33863,"comment_status":"closed","ping_status":"open","sticky":false,"template":"","format":"standard","meta":{"footnotes":""},"categories":[170,110],"tags":[],"class_list":["post-33862","post","type-post","status-publish","format-standard","has-post-thumbnail","hentry","category-acidentes","category-noticiasdestaque"],"_links":{"self":[{"href":"https:\/\/jorgezanoni.com.br\/2019\/wp-json\/wp\/v2\/posts\/33862","targetHints":{"allow":["GET"]}}],"collection":[{"href":"https:\/\/jorgezanoni.com.br\/2019\/wp-json\/wp\/v2\/posts"}],"about":[{"href":"https:\/\/jorgezanoni.com.br\/2019\/wp-json\/wp\/v2\/types\/post"}],"author":[{"embeddable":true,"href":"https:\/\/jorgezanoni.com.br\/2019\/wp-json\/wp\/v2\/users\/1"}],"replies":[{"embeddable":true,"href":"https:\/\/jorgezanoni.com.br\/2019\/wp-json\/wp\/v2\/comments?post=33862"}],"version-history":[{"count":0,"href":"https:\/\/jorgezanoni.com.br\/2019\/wp-json\/wp\/v2\/posts\/33862\/revisions"}],"wp:featuredmedia":[{"embeddable":true,"href":"https:\/\/jorgezanoni.com.br\/2019\/wp-json\/wp\/v2\/media\/33863"}],"wp:attachment":[{"href":"https:\/\/jorgezanoni.com.br\/2019\/wp-json\/wp\/v2\/media?parent=33862"}],"wp:term":[{"taxonomy":"category","embeddable":true,"href":"https:\/\/jorgezanoni.com.br\/2019\/wp-json\/wp\/v2\/categories?post=33862"},{"taxonomy":"post_tag","embeddable":true,"href":"https:\/\/jorgezanoni.com.br\/2019\/wp-json\/wp\/v2\/tags?post=33862"}],"curies":[{"name":"wp","href":"https:\/\/api.w.org\/{rel}","templated":true}]}}