{"id":33859,"date":"2020-08-30T16:49:15","date_gmt":"2020-08-30T16:49:15","guid":{"rendered":"https:\/\/jorgezanoni.com.br\/2019\/?p=33859"},"modified":"2020-08-30T16:49:15","modified_gmt":"2020-08-30T16:49:15","slug":"em-isolamento-devotos-do-candomble-festejam-o-orixa-da-cura-e-pedem-saude-ao-mundo-para-enfrentar-a-pandemia-da-covid-19","status":"publish","type":"post","link":"https:\/\/jorgezanoni.com.br\/2019\/em-isolamento-devotos-do-candomble-festejam-o-orixa-da-cura-e-pedem-saude-ao-mundo-para-enfrentar-a-pandemia-da-covid-19\/","title":{"rendered":"Em isolamento, devotos do candombl\u00e9 festejam o orix\u00e1 da cura e pedem sa\u00fade ao mundo para enfrentar a pandemia da Covid-19"},"content":{"rendered":"<h2 class=\"content-head__subtitle\" style=\"text-align: justify;\"><strong>Para os seguidores da religi\u00e3o, a divindade, que atende pelo nome de Omolu, tem o poder de levar para longe do planeta qualquer enfermidade.<\/strong><\/h2>\n<div class=\"mc-column content-text active-extra-styles \" data-block-type=\"unstyled\" data-block-weight=\"68\" data-block-id=\"2\">\n<p class=\"content-text__container \" style=\"text-align: justify;\" data-track-category=\"Link no Texto\" data-track-links=\"\">Neste per\u00edodo de dor, quem poder\u00e1 salvar tanta gente? Al\u00e9m da medicina e da ci\u00eancia, a quem recorrer diante de tantas incertezas sobre a pr\u00f3pria sa\u00fade? Para os seguidores do candombl\u00e9,\u00a0<span class=\"highlight highlighted\">o her\u00f3i veste palha-da-costa da cabe\u00e7a aos p\u00e9s, carrega uma lan\u00e7a coberta de taliscas de dendezeiro, tem o poder de levar para longe do planeta qualquer enfermidade e atende pelo nome de Omulu, o orix\u00e1 da cura<\/span>.<\/p>\n<\/div>\n<div class=\"wall protected-content\">\n<div class=\"mc-column content-text active-extra-styles \" style=\"text-align: justify;\" data-block-type=\"unstyled\" data-block-weight=\"41\" data-block-id=\"3\">\n<p class=\"content-text__container \" data-track-category=\"Link no Texto\" data-track-links=\"\">A divindade, sem d\u00favida, tem sido a mais evocada desde que a pandemia do novo coronav\u00edrus se tornou uma amea\u00e7a. Mas h\u00e1 quem esteja fazendo muito mais, mesmo com as atividades dos terreiros suspensas pelos decretos que pro\u00edbem aglomera\u00e7\u00f5es de pessoas.<\/p>\n<\/div>\n<div class=\"mc-column content-text active-extra-styles \" style=\"text-align: justify;\" data-block-type=\"unstyled\" data-block-weight=\"46\" data-block-id=\"4\">\n<p class=\"content-text__container \" data-track-category=\"Link no Texto\" data-track-links=\"\">Prova disso \u00e9 o Festejo de Olubaj\u00e9 (o banquete dos reis) realizado tradicionalmente no m\u00eas de agosto, em todo o pa\u00eds. A festa \u00e9 feita para Omolu, Nan\u00e3 e toda fam\u00edlia Carij\u00e9bi, a fam\u00edlia da palha. No candombl\u00e9, esses orix\u00e1s representam toda a movimenta\u00e7\u00e3o do mundo.<\/p>\n<\/div>\n<div class=\"row medium-uncollapsed content-media content-photo\" style=\"text-align: justify;\" data-block-type=\"backstage-photo\" data-block-id=\"5\">\n<div class=\"mc-column content-media__container\">\n<figure><img decoding=\"async\" class=\"i-amphtml-fill-content i-amphtml-replaced-content\" src=\"https:\/\/s2.glbimg.com\/hAmp_jn36SaThRRPOj7EI84rbkM=\/0x0:1280x853\/984x0\/smart\/filters:strip_icc()\/i.s3.glbimg.com\/v1\/AUTH_59edd422c0c84a879bd37670ae4f538a\/internal_photos\/bs\/2020\/0\/0\/RN1Np2QPGhshOfuy6xsA\/whatsapp-image-2020-08-25-at-21.39.39-1-.jpeg\" sizes=\"(max-width: 1366px) 648px, 100vw\" srcset=\"https:\/\/s2.glbimg.com\/5vCaXrBwg-Ov5eSj8-Iry5qN_l4=\/0x0:1280x853\/1000x0\/smart\/filters:strip_icc()\/i.s3.glbimg.com\/v1\/AUTH_59edd422c0c84a879bd37670ae4f538a\/internal_photos\/bs\/2020\/0\/0\/RN1Np2QPGhshOfuy6xsA\/whatsapp-image-2020-08-25-at-21.39.39-1-.jpeg 1000w, https:\/\/s2.glbimg.com\/hAmp_jn36SaThRRPOj7EI84rbkM=\/0x0:1280x853\/984x0\/smart\/filters:strip_icc()\/i.s3.glbimg.com\/v1\/AUTH_59edd422c0c84a879bd37670ae4f538a\/internal_photos\/bs\/2020\/0\/0\/RN1Np2QPGhshOfuy6xsA\/whatsapp-image-2020-08-25-at-21.39.39-1-.jpeg 984w, https:\/\/s2.glbimg.com\/PSOOX_8pR440Cbe55KmbxbOf3HA=\/0x0:1280x853\/640x0\/smart\/filters:strip_icc()\/i.s3.glbimg.com\/v1\/AUTH_59edd422c0c84a879bd37670ae4f538a\/internal_photos\/bs\/2020\/0\/0\/RN1Np2QPGhshOfuy6xsA\/whatsapp-image-2020-08-25-at-21.39.39-1-.jpeg 640w, https:\/\/s2.glbimg.com\/_4koeY0jHXgZ8gkTG29AvUGcJvk=\/0x0:1280x853\/600x0\/smart\/filters:strip_icc()\/i.s3.glbimg.com\/v1\/AUTH_59edd422c0c84a879bd37670ae4f538a\/internal_photos\/bs\/2020\/0\/0\/RN1Np2QPGhshOfuy6xsA\/whatsapp-image-2020-08-25-at-21.39.39-1-.jpeg 600w\" alt=\"Mesa das comidas onde \u00e9 feita a reza aos orix\u00e1s  \u2014 Foto: 7'Kali\" \/><\/figure>\n<p class=\"content-media__description \">Mesa das comidas onde \u00e9 feita a reza aos orix\u00e1s \u2014 Foto: 7&#8217;Kali<\/p>\n<\/div>\n<\/div>\n<div class=\"mc-column content-text active-extra-styles \" style=\"text-align: justify;\" data-block-type=\"unstyled\" data-block-weight=\"56\" data-block-id=\"7\">\n<p class=\"content-text__container \" data-track-category=\"Link no Texto\" data-track-links=\"\">Em\u00a0<a href=\"https:\/\/g1.globo.com\/sp\/presidente-prudente-regiao\/cidade\/presidente-prudente\/\">Presidente Prudente (SP)<\/a>, por conta do isolamento social, o festejo neste domingo (30) ser\u00e1 um pouco diferente. A comemora\u00e7\u00e3o, que geralmente \u00e9 aberta ao p\u00fablico, vai ser celebrada somente pelos filhos de santo da\u00a0<em>Il\u00ea As\u00e9 Of\u00e1 Om\u00edm Orum Alaketu<\/em>, que significa Casa das For\u00e7as das Flechas das \u00c1guas do C\u00e9u do Rei de Ketu.<\/p>\n<\/div>\n<div class=\"mc-column content-text active-extra-styles \" style=\"text-align: justify;\" data-block-type=\"unstyled\" data-block-weight=\"35\" data-block-id=\"8\">\n<p class=\"content-text__container \" data-track-category=\"Link no Texto\" data-track-links=\"\">O babalorix\u00e1 Alex de Logun Ede contou ao\u00a0<strong>G1<\/strong>\u00a0que o festejo tem o intuito de pedir sa\u00fade ao mundo inteiro. Essa celebra\u00e7\u00e3o sempre foi feita, mas ficou ainda mais necess\u00e1ria neste per\u00edodo pand\u00eamico.<\/p>\n<\/div>\n<div class=\"mc-column content-text active-extra-styles \" style=\"text-align: justify;\" data-block-type=\"unstyled\" data-block-weight=\"64\" data-block-id=\"9\">\n<p class=\"content-text__container \" data-track-category=\"Link no Texto\" data-track-links=\"\">&#8220;Nessa pandemia, os terreiros se reuniram para fazer o Olubaj\u00e9 interno, por conta da aglomera\u00e7\u00e3o, mas com o intuito de salvar o mundo. Vamos pedir a Omolu que nos traga a b\u00ean\u00e7\u00e3o da sa\u00fade e que leve as pragas do mundo para longe. Durante o m\u00eas inteiro de agosto, n\u00f3s evocamos fervorosamente Omulu, rezando por sa\u00fade, para que a pandemia v\u00e1 embora&#8221;, disse.<\/p>\n<\/div>\n<div class=\"row medium-uncollapsed content-media content-photo\" style=\"text-align: justify;\" data-block-type=\"backstage-photo\" data-block-id=\"10\">\n<div class=\"mc-column content-media__container\">\n<figure><img decoding=\"async\" class=\"i-amphtml-fill-content i-amphtml-replaced-content\" src=\"https:\/\/s2.glbimg.com\/za5xx_wqxhntrj_XBhjfkKLRbnM=\/0x0:1280x853\/984x0\/smart\/filters:strip_icc()\/i.s3.glbimg.com\/v1\/AUTH_59edd422c0c84a879bd37670ae4f538a\/internal_photos\/bs\/2020\/B\/0\/GgWquUTAyen5Rx62dVXA\/whatsapp-image-2020-08-25-at-21.39.39.jpeg\" sizes=\"(max-width: 1366px) 648px, 100vw\" srcset=\"https:\/\/s2.glbimg.com\/SJWurCSP9BjCyGWpeAHzpbjBrck=\/0x0:1280x853\/1000x0\/smart\/filters:strip_icc()\/i.s3.glbimg.com\/v1\/AUTH_59edd422c0c84a879bd37670ae4f538a\/internal_photos\/bs\/2020\/B\/0\/GgWquUTAyen5Rx62dVXA\/whatsapp-image-2020-08-25-at-21.39.39.jpeg 1000w, https:\/\/s2.glbimg.com\/za5xx_wqxhntrj_XBhjfkKLRbnM=\/0x0:1280x853\/984x0\/smart\/filters:strip_icc()\/i.s3.glbimg.com\/v1\/AUTH_59edd422c0c84a879bd37670ae4f538a\/internal_photos\/bs\/2020\/B\/0\/GgWquUTAyen5Rx62dVXA\/whatsapp-image-2020-08-25-at-21.39.39.jpeg 984w, https:\/\/s2.glbimg.com\/3fwuCAL1Aq_Z-E0k-0lI1n18hgI=\/0x0:1280x853\/640x0\/smart\/filters:strip_icc()\/i.s3.glbimg.com\/v1\/AUTH_59edd422c0c84a879bd37670ae4f538a\/internal_photos\/bs\/2020\/B\/0\/GgWquUTAyen5Rx62dVXA\/whatsapp-image-2020-08-25-at-21.39.39.jpeg 640w, https:\/\/s2.glbimg.com\/v5SbwT00PJwhhpt2IVECjFbep34=\/0x0:1280x853\/600x0\/smart\/filters:strip_icc()\/i.s3.glbimg.com\/v1\/AUTH_59edd422c0c84a879bd37670ae4f538a\/internal_photos\/bs\/2020\/B\/0\/GgWquUTAyen5Rx62dVXA\/whatsapp-image-2020-08-25-at-21.39.39.jpeg 600w\" alt=\"Mesa de comidas onde \u00e9 feita a reza aos orix\u00e1s \u2014 Foto: 7'Kali\" \/><\/figure>\n<p class=\"content-media__description \">Mesa de comidas onde \u00e9 feita a reza aos orix\u00e1s \u2014 Foto: 7&#8217;Kali<\/p>\n<\/div>\n<\/div>\n<div class=\"mc-column content-text active-extra-styles \" style=\"text-align: justify;\" data-block-type=\"unstyled\" data-block-weight=\"17\" data-block-id=\"11\">\n<p class=\"content-text__container \" data-track-category=\"Link no Texto\" data-track-links=\"\">Durante o festejo, os participantes oferecem comidas aos orix\u00e1s. O prato preferido de Omolu \u00e9 pipoca.<\/p>\n<\/div>\n<div class=\"mc-column content-text active-extra-styles \" style=\"text-align: justify;\" data-block-type=\"unstyled\" data-block-weight=\"67\" data-block-id=\"12\">\n<p class=\"content-text__container \" data-track-category=\"Link no Texto\" data-track-links=\"\"><span class=\"highlight highlighted\">&#8220;Ele adora pipoca e feij\u00e3o preto. Essa celebra\u00e7\u00e3o n\u00e3o ocorre somente na pandemia, mas neste ano tornou-se ainda mais importante. Omolu j\u00e1 designou para n\u00f3s que esse per\u00edodo j\u00e1 est\u00e1 passando, que de agosto em diante vai diminuir todo esse sofrimento. A cura vai ser descoberta. Nossos ancestrais pediram muito a Omolu que curasse a febre amarela, e assim ele fez&#8221;, contou o babalorix\u00e1 ao\u00a0<\/span><strong><span class=\"highlight highlighted\">G1<\/span><\/strong><span class=\"highlight highlighted\">.<\/span><\/p>\n<\/div>\n<div class=\"mc-column content-text active-extra-styles \" style=\"text-align: justify;\" data-block-type=\"unstyled\" data-block-weight=\"25\" data-block-id=\"14\">\n<p class=\"content-text__container \" data-track-category=\"Link no Texto\" data-track-links=\"\">No festejo, as comidas tamb\u00e9m s\u00e3o ofertadas a todos os participantes na folha de mamona, conforme contou ao\u00a0<strong>G1<\/strong>\u00a0o babalorix\u00e1 Fl\u00e1vio de Od\u00e9.<\/p>\n<\/div>\n<div class=\"mc-column content-text active-extra-styles \" style=\"text-align: justify;\" data-block-type=\"unstyled\" data-block-weight=\"61\" data-block-id=\"15\">\n<p class=\"content-text__container \" data-track-category=\"Link no Texto\" data-track-links=\"\">&#8220;S\u00e3o montadas trouxinhas com um pouco de cada comida, onde cada convidado come o que gosta. Depois, a folha \u00e9 utilizada pela pr\u00f3pria pessoa para puxar toda a negatividade de seu corpo. A casa \u00e9 toda enfeitada com fios de pipoca feitos \u00e0 m\u00e3o, esteiras de palha, tudo para a chegada do rei Omolu e sua fam\u00edlia&#8221;, falou Fl\u00e1vio de Od\u00e9.<\/p>\n<\/div>\n<div class=\"row medium-uncollapsed content-media content-photo\" style=\"text-align: justify;\" data-block-type=\"backstage-photo\" data-block-id=\"16\">\n<div class=\"mc-column content-media__container\">\n<figure><img decoding=\"async\" class=\"i-amphtml-fill-content i-amphtml-replaced-content\" src=\"https:\/\/s2.glbimg.com\/5swN0N7iNaWXm6iUSeKVpl52RKs=\/0x0:1024x682\/984x0\/smart\/filters:strip_icc()\/i.s3.glbimg.com\/v1\/AUTH_59edd422c0c84a879bd37670ae4f538a\/internal_photos\/bs\/2020\/U\/5\/BAt0jOQ366ozrXBq84Cw\/whatsapp-image-2020-08-27-at-14.04.08.jpeg\" sizes=\"(max-width: 1366px) 648px, 100vw\" srcset=\"https:\/\/s2.glbimg.com\/Q_ndO5lk9Gf3EZdNCiMX3a2GZS4=\/0x0:1024x682\/1000x0\/smart\/filters:strip_icc()\/i.s3.glbimg.com\/v1\/AUTH_59edd422c0c84a879bd37670ae4f538a\/internal_photos\/bs\/2020\/U\/5\/BAt0jOQ366ozrXBq84Cw\/whatsapp-image-2020-08-27-at-14.04.08.jpeg 1000w, https:\/\/s2.glbimg.com\/5swN0N7iNaWXm6iUSeKVpl52RKs=\/0x0:1024x682\/984x0\/smart\/filters:strip_icc()\/i.s3.glbimg.com\/v1\/AUTH_59edd422c0c84a879bd37670ae4f538a\/internal_photos\/bs\/2020\/U\/5\/BAt0jOQ366ozrXBq84Cw\/whatsapp-image-2020-08-27-at-14.04.08.jpeg 984w, https:\/\/s2.glbimg.com\/bUaDMG6E7bSpFk_isCabUwUde8A=\/0x0:1024x682\/640x0\/smart\/filters:strip_icc()\/i.s3.glbimg.com\/v1\/AUTH_59edd422c0c84a879bd37670ae4f538a\/internal_photos\/bs\/2020\/U\/5\/BAt0jOQ366ozrXBq84Cw\/whatsapp-image-2020-08-27-at-14.04.08.jpeg 640w, https:\/\/s2.glbimg.com\/0Jo65UlNjWYSwFK6-HJmctJ1LYE=\/0x0:1024x682\/600x0\/smart\/filters:strip_icc()\/i.s3.glbimg.com\/v1\/AUTH_59edd422c0c84a879bd37670ae4f538a\/internal_photos\/bs\/2020\/U\/5\/BAt0jOQ366ozrXBq84Cw\/whatsapp-image-2020-08-27-at-14.04.08.jpeg 600w\" alt=\"Omolu, o orix\u00e1 da cura  \u2014 Foto: I.M Fotografia \" \/><\/figure>\n<p class=\"content-media__description \">Omolu, o orix\u00e1 da cura \u2014 Foto: I.M Fotografia<\/p>\n<\/div>\n<\/div>\n<div class=\"mc-column content-text active-extra-styles \" style=\"text-align: justify;\" data-block-type=\"unstyled\" data-block-weight=\"19\" data-block-id=\"17\">\n<p class=\"content-text__container \" data-track-category=\"Link no Texto\" data-track-links=\"\">Enquanto os santos dan\u00e7am, as pessoas pedem por sa\u00fade, por prosperidade e para que os caminhos sejam abertos.<\/p>\n<\/div>\n<div class=\"mc-column content-text active-extra-styles \" style=\"text-align: justify;\" data-block-type=\"unstyled\" data-block-weight=\"46\" data-block-id=\"18\">\n<p class=\"content-text__container \" data-track-category=\"Link no Texto\" data-track-links=\"\">O ritual, neste ano, n\u00e3o poderia deixar de acontecer, e ser\u00e1 feito internamente, somente com os filhos de santo. N\u00e3o ser\u00e1 aberto ao p\u00fablico. Geralmente, o festejo re\u00fane em torno de 500 pessoas, mas isso n\u00e3o vai ser poss\u00edvel neste per\u00edodo de isolamento social.<\/p>\n<\/div>\n<div class=\"mc-column content-text active-extra-styles \" style=\"text-align: justify;\" data-block-type=\"unstyled\" data-block-weight=\"20\" data-block-id=\"19\">\n<p class=\"content-text__container \" data-track-category=\"Link no Texto\" data-track-links=\"\">Com medidas de seguran\u00e7a, distanciamento e higiene, cerca de 200 filhos de santo v\u00e3o se reunir para celebrar Omolu.<\/p>\n<\/div>\n<div class=\"mc-column content-text active-extra-styles \" style=\"text-align: justify;\" data-block-type=\"unstyled\" data-block-weight=\"18\" data-block-id=\"20\">\n<p class=\"content-text__container \" data-track-category=\"Link no Texto\" data-track-links=\"\">Depois do festejo, os filhos de santo distribuem comida aos moradores de rua da cidade, findando a celebra\u00e7\u00e3o.<\/p>\n<\/div>\n<div class=\"mc-column content-text active-extra-styles\" style=\"text-align: justify;\" data-block-type=\"raw\" data-block-weight=\"76\" data-block-id=\"21\">\n<blockquote class=\"content-blockquote theme-border-color-primary-before\"><p>&#8220;Omolu \u00e9 respons\u00e1vel por toda nossa sa\u00fade e nosso intuito \u00e9 celebr\u00e1-lo. \u00c9 respons\u00e1vel por aquilo que morre e se transforma. O momento que estamos vivendo \u00e9 uma grande oportunidade de melhoria. Essas coisas acontecem quando o homem esquece de valores importantes como Deus, espiritualidade, fam\u00edlia, solidariedade e amor, vez por outra surge uma situa\u00e7\u00e3o como essa, ao meu ver, para fazer o homem se refrear &#8220;, enfatizou o babalorix\u00e1 Alex de Logun Ede ao\u00a0<strong>G1<\/strong>.<\/p><\/blockquote>\n<\/div>\n<div class=\"row medium-uncollapsed content-media content-photo\" style=\"text-align: justify;\" data-block-type=\"backstage-photo\" data-block-id=\"23\">\n<div class=\"mc-column content-media__container\">\n<figure><img decoding=\"async\" class=\"i-amphtml-fill-content i-amphtml-replaced-content\" src=\"https:\/\/s2.glbimg.com\/jO6maJdBYhFQ2z-AEvOVR-svxVE=\/0x0:859x853\/984x0\/smart\/filters:strip_icc()\/i.s3.glbimg.com\/v1\/AUTH_59edd422c0c84a879bd37670ae4f538a\/internal_photos\/bs\/2020\/D\/a\/vPHczFSpa9PrYhOtoXyw\/71205250-140645360545034-3468369216040599552-n.jpg\" sizes=\"(max-width: 1366px) 648px, 100vw\" srcset=\"https:\/\/s2.glbimg.com\/LhcvV--UxvQeJ26Zkz8cr9SIHmM=\/0x0:859x853\/1000x0\/smart\/filters:strip_icc()\/i.s3.glbimg.com\/v1\/AUTH_59edd422c0c84a879bd37670ae4f538a\/internal_photos\/bs\/2020\/D\/a\/vPHczFSpa9PrYhOtoXyw\/71205250-140645360545034-3468369216040599552-n.jpg 1000w, https:\/\/s2.glbimg.com\/jO6maJdBYhFQ2z-AEvOVR-svxVE=\/0x0:859x853\/984x0\/smart\/filters:strip_icc()\/i.s3.glbimg.com\/v1\/AUTH_59edd422c0c84a879bd37670ae4f538a\/internal_photos\/bs\/2020\/D\/a\/vPHczFSpa9PrYhOtoXyw\/71205250-140645360545034-3468369216040599552-n.jpg 984w, https:\/\/s2.glbimg.com\/eLc5jCjnooszf2dKmjeIZPeyP1Q=\/0x0:859x853\/640x0\/smart\/filters:strip_icc()\/i.s3.glbimg.com\/v1\/AUTH_59edd422c0c84a879bd37670ae4f538a\/internal_photos\/bs\/2020\/D\/a\/vPHczFSpa9PrYhOtoXyw\/71205250-140645360545034-3468369216040599552-n.jpg 640w, https:\/\/s2.glbimg.com\/OGC7L0yAgtUDkRVmqWBHc1diTUA=\/0x0:859x853\/600x0\/smart\/filters:strip_icc()\/i.s3.glbimg.com\/v1\/AUTH_59edd422c0c84a879bd37670ae4f538a\/internal_photos\/bs\/2020\/D\/a\/vPHczFSpa9PrYhOtoXyw\/71205250-140645360545034-3468369216040599552-n.jpg 600w\" alt=\"Babalorix\u00e1s Alex de Logun Ede e Flavio de Od\u00e9 \u2014 Foto: Cedida\" \/><\/figure>\n<p class=\"content-media__description \">Babalorix\u00e1s Alex de Logun Ede e Flavio de Od\u00e9 \u2014 Foto: Cedida<\/p>\n<\/div>\n<\/div>\n<div class=\"row medium-uncollapsed content-media content-photo\" style=\"text-align: justify;\" data-block-type=\"backstage-photo\" data-block-id=\"24\">\n<div class=\"mc-column content-media__container\">\n<figure><img decoding=\"async\" class=\"i-amphtml-fill-content i-amphtml-replaced-content\" src=\"https:\/\/s2.glbimg.com\/6akRylLCZfVLlf9VJ1RMIMIbWh0=\/0x0:1280x853\/984x0\/smart\/filters:strip_icc()\/i.s3.glbimg.com\/v1\/AUTH_59edd422c0c84a879bd37670ae4f538a\/internal_photos\/bs\/2020\/2\/t\/9IMEM2QVm2xFVTrtQA2Q\/whatsapp-image-2020-08-25-at-21.39.40-2-.jpeg\" sizes=\"(max-width: 1366px) 648px, 100vw\" srcset=\"https:\/\/s2.glbimg.com\/Yjvyb2kL_MBmgCc0o1RA9CpZx2Y=\/0x0:1280x853\/1000x0\/smart\/filters:strip_icc()\/i.s3.glbimg.com\/v1\/AUTH_59edd422c0c84a879bd37670ae4f538a\/internal_photos\/bs\/2020\/2\/t\/9IMEM2QVm2xFVTrtQA2Q\/whatsapp-image-2020-08-25-at-21.39.40-2-.jpeg 1000w, https:\/\/s2.glbimg.com\/6akRylLCZfVLlf9VJ1RMIMIbWh0=\/0x0:1280x853\/984x0\/smart\/filters:strip_icc()\/i.s3.glbimg.com\/v1\/AUTH_59edd422c0c84a879bd37670ae4f538a\/internal_photos\/bs\/2020\/2\/t\/9IMEM2QVm2xFVTrtQA2Q\/whatsapp-image-2020-08-25-at-21.39.40-2-.jpeg 984w, https:\/\/s2.glbimg.com\/1-gPwxgogOcYFJCetPJZaDB0tOQ=\/0x0:1280x853\/640x0\/smart\/filters:strip_icc()\/i.s3.glbimg.com\/v1\/AUTH_59edd422c0c84a879bd37670ae4f538a\/internal_photos\/bs\/2020\/2\/t\/9IMEM2QVm2xFVTrtQA2Q\/whatsapp-image-2020-08-25-at-21.39.40-2-.jpeg 640w, https:\/\/s2.glbimg.com\/Jymgikb54CIvO8ep_Z6SHGygEb0=\/0x0:1280x853\/600x0\/smart\/filters:strip_icc()\/i.s3.glbimg.com\/v1\/AUTH_59edd422c0c84a879bd37670ae4f538a\/internal_photos\/bs\/2020\/2\/t\/9IMEM2QVm2xFVTrtQA2Q\/whatsapp-image-2020-08-25-at-21.39.40-2-.jpeg 600w\" alt=\"Casa de Ax\u00e9 decorada com fios de pipocas feitos \u00e0 m\u00e3o \u2014 Foto: 7'Kali\" \/><\/figure>\n<p class=\"content-media__description \">Casa de Ax\u00e9 decorada com fios de pipocas feitos \u00e0 m\u00e3o \u2014 Foto: 7&#8217;Kali<\/p>\n<\/div>\n<\/div>\n<div class=\"row medium-uncollapsed content-media content-photo\" style=\"text-align: justify;\" data-block-type=\"backstage-photo\" data-block-id=\"25\">\n<div class=\"mc-column content-media__container\">\n<figure><img decoding=\"async\" class=\"i-amphtml-fill-content i-amphtml-replaced-content\" src=\"https:\/\/s2.glbimg.com\/_FRU_zntMO_UxkvTY62jWPGtqJc=\/0x0:1024x682\/984x0\/smart\/filters:strip_icc()\/i.s3.glbimg.com\/v1\/AUTH_59edd422c0c84a879bd37670ae4f538a\/internal_photos\/bs\/2020\/j\/s\/W3TAPrQBuB9KqDz4lwTg\/whatsapp-image-2020-08-27-at-14.03.41.jpeg\" sizes=\"(max-width: 1366px) 648px, 100vw\" srcset=\"https:\/\/s2.glbimg.com\/rIk_ZtFHxYVj5SzMCOJq0ZrFQu0=\/0x0:1024x682\/1000x0\/smart\/filters:strip_icc()\/i.s3.glbimg.com\/v1\/AUTH_59edd422c0c84a879bd37670ae4f538a\/internal_photos\/bs\/2020\/j\/s\/W3TAPrQBuB9KqDz4lwTg\/whatsapp-image-2020-08-27-at-14.03.41.jpeg 1000w, https:\/\/s2.glbimg.com\/_FRU_zntMO_UxkvTY62jWPGtqJc=\/0x0:1024x682\/984x0\/smart\/filters:strip_icc()\/i.s3.glbimg.com\/v1\/AUTH_59edd422c0c84a879bd37670ae4f538a\/internal_photos\/bs\/2020\/j\/s\/W3TAPrQBuB9KqDz4lwTg\/whatsapp-image-2020-08-27-at-14.03.41.jpeg 984w, https:\/\/s2.glbimg.com\/TzBWkYHVFKbFTWYRzUQXzvaE6ZI=\/0x0:1024x682\/640x0\/smart\/filters:strip_icc()\/i.s3.glbimg.com\/v1\/AUTH_59edd422c0c84a879bd37670ae4f538a\/internal_photos\/bs\/2020\/j\/s\/W3TAPrQBuB9KqDz4lwTg\/whatsapp-image-2020-08-27-at-14.03.41.jpeg 640w, https:\/\/s2.glbimg.com\/ePiKyZG5dY3kxfu0Kfy96t8jAJ8=\/0x0:1024x682\/600x0\/smart\/filters:strip_icc()\/i.s3.glbimg.com\/v1\/AUTH_59edd422c0c84a879bd37670ae4f538a\/internal_photos\/bs\/2020\/j\/s\/W3TAPrQBuB9KqDz4lwTg\/whatsapp-image-2020-08-27-at-14.03.41.jpeg 600w\" alt=\"Orix\u00e1s Nan\u00e3 e Omolu, da fam\u00edlia da palha  \u2014 Foto: I.M Fotografia \" \/><\/figure>\n<p class=\"content-media__description \">Orix\u00e1s Nan\u00e3 e Omolu, da fam\u00edlia da palha \u2014 Foto: I.M Fotografia<\/p>\n<\/div>\n<\/div>\n<div class=\"row medium-uncollapsed content-media content-photo\" style=\"text-align: justify;\" data-block-type=\"backstage-photo\" data-block-id=\"27\">\n<div class=\"mc-column content-media__container\">\n<figure><img decoding=\"async\" class=\"i-amphtml-fill-content i-amphtml-replaced-content\" src=\"https:\/\/s2.glbimg.com\/Y6sWGBxsVkRrxpzW1K6L_e2jJu4=\/0x0:1280x853\/984x0\/smart\/filters:strip_icc()\/i.s3.glbimg.com\/v1\/AUTH_59edd422c0c84a879bd37670ae4f538a\/internal_photos\/bs\/2020\/v\/f\/m51l1BQTu1OlOLoUE7Jw\/whatsapp-image-2020-08-25-at-21.39.40-1-.jpeg\" sizes=\"(max-width: 1366px) 648px, 100vw\" srcset=\"https:\/\/s2.glbimg.com\/4vCEal8jRKpQFD3MLAh8I8lJI4c=\/0x0:1280x853\/1000x0\/smart\/filters:strip_icc()\/i.s3.glbimg.com\/v1\/AUTH_59edd422c0c84a879bd37670ae4f538a\/internal_photos\/bs\/2020\/v\/f\/m51l1BQTu1OlOLoUE7Jw\/whatsapp-image-2020-08-25-at-21.39.40-1-.jpeg 1000w, https:\/\/s2.glbimg.com\/Y6sWGBxsVkRrxpzW1K6L_e2jJu4=\/0x0:1280x853\/984x0\/smart\/filters:strip_icc()\/i.s3.glbimg.com\/v1\/AUTH_59edd422c0c84a879bd37670ae4f538a\/internal_photos\/bs\/2020\/v\/f\/m51l1BQTu1OlOLoUE7Jw\/whatsapp-image-2020-08-25-at-21.39.40-1-.jpeg 984w, https:\/\/s2.glbimg.com\/4p2hwmmg7aiMr6x-aW_D0Z6JCzg=\/0x0:1280x853\/640x0\/smart\/filters:strip_icc()\/i.s3.glbimg.com\/v1\/AUTH_59edd422c0c84a879bd37670ae4f538a\/internal_photos\/bs\/2020\/v\/f\/m51l1BQTu1OlOLoUE7Jw\/whatsapp-image-2020-08-25-at-21.39.40-1-.jpeg 640w, https:\/\/s2.glbimg.com\/piVwD9xP0d0nHA5dqXyHpYKCu38=\/0x0:1280x853\/600x0\/smart\/filters:strip_icc()\/i.s3.glbimg.com\/v1\/AUTH_59edd422c0c84a879bd37670ae4f538a\/internal_photos\/bs\/2020\/v\/f\/m51l1BQTu1OlOLoUE7Jw\/whatsapp-image-2020-08-25-at-21.39.40-1-.jpeg 600w\" alt=\"Comidas s\u00e3o servidas na folha de mamona \u2014 Foto: 7'Kali\" \/><\/figure>\n<p class=\"content-media__description \">Comidas s\u00e3o servidas na folha de mamona \u2014 Foto: 7&#8217;Kali<\/p>\n<\/div>\n<\/div>\n<div class=\"row medium-uncollapsed content-media content-photo\" style=\"text-align: justify;\" data-block-type=\"backstage-photo\" data-block-id=\"28\">\n<div class=\"mc-column content-media__container\">\n<figure><img decoding=\"async\" class=\"i-amphtml-fill-content i-amphtml-replaced-content\" src=\"https:\/\/s2.glbimg.com\/CZxeLKpDgabczSGwnMez7xdDoSY=\/0x0:1024x682\/984x0\/smart\/filters:strip_icc()\/i.s3.glbimg.com\/v1\/AUTH_59edd422c0c84a879bd37670ae4f538a\/internal_photos\/bs\/2020\/2\/B\/JAZ8HmQdmhzJLl9NwBfg\/whatsapp-image-2020-08-27-at-14.05.41.jpeg\" sizes=\"(max-width: 1366px) 648px, 100vw\" srcset=\"https:\/\/s2.glbimg.com\/m4JCSV7xxIpF6UwpJA8QlWekZS4=\/0x0:1024x682\/1000x0\/smart\/filters:strip_icc()\/i.s3.glbimg.com\/v1\/AUTH_59edd422c0c84a879bd37670ae4f538a\/internal_photos\/bs\/2020\/2\/B\/JAZ8HmQdmhzJLl9NwBfg\/whatsapp-image-2020-08-27-at-14.05.41.jpeg 1000w, https:\/\/s2.glbimg.com\/CZxeLKpDgabczSGwnMez7xdDoSY=\/0x0:1024x682\/984x0\/smart\/filters:strip_icc()\/i.s3.glbimg.com\/v1\/AUTH_59edd422c0c84a879bd37670ae4f538a\/internal_photos\/bs\/2020\/2\/B\/JAZ8HmQdmhzJLl9NwBfg\/whatsapp-image-2020-08-27-at-14.05.41.jpeg 984w, https:\/\/s2.glbimg.com\/eYRydV6StNQYYGyZa0HYVBcm3Wo=\/0x0:1024x682\/640x0\/smart\/filters:strip_icc()\/i.s3.glbimg.com\/v1\/AUTH_59edd422c0c84a879bd37670ae4f538a\/internal_photos\/bs\/2020\/2\/B\/JAZ8HmQdmhzJLl9NwBfg\/whatsapp-image-2020-08-27-at-14.05.41.jpeg 640w, https:\/\/s2.glbimg.com\/NFmy1ffCsIr5vDeXtVDAyk_MbSs=\/0x0:1024x682\/600x0\/smart\/filters:strip_icc()\/i.s3.glbimg.com\/v1\/AUTH_59edd422c0c84a879bd37670ae4f538a\/internal_photos\/bs\/2020\/2\/B\/JAZ8HmQdmhzJLl9NwBfg\/whatsapp-image-2020-08-27-at-14.05.41.jpeg 600w\" alt=\"Festejo a Omolu \u00e9 realizado tradicionalmente em agosto  \u2014 Foto: I.M Fotografia \" \/><\/figure>\n<p class=\"content-media__description \">Festejo a Omolu \u00e9 realizado tradicionalmente em agosto \u2014 Foto: I.M Fotografia<\/p>\n<\/div>\n<\/div>\n<div class=\"row medium-uncollapsed content-media content-photo\" data-block-type=\"backstage-photo\" data-block-id=\"29\">\n<div class=\"mc-column content-media__container\">\n<figure style=\"text-align: justify;\"><img decoding=\"async\" class=\"i-amphtml-fill-content i-amphtml-replaced-content\" src=\"https:\/\/s2.glbimg.com\/SF1w_xHlZysqdkqXfMryFTiWroQ=\/0x0:1280x852\/984x0\/smart\/filters:strip_icc()\/i.s3.glbimg.com\/v1\/AUTH_59edd422c0c84a879bd37670ae4f538a\/internal_photos\/bs\/2020\/N\/M\/9BNkeKQSCUs0L8chpf5w\/whatsapp-image-2020-08-27-at-14.00.48.jpeg\" sizes=\"(max-width: 1366px) 648px, 100vw\" srcset=\"https:\/\/s2.glbimg.com\/gcrc5CfAhXWAUtfNjDu5AkDPgX0=\/0x0:1280x852\/1000x0\/smart\/filters:strip_icc()\/i.s3.glbimg.com\/v1\/AUTH_59edd422c0c84a879bd37670ae4f538a\/internal_photos\/bs\/2020\/N\/M\/9BNkeKQSCUs0L8chpf5w\/whatsapp-image-2020-08-27-at-14.00.48.jpeg 1000w, https:\/\/s2.glbimg.com\/SF1w_xHlZysqdkqXfMryFTiWroQ=\/0x0:1280x852\/984x0\/smart\/filters:strip_icc()\/i.s3.glbimg.com\/v1\/AUTH_59edd422c0c84a879bd37670ae4f538a\/internal_photos\/bs\/2020\/N\/M\/9BNkeKQSCUs0L8chpf5w\/whatsapp-image-2020-08-27-at-14.00.48.jpeg 984w, https:\/\/s2.glbimg.com\/Y92IPhaYPA1TY6Nk1A8mgE-RitM=\/0x0:1280x852\/640x0\/smart\/filters:strip_icc()\/i.s3.glbimg.com\/v1\/AUTH_59edd422c0c84a879bd37670ae4f538a\/internal_photos\/bs\/2020\/N\/M\/9BNkeKQSCUs0L8chpf5w\/whatsapp-image-2020-08-27-at-14.00.48.jpeg 640w, https:\/\/s2.glbimg.com\/8BRG4bnQ32HC3rPerHkd775oBA0=\/0x0:1280x852\/600x0\/smart\/filters:strip_icc()\/i.s3.glbimg.com\/v1\/AUTH_59edd422c0c84a879bd37670ae4f538a\/internal_photos\/bs\/2020\/N\/M\/9BNkeKQSCUs0L8chpf5w\/whatsapp-image-2020-08-27-at-14.00.48.jpeg 600w\" alt=\"Festejo a Omolu \u00e9 realizado tradicionalmente em agosto  \u2014 Foto: I.M Fotografia \" \/><\/figure>\n<p class=\"content-media__description \" style=\"text-align: justify;\">Festejo a Omolu \u00e9 realizado tradicionalmente em agosto \u2014 Foto: I.M Fotografia<\/p>\n<p style=\"text-align: justify;\">Fonte: G1<\/p>\n<\/div>\n<\/div>\n<\/div>\n","protected":false},"excerpt":{"rendered":"<p>Para os seguidores da religi\u00e3o, a divindade, que atende pelo nome de Omolu, tem o poder de levar para longe do planeta qualquer enfermidade. Neste per\u00edodo de dor, quem poder\u00e1 salvar tanta gente? Al\u00e9m da medicina e da ci\u00eancia, a quem recorrer diante de tantas incertezas sobre a pr\u00f3pria sa\u00fade? Para os seguidores do candombl\u00e9,\u00a0o [&hellip;]<\/p>\n","protected":false},"author":1,"featured_media":33860,"comment_status":"closed","ping_status":"open","sticky":false,"template":"","format":"standard","meta":{"footnotes":""},"categories":[110,118],"tags":[],"class_list":["post-33859","post","type-post","status-publish","format-standard","has-post-thumbnail","hentry","category-noticiasdestaque","category-religiaoesolidariedade"],"_links":{"self":[{"href":"https:\/\/jorgezanoni.com.br\/2019\/wp-json\/wp\/v2\/posts\/33859","targetHints":{"allow":["GET"]}}],"collection":[{"href":"https:\/\/jorgezanoni.com.br\/2019\/wp-json\/wp\/v2\/posts"}],"about":[{"href":"https:\/\/jorgezanoni.com.br\/2019\/wp-json\/wp\/v2\/types\/post"}],"author":[{"embeddable":true,"href":"https:\/\/jorgezanoni.com.br\/2019\/wp-json\/wp\/v2\/users\/1"}],"replies":[{"embeddable":true,"href":"https:\/\/jorgezanoni.com.br\/2019\/wp-json\/wp\/v2\/comments?post=33859"}],"version-history":[{"count":0,"href":"https:\/\/jorgezanoni.com.br\/2019\/wp-json\/wp\/v2\/posts\/33859\/revisions"}],"wp:featuredmedia":[{"embeddable":true,"href":"https:\/\/jorgezanoni.com.br\/2019\/wp-json\/wp\/v2\/media\/33860"}],"wp:attachment":[{"href":"https:\/\/jorgezanoni.com.br\/2019\/wp-json\/wp\/v2\/media?parent=33859"}],"wp:term":[{"taxonomy":"category","embeddable":true,"href":"https:\/\/jorgezanoni.com.br\/2019\/wp-json\/wp\/v2\/categories?post=33859"},{"taxonomy":"post_tag","embeddable":true,"href":"https:\/\/jorgezanoni.com.br\/2019\/wp-json\/wp\/v2\/tags?post=33859"}],"curies":[{"name":"wp","href":"https:\/\/api.w.org\/{rel}","templated":true}]}}