{"id":33844,"date":"2020-08-30T13:06:49","date_gmt":"2020-08-30T13:06:49","guid":{"rendered":"https:\/\/jorgezanoni.com.br\/2019\/?p=33844"},"modified":"2020-08-30T13:06:49","modified_gmt":"2020-08-30T13:06:49","slug":"dois-obitos-foram-registrados-na-santa-casa-de-dracena-um-caso-suspeito-e-outro-confirmado-de-covid-19","status":"publish","type":"post","link":"https:\/\/jorgezanoni.com.br\/2019\/dois-obitos-foram-registrados-na-santa-casa-de-dracena-um-caso-suspeito-e-outro-confirmado-de-covid-19\/","title":{"rendered":"Dois \u00f3bitos foram registrados na Santa Casa de Dracena, um caso suspeito e outro confirmado de COVID-19"},"content":{"rendered":"<p style=\"text-align: justify;\">Uma paciente de 55 anos, moradora da cidade de Junqueir\u00f3polis que havia sido internada no dia 27, veio a \u00f3bito ontem (29) \u00e0s 21:20 Horas. A causa da morte \u00e9 Suspeito para COVID-19.<\/p>\n<p style=\"text-align: justify;\">Um rapaz de 31 anos, morador de Dracena que havia sido internado dia 19, veio a \u00f3bito a 01:00 Hora dessa madrugada (30). Infelizmente testou Positivo para a COVID-19.<\/p>\n<p style=\"text-align: justify;\">Aos amigos e familiares nossos sentimentos.<\/p>\n<p style=\"text-align: justify;\">Fonte: SCD.<\/p>\n<p>&nbsp;<\/p>\n<p>&nbsp;<\/p>\n","protected":false},"excerpt":{"rendered":"<p>Uma paciente de 55 anos, moradora da cidade de Junqueir\u00f3polis que havia sido internada no dia 27, veio a \u00f3bito ontem (29) \u00e0s 21:20 Horas. A causa da morte \u00e9 Suspeito para COVID-19. Um rapaz de 31 anos, morador de Dracena que havia sido internado dia 19, veio a \u00f3bito a 01:00 Hora dessa madrugada [&hellip;]<\/p>\n","protected":false},"author":1,"featured_media":33845,"comment_status":"closed","ping_status":"open","sticky":false,"template":"","format":"standard","meta":{"footnotes":""},"categories":[179,184,178,110],"tags":[],"class_list":["post-33844","post","type-post","status-publish","format-standard","has-post-thumbnail","hentry","category-cidadeseregiao","category-dracena","category-notadefalecimento","category-noticiasdestaque"],"_links":{"self":[{"href":"https:\/\/jorgezanoni.com.br\/2019\/wp-json\/wp\/v2\/posts\/33844","targetHints":{"allow":["GET"]}}],"collection":[{"href":"https:\/\/jorgezanoni.com.br\/2019\/wp-json\/wp\/v2\/posts"}],"about":[{"href":"https:\/\/jorgezanoni.com.br\/2019\/wp-json\/wp\/v2\/types\/post"}],"author":[{"embeddable":true,"href":"https:\/\/jorgezanoni.com.br\/2019\/wp-json\/wp\/v2\/users\/1"}],"replies":[{"embeddable":true,"href":"https:\/\/jorgezanoni.com.br\/2019\/wp-json\/wp\/v2\/comments?post=33844"}],"version-history":[{"count":0,"href":"https:\/\/jorgezanoni.com.br\/2019\/wp-json\/wp\/v2\/posts\/33844\/revisions"}],"wp:featuredmedia":[{"embeddable":true,"href":"https:\/\/jorgezanoni.com.br\/2019\/wp-json\/wp\/v2\/media\/33845"}],"wp:attachment":[{"href":"https:\/\/jorgezanoni.com.br\/2019\/wp-json\/wp\/v2\/media?parent=33844"}],"wp:term":[{"taxonomy":"category","embeddable":true,"href":"https:\/\/jorgezanoni.com.br\/2019\/wp-json\/wp\/v2\/categories?post=33844"},{"taxonomy":"post_tag","embeddable":true,"href":"https:\/\/jorgezanoni.com.br\/2019\/wp-json\/wp\/v2\/tags?post=33844"}],"curies":[{"name":"wp","href":"https:\/\/api.w.org\/{rel}","templated":true}]}}