{"id":33819,"date":"2020-08-29T20:36:47","date_gmt":"2020-08-29T20:36:47","guid":{"rendered":"https:\/\/jorgezanoni.com.br\/2019\/?p=33819"},"modified":"2020-08-29T20:36:47","modified_gmt":"2020-08-29T20:36:47","slug":"homem-sofre-ferimentos-em-acidente-registrado-na-sp-294-em-osvaldo-cruz","status":"publish","type":"post","link":"https:\/\/jorgezanoni.com.br\/2019\/homem-sofre-ferimentos-em-acidente-registrado-na-sp-294-em-osvaldo-cruz\/","title":{"rendered":"Homem sofre ferimentos em acidente registrado na SP-294, em Osvaldo Cruz"},"content":{"rendered":"<p style=\"text-align: justify;\"><strong>Ocorr\u00eancia foi registrada neste s\u00e1bado (29), altura do Jangad\u00e3o<\/strong>.<\/p>\n<p style=\"text-align: justify;\">Um homem, de 69 anos, ficou levemente ferido em um acidente registrado na tarde deste s\u00e1bado (29), na Rodovia Comandante Jo\u00e3o Ribeiro de Barros, a SP-294, em Osvaldo Cruz.<\/p>\n<p style=\"text-align: justify;\">Segundo informa\u00e7\u00f5es colhidas no local pela reportagem do Portal Metr\u00f3pole de Not\u00edcias, a v\u00edtima conduzia um ve\u00edculo VW Saveiro, placas de Osvaldo Cruz, sentido Osvaldo Cruz a Parapu\u00e3, quando no km 567 ao tentar entrar em uma estrada rural \u00e0s margens da Rodovia, um caminh\u00e3o carregado com combust\u00edvel, que realizava manobra de ultrapassagem de um outro caminh\u00e3o, colidiu transversalmente contra a Saveiro.<\/p>\n<p style=\"text-align: justify;\">Com o impacto, a v\u00edtima perdeu o controle da dire\u00e7\u00e3o e parou em um barranco \u00e0s margens da rodovia.<\/p>\n<p style=\"text-align: justify;\">A vitima foi socorrida pela Unidade Resgate do Corpo de Bombeiros de Osvaldo Cruz, para a Santa Casa do munic\u00edpio, com ferimentos leves nos bra\u00e7os e escoria\u00e7\u00f5es pelo corpo.<\/p>\n<p style=\"text-align: justify;\">Atenderam a ocorr\u00eancia, uma equipe da Pol\u00edcia Militar Rodovi\u00e1ria base Operacional de Adamantina, com apoio do Policiamento de \u00c1rea de Osvaldo Cruz e Eixo-SP.<\/p>\n<p style=\"text-align: justify;\">Fonte: fmmetropole.com.br<\/p>\n","protected":false},"excerpt":{"rendered":"<p>Ocorr\u00eancia foi registrada neste s\u00e1bado (29), altura do Jangad\u00e3o. Um homem, de 69 anos, ficou levemente ferido em um acidente registrado na tarde deste s\u00e1bado (29), na Rodovia Comandante Jo\u00e3o Ribeiro de Barros, a SP-294, em Osvaldo Cruz. Segundo informa\u00e7\u00f5es colhidas no local pela reportagem do Portal Metr\u00f3pole de Not\u00edcias, a v\u00edtima conduzia um ve\u00edculo [&hellip;]<\/p>\n","protected":false},"author":1,"featured_media":33820,"comment_status":"closed","ping_status":"open","sticky":false,"template":"","format":"standard","meta":{"footnotes":""},"categories":[170,110],"tags":[],"class_list":["post-33819","post","type-post","status-publish","format-standard","has-post-thumbnail","hentry","category-acidentes","category-noticiasdestaque"],"_links":{"self":[{"href":"https:\/\/jorgezanoni.com.br\/2019\/wp-json\/wp\/v2\/posts\/33819","targetHints":{"allow":["GET"]}}],"collection":[{"href":"https:\/\/jorgezanoni.com.br\/2019\/wp-json\/wp\/v2\/posts"}],"about":[{"href":"https:\/\/jorgezanoni.com.br\/2019\/wp-json\/wp\/v2\/types\/post"}],"author":[{"embeddable":true,"href":"https:\/\/jorgezanoni.com.br\/2019\/wp-json\/wp\/v2\/users\/1"}],"replies":[{"embeddable":true,"href":"https:\/\/jorgezanoni.com.br\/2019\/wp-json\/wp\/v2\/comments?post=33819"}],"version-history":[{"count":0,"href":"https:\/\/jorgezanoni.com.br\/2019\/wp-json\/wp\/v2\/posts\/33819\/revisions"}],"wp:featuredmedia":[{"embeddable":true,"href":"https:\/\/jorgezanoni.com.br\/2019\/wp-json\/wp\/v2\/media\/33820"}],"wp:attachment":[{"href":"https:\/\/jorgezanoni.com.br\/2019\/wp-json\/wp\/v2\/media?parent=33819"}],"wp:term":[{"taxonomy":"category","embeddable":true,"href":"https:\/\/jorgezanoni.com.br\/2019\/wp-json\/wp\/v2\/categories?post=33819"},{"taxonomy":"post_tag","embeddable":true,"href":"https:\/\/jorgezanoni.com.br\/2019\/wp-json\/wp\/v2\/tags?post=33819"}],"curies":[{"name":"wp","href":"https:\/\/api.w.org\/{rel}","templated":true}]}}