{"id":33796,"date":"2020-08-29T19:15:42","date_gmt":"2020-08-29T19:15:42","guid":{"rendered":"https:\/\/jorgezanoni.com.br\/2019\/?p=33796"},"modified":"2020-08-29T19:21:25","modified_gmt":"2020-08-29T19:21:25","slug":"parque-dos-pioneiros-em-adamantina-reune-grande-publico-na-noite-desta-sexta-feira-mesmo-em-quarentena","status":"publish","type":"post","link":"https:\/\/jorgezanoni.com.br\/2019\/parque-dos-pioneiros-em-adamantina-reune-grande-publico-na-noite-desta-sexta-feira-mesmo-em-quarentena\/","title":{"rendered":"Parque dos Pioneiros em Adamantina re\u00fane grande p\u00fablico na noite desta sexta-feira, mesmo em quarentena"},"content":{"rendered":"<p style=\"text-align: justify;\"><strong>Um grande p\u00fablico voltou a se reunir no Parque dos Pioneiros, na noite desta sexta-feira (28). A aglomera\u00e7\u00e3o estava concentrada na Rua Sebasti\u00e3o Rombaldi, formada sobretudo por jovens.<\/strong><\/p>\n<p>Veja v\u00eddeo de Internauta.<\/p>\n<div style=\"width: 480px;\" class=\"wp-video\"><video class=\"wp-video-shortcode\" id=\"video-33796-1\" width=\"480\" height=\"848\" preload=\"metadata\" controls=\"controls\"><source type=\"video\/mp4\" src=\"https:\/\/jorgezanoni.com.br\/2019\/wp-content\/uploads\/2020\/08\/WhatsApp-Video-2020-08-29-at-16.08.15.mp4?_=1\" \/><a href=\"https:\/\/jorgezanoni.com.br\/2019\/wp-content\/uploads\/2020\/08\/WhatsApp-Video-2020-08-29-at-16.08.15.mp4\">https:\/\/jorgezanoni.com.br\/2019\/wp-content\/uploads\/2020\/08\/WhatsApp-Video-2020-08-29-at-16.08.15.mp4<\/a><\/video><\/div>\n<p style=\"text-align: justify;\">Eles reproduziram cenas que sempre foram bastante comuns na regi\u00e3o, de reuni\u00e3o, m\u00fasica alta, pedestres pelas ruas e bebidas.<\/p>\n<p style=\"text-align: justify;\">Na noite desta sexta-feira a grande maioria n\u00e3o usava m\u00e1scaras e n\u00e3o respeitava as recomenda\u00e7\u00f5es de distanciamento, que s\u00e3o as principais medidas utilizadas para conter a transmiss\u00e3o do novo coronav\u00edrus.<\/p>\n<p style=\"text-align: justify;\">A situa\u00e7\u00e3o repercutiu na cidade, sobretudo entre grupos e aplicativos de mensagens, o que gerou revolta e questionamentos entre aqueles que seguem as recomenda\u00e7\u00f5es, mant\u00e9m isolamento, e veem um cen\u00e1rio de alta exposi\u00e7\u00e3o \u00e0 transmiss\u00e3o da Covid-19.<\/p>\n<p style=\"text-align: justify;\">Segundo os relatos, a aglomera\u00e7\u00e3o pode alcan\u00e7ar mais v\u00edtimas, com riscos de vida, e ainda repercutir nos indicadores usados para determinar as fases do Plano S\u00e3o Paulo, que repercutem diretamente na atividade econ\u00f4mica da cidade.<\/p>\n<p style=\"text-align: justify;\"><b><strong>Pol\u00edcia Militar re\u00fane equipe da regi\u00e3o para dispersar p\u00fablico<\/strong><\/b><\/p>\n<p style=\"text-align: justify;\">Na manh\u00e3 deste s\u00e1bado (29), em contato com o comandante da 2\u00aa companhia da Pol\u00edcia Militar de Adamantina, capit\u00e3o Eder Bressan, o mesmo destacou que n\u00e3o houve chamados ao 190, sobre a aglomera\u00e7\u00e3o, por\u00e9m o policiamento de servi\u00e7o identificou a aglomera\u00e7\u00e3o e tentou atuar e orientar, de imediato, para dispersar o p\u00fablico, o que n\u00e3o foi atendido.<\/p>\n<p style=\"text-align: justify;\">Diante da situa\u00e7\u00e3o e do grande n\u00famero de pessoas no local, foram acionadas equipes de apoio da regi\u00e3o, bem como a For\u00e7a T\u00e1tica, que se organizaram para uma a\u00e7\u00e3o mais estruturada.<\/p>\n<p style=\"text-align: justify;\">Assim, foi formado um cord\u00e3o, com as equipes, possibilitando a dispers\u00e3o do p\u00fablico.<\/p>\n<p style=\"text-align: justify;\">O comandante da PM relatou tamb\u00e9m que j\u00e1 comunicou o ocorrido aos \u00f3rg\u00e3os municipais, para que tomem medidas complementares a respeito.<\/p>\n<p style=\"text-align: justify;\">Fonte: adamantinanet.com.br<\/p>\n","protected":false},"excerpt":{"rendered":"<p>Um grande p\u00fablico voltou a se reunir no Parque dos Pioneiros, na noite desta sexta-feira (28). A aglomera\u00e7\u00e3o estava concentrada na Rua Sebasti\u00e3o Rombaldi, formada sobretudo por jovens. Veja v\u00eddeo de Internauta. Eles reproduziram cenas que sempre foram bastante comuns na regi\u00e3o, de reuni\u00e3o, m\u00fasica alta, pedestres pelas ruas e bebidas. Na noite desta sexta-feira [&hellip;]<\/p>\n","protected":false},"author":1,"featured_media":33797,"comment_status":"closed","ping_status":"open","sticky":false,"template":"","format":"video","meta":{"footnotes":""},"categories":[195,179,110,169],"tags":[],"class_list":["post-33796","post","type-post","status-publish","format-video","has-post-thumbnail","hentry","category-adamantina","category-cidadeseregiao","category-noticiasdestaque","category-videos","post_format-post-format-video"],"_links":{"self":[{"href":"https:\/\/jorgezanoni.com.br\/2019\/wp-json\/wp\/v2\/posts\/33796","targetHints":{"allow":["GET"]}}],"collection":[{"href":"https:\/\/jorgezanoni.com.br\/2019\/wp-json\/wp\/v2\/posts"}],"about":[{"href":"https:\/\/jorgezanoni.com.br\/2019\/wp-json\/wp\/v2\/types\/post"}],"author":[{"embeddable":true,"href":"https:\/\/jorgezanoni.com.br\/2019\/wp-json\/wp\/v2\/users\/1"}],"replies":[{"embeddable":true,"href":"https:\/\/jorgezanoni.com.br\/2019\/wp-json\/wp\/v2\/comments?post=33796"}],"version-history":[{"count":0,"href":"https:\/\/jorgezanoni.com.br\/2019\/wp-json\/wp\/v2\/posts\/33796\/revisions"}],"wp:featuredmedia":[{"embeddable":true,"href":"https:\/\/jorgezanoni.com.br\/2019\/wp-json\/wp\/v2\/media\/33797"}],"wp:attachment":[{"href":"https:\/\/jorgezanoni.com.br\/2019\/wp-json\/wp\/v2\/media?parent=33796"}],"wp:term":[{"taxonomy":"category","embeddable":true,"href":"https:\/\/jorgezanoni.com.br\/2019\/wp-json\/wp\/v2\/categories?post=33796"},{"taxonomy":"post_tag","embeddable":true,"href":"https:\/\/jorgezanoni.com.br\/2019\/wp-json\/wp\/v2\/tags?post=33796"}],"curies":[{"name":"wp","href":"https:\/\/api.w.org\/{rel}","templated":true}]}}