{"id":33729,"date":"2020-08-28T22:09:17","date_gmt":"2020-08-28T22:09:17","guid":{"rendered":"https:\/\/jorgezanoni.com.br\/2019\/?p=33729"},"modified":"2020-08-28T22:09:17","modified_gmt":"2020-08-28T22:09:17","slug":"ser-psicologo-27-de-agosto-dia-do-psicologo","status":"publish","type":"post","link":"https:\/\/jorgezanoni.com.br\/2019\/ser-psicologo-27-de-agosto-dia-do-psicologo\/","title":{"rendered":"Ser Psic\u00f3logo &#8211; 27 de agosto &#8211; Dia do Psic\u00f3logo"},"content":{"rendered":"<p dir=\"ltr\"><strong>Ser Psic\u00f3logo&#8230;<\/strong><\/p>\n<p dir=\"ltr\" style=\"text-align: justify;\">Por Andr\u00e9a Frizo de Carvalho Barbosa<\/p>\n<p dir=\"ltr\" style=\"text-align: justify;\">No dia 27 de agosto, o Brasil celebra o Dia do(a) Psic\u00f3logo(a). A data relembra a regulamenta\u00e7\u00e3o da profiss\u00e3o h\u00e1 58 anos por meio da Lei n\u00ba 4.119\/1962. Em todos os Estados, entidades da Psicologia est\u00e3o promovendo atividades em homenagem a essa categoria profissional que tem como marca o compromisso com a transforma\u00e7\u00e3o da realidade social, articulada \u00e0 promo\u00e7\u00e3o dos direitos humanos (Conselho Federal de Psicologia).<\/p>\n<p dir=\"ltr\" style=\"text-align: justify;\">N\u00f3s, do curso de Psicologia da Unifadra\/Fundec de Dracena, queremos, no dia de hoje, embarcar nesse compromisso da nossa categoria e, para isso, promoveremos nesta noite uma webpalestra com o tema O Psic\u00f3logo e o Compromisso Social (<a href=\"http:\/\/meet.google.com\/koq-yxpb-fij\" target=\"_blank\" rel=\"noopener noreferrer\">meet.google.com\/koq-yxpb-fij<\/a>).<\/p>\n<p dir=\"ltr\" style=\"text-align: justify;\">Ser psic\u00f3logo \u00e9 estar sempre ocupado com as necessidades do outro humano, tanto no individual como no coletivo. Assim, nos engajamos em diferentes contextos, na fam\u00edlia, na escola, no trabalho, nas comunidades, nos hospitais e em tantos outros lugares, com a inten\u00e7\u00e3o de acompanhar essa(s) pessoa(s) em suas andan\u00e7as pelo mundo, em suas descobertas, em seus momentos de temor e tamb\u00e9m de descanso.<\/p>\n<p dir=\"ltr\" style=\"text-align: justify;\">Quero parabenizar todos os docentes psic\u00f3logos desta institui\u00e7\u00e3o, assim como, nossos egressos e alunos que escolheram a PSICOLOGIA como profiss\u00e3o.<\/p>\n<p dir=\"ltr\" style=\"text-align: justify;\">Acredito que ser psic\u00f3logo \u00e9 um ato de amor, amor ao pr\u00f3ximo, amor \u00e0quele que est\u00e1 em sofrimento, desejoso de um lugar onde possa encontrar o apoio e a compreens\u00e3o necess\u00e1ria para ressignificar sua vida e recome\u00e7ar sua caminhada. Amor por uma sociedade em que todos sejam tratados com igualdade, dignidade e respeito.<\/p>\n<div style=\"text-align: justify;\"><\/div>\n<p style=\"text-align: justify;\">Foto: Profa. Ma. Andr\u00e9a Frizo de Carvalho Barbosa, psic\u00f3loga, docente e coordenadora do curso de Psicologia da Unifadra\/Fundec de Dracena.<\/p>\n<div class=\"gmail_signature\" dir=\"ltr\">\n<div dir=\"ltr\" style=\"text-align: justify;\"><b>Carolina Colnago<br \/>\nAssistente de Comunica\u00e7\u00e3o\u00a0<\/b><br \/>\n<b>Funda\u00e7\u00e3o Dracenense de Educa\u00e7\u00e3o e Cultura<\/b><\/div>\n<\/div>\n","protected":false},"excerpt":{"rendered":"<p>Ser Psic\u00f3logo&#8230; Por Andr\u00e9a Frizo de Carvalho Barbosa No dia 27 de agosto, o Brasil celebra o Dia do(a) Psic\u00f3logo(a). A data relembra a regulamenta\u00e7\u00e3o da profiss\u00e3o h\u00e1 58 anos por meio da Lei n\u00ba 4.119\/1962. Em todos os Estados, entidades da Psicologia est\u00e3o promovendo atividades em homenagem a essa categoria profissional que tem como [&hellip;]<\/p>\n","protected":false},"author":1,"featured_media":33730,"comment_status":"closed","ping_status":"open","sticky":false,"template":"","format":"standard","meta":{"footnotes":""},"categories":[122],"tags":[],"class_list":["post-33729","post","type-post","status-publish","format-standard","has-post-thumbnail","hentry","category-saudeeducacaoeconcurso"],"_links":{"self":[{"href":"https:\/\/jorgezanoni.com.br\/2019\/wp-json\/wp\/v2\/posts\/33729","targetHints":{"allow":["GET"]}}],"collection":[{"href":"https:\/\/jorgezanoni.com.br\/2019\/wp-json\/wp\/v2\/posts"}],"about":[{"href":"https:\/\/jorgezanoni.com.br\/2019\/wp-json\/wp\/v2\/types\/post"}],"author":[{"embeddable":true,"href":"https:\/\/jorgezanoni.com.br\/2019\/wp-json\/wp\/v2\/users\/1"}],"replies":[{"embeddable":true,"href":"https:\/\/jorgezanoni.com.br\/2019\/wp-json\/wp\/v2\/comments?post=33729"}],"version-history":[{"count":0,"href":"https:\/\/jorgezanoni.com.br\/2019\/wp-json\/wp\/v2\/posts\/33729\/revisions"}],"wp:featuredmedia":[{"embeddable":true,"href":"https:\/\/jorgezanoni.com.br\/2019\/wp-json\/wp\/v2\/media\/33730"}],"wp:attachment":[{"href":"https:\/\/jorgezanoni.com.br\/2019\/wp-json\/wp\/v2\/media?parent=33729"}],"wp:term":[{"taxonomy":"category","embeddable":true,"href":"https:\/\/jorgezanoni.com.br\/2019\/wp-json\/wp\/v2\/categories?post=33729"},{"taxonomy":"post_tag","embeddable":true,"href":"https:\/\/jorgezanoni.com.br\/2019\/wp-json\/wp\/v2\/tags?post=33729"}],"curies":[{"name":"wp","href":"https:\/\/api.w.org\/{rel}","templated":true}]}}