{"id":33726,"date":"2020-08-28T21:59:51","date_gmt":"2020-08-28T21:59:51","guid":{"rendered":"https:\/\/jorgezanoni.com.br\/2019\/?p=33726"},"modified":"2020-08-28T21:59:51","modified_gmt":"2020-08-28T21:59:51","slug":"de-volta-as-aulas","status":"publish","type":"post","link":"https:\/\/jorgezanoni.com.br\/2019\/de-volta-as-aulas\/","title":{"rendered":"De volta \u00e0s aulas&#8230;"},"content":{"rendered":"<p style=\"text-align: justify;\"><strong>DE VOLTA \u00c0S AULAS&#8230;\u00a0 \u00a0 \u00a0 \u00a0 \u00a0 \u00a0 \u00a0 \u00a0 \u00a0 \u00a0 \u00a0 \u00a0 \u00a0 \u00a0 \u00a0 \u00a0 \u00a0 \u00a0 \u00a0 \u00a0 \u00a0 \u00a0 \u00a0 \u00a0 \u00a0 \u00a0 \u00a0 \u00a0 \u00a0 \u00a0 \u00a0 \u00a0 \u00a0 \u00a0 \u00a0 \u00a0 \u00a0 \u00a0 \u00a0 \u00a0 \u00a0 \u00a0 \u00a0 \u00a0<\/strong><\/p>\n<p style=\"text-align: justify;\"><strong>\u00a0<\/strong><\/p>\n<p style=\"text-align: justify;\"><strong>*CLAUDIVAL CLEMENTE.<\/strong><\/p>\n<p style=\"text-align: justify;\"><strong>**CLAUDIVAL MOURA CLEMENTE<\/strong><\/p>\n<p style=\"text-align: justify;\">Estamos na \u00faltima semana de agosto, m\u00eas que tradicionalmente marca o retorno \u00e0s aulas no segundo semestre. Mas a pandemia do SARS-Cov2, v\u00edrus que provoca a Covid19, doen\u00e7a respirat\u00f3ria grave, com alto de \u00edndice de transmiss\u00e3o e tamb\u00e9m letalidade, alterou completamente o calend\u00e1rio escolar, cujas aulas presenciais foram suspensas desde mar\u00e7o passado. Um desafio para todos os alunos, diretores, supervisores, coordenadores e \u00a0professores conviver com esta nova modalidade de aprendizado, atrav\u00e9s das aulas transmitidas pela internet.<\/p>\n<p style=\"text-align: justify;\">O Governador do Estado de S\u00e3o Paulo Jo\u00e3o D\u00f3ria autorizou a retomada das aulas presenciais no estado de S\u00e3o Paulo em 08 de outubro deste ano; todas as escolas p\u00fablicas e privadas, incluindo ensino superior poder\u00e3o voltar \u00e0s aulas presenciais.<\/p>\n<p style=\"text-align: justify;\">O retorno que estava previsto para 08 de setembro foi adiado por recomenda\u00e7\u00e3o do Centro de Conting\u00eancia do Corona V\u00edrus, para garantir uma margem de seguran\u00e7a maior para as crian\u00e7as, adolescentes, professores, gestores e profissionais da rede p\u00fablica e privada de ensino e seus familiares. O Centro de Conting\u00eancia do coronav\u00edrus \u00e9 uma comiss\u00e3o criada para\u00a0 \u00a0monitorar e coordenar a\u00e7\u00f5es contra a propaga\u00e7\u00e3o do novo coronav\u00edrus em S\u00e3o Paulo. \u00c9 composto pelo Secret\u00e1rio da Sa\u00fade e especialistas nas \u00e1reas de infectologia, incluindo o Diretor do Instituto Butant\u00e3 e professores das universidades estaduais. Este centro assessoria o Governador na tomada de decis\u00f5es a respeito do combate ao Covid19.<\/p>\n<p style=\"text-align: justify;\">O modelo de retorno \u00e0 as aulas \u00e9 de rodizio, na primeira fase retomam as atividades 35% dos alunos, na segunda fase 70% dos alunos e somente na terceira fase 100% dos alunos. Embora n\u00e3o definido concretamente, os alunos ir\u00e3o frequentar as aulas presenciais alternadamente, para justamente cumprir a necessidade de distanciamento m\u00ednimo de 1,5 metro entre os alunos e professores. Como se sabe, o SARS-Cov2 \u00e9 transmitido pela saliva e al\u00e9m do uso de m\u00e1scaras e higieniza\u00e7\u00e3o das m\u00e3os com \u00e1lcool gel, o distanciamento \u00e9 uma regra que n\u00e3o pode ser quebrada em nenhuma hip\u00f3tese. Al\u00e9m disso, os hor\u00e1rios de entrada e sa\u00edda dos estudantes ser\u00e3o organizados fora do hor\u00e1rio de pico. Os intervalos tamb\u00e9m ser\u00e3o organizados em sistema de revezamento para evitar aglomera\u00e7\u00f5es nos p\u00e1tios e sanit\u00e1rios. Ali\u00e1s, os sanit\u00e1rios e superf\u00edcies devem ser higienizados antes da abertura e no encerramento e a cada tr\u00eas horas. Os bebedouros est\u00e3o proibidos e o fornecimento de \u00e1gua dever\u00e1 ser individual, com cada aluno bebendo em sua pr\u00f3pria caneca ou copo. Os lixos dever\u00e3o ser removidos a cada 3 horas e os ambientes devem ser mantidos ventilados com janelas e portas abertas, evitando toque em ma\u00e7anetas e fechaduras.<\/p>\n<p style=\"text-align: justify;\">Todos estes cuidados s\u00e3o imprescind\u00edveis, pois a preocupa\u00e7\u00e3o maior com o retorno \u00e0s aulas presenciais \u00e9 justamente a chamada \u201ccontamina\u00e7\u00e3o cruzada\u201d, pois normalmente os professores trabalham em mais de uma escola podendo trazer o v\u00edrus para contaminar os outros professores, funcion\u00e1rios e incluindo os alunos; as poss\u00edveis contamina\u00e7\u00f5es nas escolas iriam para fora dos muros, podendo aumentar o n\u00famero de infectados. Os v\u00edrus quando n\u00e3o descobertos em tempo \u201cviajam\u201d com o portador, provocando a contamina\u00e7\u00e3o de parentes e familiares, incluindo as pessoas que se encontram no grupo de risco.<\/p>\n<p style=\"text-align: justify;\">Al\u00e9m de todas estas precau\u00e7\u00f5es, tamb\u00e9m se recomenda que os pais verifiquem a temperatura dos filhos e caso esteja acima de 37 graus devem permanecer em casa e procurar ajuda m\u00e9dica. As escolas tamb\u00e9m dever\u00e3o verificar a temperatura dos alunos na entrada das aulas e caso algum aluno esteja acima do limite permitido ser\u00e1 isolado em uma sala especialmente reservada para esta finalidade. Profissionais e alunos que estejam dentro do grupo de risco, tais como idosos, diab\u00e9ticos, hipertensos, obesos e portadores de doen\u00e7as cr\u00f4nicas, n\u00e3o devem ir \u00e0s escolas e permanecer em atividades remotas.<\/p>\n<p style=\"text-align: justify;\">Enquanto isso, vamos manter todos os protocolos de preven\u00e7\u00e3o e precau\u00e7\u00e3o no combate ao SARS-Cov 2, com os cuidados de distanciamento social e higiene pessoal . Importante lavar as m\u00e3os com frequ\u00eancia, com \u00e1gua e sab\u00e3o durante 20 segundos ou higienizar com \u00e1lcool gel 70%, evitar tocar a boca, o nariz e os olhos com as m\u00e3os e cobrir a boca quando tossir ou espirrar. Saindo de casa, use sempre as m\u00e1scaras, com a devida cautela, evitando aglomera\u00e7\u00f5es. Nunca toque na m\u00e1scara e n\u00e3o \u00e9 necess\u00e1rio baixar ou tirar a m\u00e1scara para falar ao celular ou ouvir ou gravar alguma mensagem no watts. A m\u00e1scara \u00e9 a melhor prote\u00e7\u00e3o no momento.<\/p>\n<p style=\"text-align: justify;\">Juntos somos mais fortes, juntos venceremos. \u00a0O Brasil ir\u00e1 vencer o v\u00edrus. O Brasil precisa de todos n\u00f3s.<\/p>\n<p style=\"text-align: justify;\">Participe enviando d\u00favidas, coment\u00e1rios ou sugest\u00f5es para\u00a0 \u00a0<a href=\"mailto:bcrcconsultoria@gmail.com\">bcrcnews.wixsite.<\/a>com e tamb\u00e9m \u00a0no face book, onde pode reler este e outros artigos. \u00a0At\u00e9 a pr\u00f3xima.<\/p>\n<p style=\"text-align: justify;\">*Formado em Direito pela UENP &#8211; Universidade Estadual de Direito do Norte Pioneiro em Jacarezinho e em Administra\u00e7\u00e3o de Empresas nas Faculdades Integradas de Ourinhos. MBA em Comunica\u00e7\u00e3o Corporativa pela Universidade Est\u00e1cio de S\u00e1(em curso) . S\u00f3cio s\u00eanior da BCRC Consultoria em Comunica\u00e7\u00e3o.<\/p>\n<p style=\"text-align: justify;\">** Revis\u00e3o e colabora\u00e7\u00e3o\u00a0 &#8211; \u00a0Administrador de Empresas pela Universidade Cidade de S\u00e3o Paulo &#8211; UNICID.<\/p>\n","protected":false},"excerpt":{"rendered":"<p>DE VOLTA \u00c0S AULAS&#8230;\u00a0 \u00a0 \u00a0 \u00a0 \u00a0 \u00a0 \u00a0 \u00a0 \u00a0 \u00a0 \u00a0 \u00a0 \u00a0 \u00a0 \u00a0 \u00a0 \u00a0 \u00a0 \u00a0 \u00a0 \u00a0 \u00a0 \u00a0 \u00a0 \u00a0 \u00a0 \u00a0 \u00a0 \u00a0 \u00a0 \u00a0 \u00a0 \u00a0 \u00a0 \u00a0 \u00a0 \u00a0 \u00a0 \u00a0 \u00a0 \u00a0 \u00a0 \u00a0 \u00a0 \u00a0 *CLAUDIVAL CLEMENTE. **CLAUDIVAL MOURA CLEMENTE Estamos na [&hellip;]<\/p>\n","protected":false},"author":1,"featured_media":33727,"comment_status":"closed","ping_status":"open","sticky":false,"template":"","format":"standard","meta":{"footnotes":""},"categories":[175],"tags":[],"class_list":["post-33726","post","type-post","status-publish","format-standard","has-post-thumbnail","hentry","category-artigos"],"_links":{"self":[{"href":"https:\/\/jorgezanoni.com.br\/2019\/wp-json\/wp\/v2\/posts\/33726","targetHints":{"allow":["GET"]}}],"collection":[{"href":"https:\/\/jorgezanoni.com.br\/2019\/wp-json\/wp\/v2\/posts"}],"about":[{"href":"https:\/\/jorgezanoni.com.br\/2019\/wp-json\/wp\/v2\/types\/post"}],"author":[{"embeddable":true,"href":"https:\/\/jorgezanoni.com.br\/2019\/wp-json\/wp\/v2\/users\/1"}],"replies":[{"embeddable":true,"href":"https:\/\/jorgezanoni.com.br\/2019\/wp-json\/wp\/v2\/comments?post=33726"}],"version-history":[{"count":0,"href":"https:\/\/jorgezanoni.com.br\/2019\/wp-json\/wp\/v2\/posts\/33726\/revisions"}],"wp:featuredmedia":[{"embeddable":true,"href":"https:\/\/jorgezanoni.com.br\/2019\/wp-json\/wp\/v2\/media\/33727"}],"wp:attachment":[{"href":"https:\/\/jorgezanoni.com.br\/2019\/wp-json\/wp\/v2\/media?parent=33726"}],"wp:term":[{"taxonomy":"category","embeddable":true,"href":"https:\/\/jorgezanoni.com.br\/2019\/wp-json\/wp\/v2\/categories?post=33726"},{"taxonomy":"post_tag","embeddable":true,"href":"https:\/\/jorgezanoni.com.br\/2019\/wp-json\/wp\/v2\/tags?post=33726"}],"curies":[{"name":"wp","href":"https:\/\/api.w.org\/{rel}","templated":true}]}}