{"id":33631,"date":"2020-08-27T23:24:31","date_gmt":"2020-08-27T23:24:31","guid":{"rendered":"https:\/\/jorgezanoni.com.br\/2019\/?p=33631"},"modified":"2020-08-27T23:24:31","modified_gmt":"2020-08-27T23:24:31","slug":"homem-morre-apos-troca-de-tiros-com-a-policia-militar-em-pauliceia","status":"publish","type":"post","link":"https:\/\/jorgezanoni.com.br\/2019\/homem-morre-apos-troca-de-tiros-com-a-policia-militar-em-pauliceia\/","title":{"rendered":"Homem morre ap\u00f3s troca de tiros com a Pol\u00edcia Militar em Paulic\u00e9ia"},"content":{"rendered":"<h2 class=\"content-head__subtitle\" style=\"text-align: justify;\"><strong>PM chegou ao indiv\u00edduo durante dilig\u00eancias relacionadas a uma tentativa de homic\u00eddio contra um policial da cidade.<\/strong><\/h2>\n<div class=\"mc-column content-text active-extra-styles \" data-block-type=\"unstyled\" data-block-weight=\"37\" data-block-id=\"2\">\n<p class=\"content-text__container \" style=\"text-align: justify;\" data-track-category=\"Link no Texto\" data-track-links=\"\">Um homem, de 23 anos, morreu em decorr\u00eancia de uma interven\u00e7\u00e3o policial militar, em\u00a0<a href=\"http:\/\/g1.globo.com\/sp\/presidente-prudente-regiao\/cidade\/pauliceia.html\">Paulic\u00e9ia (SP)<\/a>, nesta quinta-feira (27). A corpora\u00e7\u00e3o chegou ao local durante dilig\u00eancias relacionadas a uma tentativa de homic\u00eddio contra um PM da cidade.<\/p>\n<\/div>\n<div class=\"wall protected-content\">\n<div class=\"mc-column content-text active-extra-styles \" style=\"text-align: justify;\" data-block-type=\"unstyled\" data-block-weight=\"66\" data-block-id=\"3\">\n<p class=\"content-text__container \" data-track-category=\"Link no Texto\" data-track-links=\"\">Conforme informou<strong>\u00a0<\/strong>o major Ivan Garcia de Oliveira, comandante interino do 25\u00ba Batalh\u00e3o da Pol\u00edcia Militar do Interior (BPM\/I), por volta das 2h40, 13 disparos foram efetuados contra a casa de um policial militar da cidade. Dez desses tiros atingiram a parte interior da resid\u00eancia, sendo um deles pr\u00f3ximo do local onde uma crian\u00e7a dormia. Ningu\u00e9m foi atingido pelos tiros na resid\u00eancia do policial.<\/p>\n<\/div>\n<div class=\"mc-column content-text active-extra-styles \" style=\"text-align: justify;\" data-block-type=\"unstyled\" data-block-weight=\"60\" data-block-id=\"4\">\n<p class=\"content-text__container \" data-track-category=\"Link no Texto\" data-track-links=\"\">Ap\u00f3s o crime registrado na madrugada, come\u00e7aram apura\u00e7\u00f5es e dilig\u00eancias pela cidade para localizar os envolvidos na tentativa de homic\u00eddio, com apoios do policiamento de \u00e1rea, da For\u00e7a T\u00e1tica e do 8\u00ba Batalh\u00e3o de A\u00e7\u00f5es Especiais de Pol\u00edcia (Baep), quando a corpora\u00e7\u00e3o chegou a nomes de suspeitos que, inclusive, s\u00e3o conhecidos por andarem armados, segundo contou ao\u00a0<strong>G1\u00a0<\/strong>o major.<\/p>\n<\/div>\n<div class=\"mc-column content-text active-extra-styles \" style=\"text-align: justify;\" data-block-type=\"unstyled\" data-block-weight=\"33\" data-block-id=\"5\">\n<p class=\"content-text__container \" data-track-category=\"Link no Texto\" data-track-links=\"\">Quando policiais do Baep chegaram \u00e0 casa do suspeito, ainda de acordo com o oficial, o homem disparou duas vezes contra a equipe, que revidou. O indiv\u00edduo foi baleado e morreu no local.<\/p>\n<\/div>\n<div class=\"mc-column content-text active-extra-styles \" style=\"text-align: justify;\" data-block-type=\"unstyled\" data-block-weight=\"50\" data-block-id=\"6\">\n<p class=\"content-text__container \" data-track-category=\"Link no Texto\" data-track-links=\"\">Em vistoria na casa, a PM localizou um rev\u00f3lver de calibre 38 e uma pistola de calibre 765, cujo calibre \u201cbate\u201d com o da arma utilizada nos disparos efetuados na casa do militar. J\u00e1 em buscas no carro do indiv\u00edduo, a pol\u00edcia encontrou diversas c\u00e1psulas deflagradas que ainda ser\u00e3o analisadas.<\/p>\n<\/div>\n<div class=\"mc-column content-text active-extra-styles \" style=\"text-align: justify;\" data-block-type=\"unstyled\" data-block-weight=\"20\" data-block-id=\"8\">\n<p class=\"content-text__container \" data-track-category=\"Link no Texto\" data-track-links=\"\">Foram apreendidas as duas armas localizadas na casa do indiv\u00edduo e as armas dos policiais envolvidos na troca de tiros.<\/p>\n<\/div>\n<div class=\"mc-column content-text active-extra-styles \" style=\"text-align: justify;\" data-block-type=\"unstyled\" data-block-weight=\"10\" data-block-id=\"9\">\n<p class=\"content-text__container \" data-track-category=\"Link no Texto\" data-track-links=\"\">A Pol\u00edcia Cient\u00edfica realizou o trabalho de per\u00edcia no local.<\/p>\n<\/div>\n<div class=\"row medium-uncollapsed content-media content-photo\" data-block-type=\"backstage-photo\" data-block-id=\"10\">\n<div class=\"mc-column content-media__container\">\n<figure style=\"text-align: justify;\"><img decoding=\"async\" class=\"i-amphtml-fill-content i-amphtml-replaced-content\" src=\"https:\/\/s2.glbimg.com\/n6jEKGlcvw9KyHXcx1nY-yQFoBU=\/0x0:1280x960\/984x0\/smart\/filters:strip_icc()\/i.s3.glbimg.com\/v1\/AUTH_59edd422c0c84a879bd37670ae4f538a\/internal_photos\/bs\/2018\/2\/6\/CXZge7QXAgdgjaNK9vQQ\/whatsapp-image-2018-11-07-at-07.57.11.jpeg\" sizes=\"(max-width: 1366px) 648px, 100vw\" srcset=\"https:\/\/s2.glbimg.com\/GKot0RdT_yN_l41XVU2u_xv0jRg=\/0x0:1280x960\/1000x0\/smart\/filters:strip_icc()\/i.s3.glbimg.com\/v1\/AUTH_59edd422c0c84a879bd37670ae4f538a\/internal_photos\/bs\/2018\/2\/6\/CXZge7QXAgdgjaNK9vQQ\/whatsapp-image-2018-11-07-at-07.57.11.jpeg 1000w, https:\/\/s2.glbimg.com\/n6jEKGlcvw9KyHXcx1nY-yQFoBU=\/0x0:1280x960\/984x0\/smart\/filters:strip_icc()\/i.s3.glbimg.com\/v1\/AUTH_59edd422c0c84a879bd37670ae4f538a\/internal_photos\/bs\/2018\/2\/6\/CXZge7QXAgdgjaNK9vQQ\/whatsapp-image-2018-11-07-at-07.57.11.jpeg 984w, https:\/\/s2.glbimg.com\/p2qqVrEn18nnlAHUWCofxbXWIZM=\/0x0:1280x960\/640x0\/smart\/filters:strip_icc()\/i.s3.glbimg.com\/v1\/AUTH_59edd422c0c84a879bd37670ae4f538a\/internal_photos\/bs\/2018\/2\/6\/CXZge7QXAgdgjaNK9vQQ\/whatsapp-image-2018-11-07-at-07.57.11.jpeg 640w, https:\/\/s2.glbimg.com\/8GxoeMU0Bj-u80mJo2EDbaAD784=\/0x0:1280x960\/600x0\/smart\/filters:strip_icc()\/i.s3.glbimg.com\/v1\/AUTH_59edd422c0c84a879bd37670ae4f538a\/internal_photos\/bs\/2018\/2\/6\/CXZge7QXAgdgjaNK9vQQ\/whatsapp-image-2018-11-07-at-07.57.11.jpeg 600w\" alt=\"Caso foi registrado na Delegacia da Pol\u00edcia Civil em Paulic\u00e9ia \u2014 Foto: Mariane Santos\/TV Fronteira\" \/><\/figure>\n<p class=\"content-media__description \">Caso foi registrado na Delegacia da Pol\u00edcia Civil em Paulic\u00e9ia \u2014 Foto: Mariane Santos\/TV Fronteira<\/p>\n<\/div>\n<\/div>\n<div class=\"mc-column content-text active-extra-styles\" data-block-type=\"raw\" data-block-weight=\"1\" data-block-id=\"11\">\n<div class=\"content-intertitle\">\n<h2>Investiga\u00e7\u00e3o<\/h2>\n<\/div>\n<\/div>\n<div class=\"mc-column content-text active-extra-styles \" data-block-type=\"unstyled\" data-block-weight=\"33\" data-block-id=\"12\">\n<p class=\"content-text__container \" style=\"text-align: justify;\" data-track-category=\"Link no Texto\" data-track-links=\"\">O delegado da Pol\u00edcia Civil Bruno Verginassi informou ao\u00a0<strong>G1\u00a0<\/strong>na tarde desta quinta-feira (27) que o caso foi registrado como disparo de arma de fogo e morte em decorr\u00eancia de interven\u00e7\u00e3o policial.<\/p>\n<\/div>\n<div class=\"mc-column content-text active-extra-styles \" style=\"text-align: justify;\" data-block-type=\"unstyled\" data-block-weight=\"46\" data-block-id=\"13\">\n<p class=\"content-text__container \" data-track-category=\"Link no Texto\" data-track-links=\"\">\u201cAp\u00f3s os 13 disparos efetuados contra a casa de um policial militar durante a madrugada, os militares iniciaram dilig\u00eancias para localizar os poss\u00edveis autores. Eles (policiais militares) conseguiram informa\u00e7\u00f5es de dois suspeitos e se deslocaram para a casa de cada um deles\u201d, informou Verginassi ao <strong>G1<\/strong>.<\/p>\n<\/div>\n<div class=\"mc-column content-text active-extra-styles \" style=\"text-align: justify;\" data-block-type=\"unstyled\" data-block-weight=\"67\" data-block-id=\"14\">\n<p class=\"content-text__container \" data-track-category=\"Link no Texto\" data-track-links=\"\">Segundo o delegado, ao chegar \u00e0 casa de um dos suspeitos, um instalador de antenas, de 23 anos, os militares foram recebidos a tiros e revidaram os disparos. O suspeito foi alvejado e caiu no corredor do im\u00f3vel. Uma Unidade de Resgate do Corpo de Bombeiros chegou a ser acionada, mas o homem n\u00e3o resistiu e a morte foi constatada no local por uma m\u00e9dica da corpora\u00e7\u00e3o.<\/p>\n<\/div>\n<div class=\"mc-column content-text active-extra-styles \" style=\"text-align: justify;\" data-block-type=\"unstyled\" data-block-weight=\"47\" data-block-id=\"15\">\n<p class=\"content-text__container \" data-track-category=\"Link no Texto\" data-track-links=\"\">O delegado informou ao\u00a0<strong>G1\u00a0<\/strong>que ao lado do corpo do suspeito foi encontrado um rev\u00f3lver de calibre 38 com duas muni\u00e7\u00f5es deflagradas e quatro picotadas. Em trabalho inicial no local, a per\u00edcia encontrou marcas dos disparos efetuados pelo suspeito contra os militares, de acordo com Verginassi.<\/p>\n<p data-track-category=\"Link no Texto\" data-track-links=\"\">Fonte: G1<\/p>\n<\/div>\n<div class=\"content-ads content-ads--reveal\" data-block-type=\"ads\" data-block-id=\"16\">\n<div id=\"banner_materia__18c43b61-ba5d-447b-bbaa-6f6099010dbe\" class=\"tag-manager-publicidade-container mc-has-reveal mc-has-ad-lazyload tag-manager-publicidade-banner_materia__18c43b61-ba5d-447b-bbaa-6f6099010dbe tag-manager-publicidade-container--carregado tag-manager-publicidade-container--visivel\" data-id=\"banner_materia__18c43b61-ba5d-447b-bbaa-6f6099010dbe\" data-google-query-id=\"CPG-yLrBvOsCFY8vuQYdCVoHLw\" data-cid=\"138321453994\" data-lid=\"5454740586\">\n<div id=\"google_ads_iframe_\/95377733\/tvg_G1\/Sua_Regiao&gt;Sudeste&gt;Sao_Paulo_(Pres_Prudente)_3__container__\" style=\"box-sizing: inherit; margin: auto; padding: 0px; border: 0pt none; font: inherit; vertical-align: initial; width: 970px; max-width: 100%; text-align: justify;\"><iframe id=\"google_ads_iframe_\/95377733\/tvg_G1\/Sua_Regiao&gt;Sudeste&gt;Sao_Paulo_(Pres_Prudente)_3\" style=\"box-sizing: inherit; margin: 0px; padding: 0px; border: 0px; font: inherit; vertical-align: bottom;\" title=\"3rd party ad content\" name=\"google_ads_iframe_\/95377733\/tvg_G1\/Sua_Regiao&gt;Sudeste&gt;Sao_Paulo_(Pres_Prudente)_3\" width=\"970\" height=\"250\" frameborder=\"0\" marginwidth=\"0\" marginheight=\"0\" scrolling=\"no\" data-google-container-id=\"4\" data-load-complete=\"true\" data-mce-fragment=\"1\"><\/iframe><\/div>\n<\/div>\n<\/div>\n<div class=\"mc-column content-text active-extra-styles \" data-block-type=\"unstyled\" data-block-weight=\"21\" data-block-id=\"17\">\n<p class=\"content-text__container \" data-track-category=\"Link no Texto\" data-track-links=\"\">Dentro da casa do rapaz de 23 anos ainda foi localizada uma pistola de calibre 765 municiada, al\u00e9m de outras muni\u00e7\u00f5es.<\/p>\n<\/div>\n<div class=\"mc-column content-text active-extra-styles \" data-block-type=\"unstyled\" data-block-weight=\"24\" data-block-id=\"18\">\n<p class=\"content-text__container \" data-track-category=\"Link no Texto\" data-track-links=\"\">\u201cOs policiais militares agiram em leg\u00edtima defesa e no estrito cumprimento do dever legal. Eles [militares] foram ouvidos e liberados\u201d, explicou Verginassi ao\u00a0<strong>G1<\/strong>.<\/p>\n<\/div>\n<div class=\"mc-column content-text active-extra-styles \" data-block-type=\"unstyled\" data-block-weight=\"44\" data-block-id=\"19\">\n<p class=\"content-text__container \" data-track-category=\"Link no Texto\" data-track-links=\"\">O delegado ainda informou que o segundo suspeito, um mec\u00e2nico, de 28 anos, n\u00e3o apresentou resist\u00eancia com a chegada dos militares a sua resid\u00eancia. Ele foi preso em flagrante por disparo de arma de fogo e ser\u00e1 encaminhado para a Cadeia de Dracena (SP).<\/p>\n<\/div>\n<div class=\"mc-column content-text active-extra-styles \" data-block-type=\"unstyled\" data-block-weight=\"29\" data-block-id=\"20\">\n<p class=\"content-text__container \" data-track-category=\"Link no Texto\" data-track-links=\"\">Segundo o delegado, os dois suspeitos eram amigos. O mec\u00e2nico tem passagem policial por porte ilegal de arma. J\u00e1 o suspeito que morreu tinha antecedentes por furto e roubo.<\/p>\n<\/div>\n<\/div>\n","protected":false},"excerpt":{"rendered":"<p>PM chegou ao indiv\u00edduo durante dilig\u00eancias relacionadas a uma tentativa de homic\u00eddio contra um policial da cidade. Um homem, de 23 anos, morreu em decorr\u00eancia de uma interven\u00e7\u00e3o policial militar, em\u00a0Paulic\u00e9ia (SP), nesta quinta-feira (27). A corpora\u00e7\u00e3o chegou ao local durante dilig\u00eancias relacionadas a uma tentativa de homic\u00eddio contra um PM da cidade. Conforme informou\u00a0o [&hellip;]<\/p>\n","protected":false},"author":1,"featured_media":33632,"comment_status":"closed","ping_status":"open","sticky":false,"template":"","format":"standard","meta":{"footnotes":""},"categories":[110,2],"tags":[],"class_list":["post-33631","post","type-post","status-publish","format-standard","has-post-thumbnail","hentry","category-noticiasdestaque","category-policial"],"_links":{"self":[{"href":"https:\/\/jorgezanoni.com.br\/2019\/wp-json\/wp\/v2\/posts\/33631","targetHints":{"allow":["GET"]}}],"collection":[{"href":"https:\/\/jorgezanoni.com.br\/2019\/wp-json\/wp\/v2\/posts"}],"about":[{"href":"https:\/\/jorgezanoni.com.br\/2019\/wp-json\/wp\/v2\/types\/post"}],"author":[{"embeddable":true,"href":"https:\/\/jorgezanoni.com.br\/2019\/wp-json\/wp\/v2\/users\/1"}],"replies":[{"embeddable":true,"href":"https:\/\/jorgezanoni.com.br\/2019\/wp-json\/wp\/v2\/comments?post=33631"}],"version-history":[{"count":0,"href":"https:\/\/jorgezanoni.com.br\/2019\/wp-json\/wp\/v2\/posts\/33631\/revisions"}],"wp:featuredmedia":[{"embeddable":true,"href":"https:\/\/jorgezanoni.com.br\/2019\/wp-json\/wp\/v2\/media\/33632"}],"wp:attachment":[{"href":"https:\/\/jorgezanoni.com.br\/2019\/wp-json\/wp\/v2\/media?parent=33631"}],"wp:term":[{"taxonomy":"category","embeddable":true,"href":"https:\/\/jorgezanoni.com.br\/2019\/wp-json\/wp\/v2\/categories?post=33631"},{"taxonomy":"post_tag","embeddable":true,"href":"https:\/\/jorgezanoni.com.br\/2019\/wp-json\/wp\/v2\/tags?post=33631"}],"curies":[{"name":"wp","href":"https:\/\/api.w.org\/{rel}","templated":true}]}}