{"id":33610,"date":"2020-08-27T12:39:16","date_gmt":"2020-08-27T12:39:16","guid":{"rendered":"https:\/\/jorgezanoni.com.br\/2019\/?p=33610"},"modified":"2020-08-27T12:39:46","modified_gmt":"2020-08-27T12:39:46","slug":"medico-de-panorama-divulga-nota-informando-que-esta-com-covid","status":"publish","type":"post","link":"https:\/\/jorgezanoni.com.br\/2019\/medico-de-panorama-divulga-nota-informando-que-esta-com-covid\/","title":{"rendered":"M\u00e9dico de Panorama divulga nota informando que est\u00e1 com COVID"},"content":{"rendered":"<div class=\"kvgmc6g5 cxmmr5t8 oygrvhab hcukyx3x c1et5uql ii04i59q\">\n<div dir=\"auto\" style=\"text-align: justify;\">Um dos m\u00e9dicos mais queridos de Panorama comunicou ontem \u00e0 tarde que est\u00e1 com covid-19. Dr. Welinton que trabalha na linha de frente ao combate ao coronavirus no Pronto Atendimento de Panorama diz que seu quadro cl\u00ednico \u00e9 bom.<\/div>\n<\/div>\n<div class=\"o9v6fnle cxmmr5t8 oygrvhab hcukyx3x c1et5uql ii04i59q\" style=\"text-align: justify;\">\n<div dir=\"auto\">Veja abaixo o comunicado:<\/div>\n<\/div>\n<div class=\"o9v6fnle cxmmr5t8 oygrvhab hcukyx3x c1et5uql ii04i59q\" style=\"text-align: justify;\">\n<div dir=\"auto\">&#8220;Queria informar a todos que estou em isolamento, pois em exame realizado recentemente fui confirmado positivo para covid-19.<\/div>\n<\/div>\n<div class=\"o9v6fnle cxmmr5t8 oygrvhab hcukyx3x c1et5uql ii04i59q\" style=\"text-align: justify;\">\n<div dir=\"auto\">Gostaria tamb\u00e9m de informar que estou bem, e se Deus quiser, logo estarei com voc\u00eas.<\/div>\n<\/div>\n<div class=\"o9v6fnle cxmmr5t8 oygrvhab hcukyx3x c1et5uql ii04i59q\" style=\"text-align: justify;\">\n<div dir=\"auto\">Que Deus aben\u00e7oe a todos.<\/div>\n<\/div>\n<div class=\"o9v6fnle cxmmr5t8 oygrvhab hcukyx3x c1et5uql ii04i59q\" style=\"text-align: justify;\">\n<div dir=\"auto\">Dr. Welinton&#8221;<\/div>\n<div dir=\"auto\"><\/div>\n<\/div>\n<div dir=\"auto\" style=\"text-align: justify;\">Fonte: Panorama Not\u00edcias<\/div>\n","protected":false},"excerpt":{"rendered":"<p>Um dos m\u00e9dicos mais queridos de Panorama comunicou ontem \u00e0 tarde que est\u00e1 com covid-19. Dr. Welinton que trabalha na linha de frente ao combate ao coronavirus no Pronto Atendimento de Panorama diz que seu quadro cl\u00ednico \u00e9 bom. Veja abaixo o comunicado: &#8220;Queria informar a todos que estou em isolamento, pois em exame realizado [&hellip;]<\/p>\n","protected":false},"author":1,"featured_media":33611,"comment_status":"closed","ping_status":"open","sticky":false,"template":"","format":"standard","meta":{"footnotes":""},"categories":[179,110,188],"tags":[],"class_list":["post-33610","post","type-post","status-publish","format-standard","has-post-thumbnail","hentry","category-cidadeseregiao","category-noticiasdestaque","category-panorama"],"_links":{"self":[{"href":"https:\/\/jorgezanoni.com.br\/2019\/wp-json\/wp\/v2\/posts\/33610","targetHints":{"allow":["GET"]}}],"collection":[{"href":"https:\/\/jorgezanoni.com.br\/2019\/wp-json\/wp\/v2\/posts"}],"about":[{"href":"https:\/\/jorgezanoni.com.br\/2019\/wp-json\/wp\/v2\/types\/post"}],"author":[{"embeddable":true,"href":"https:\/\/jorgezanoni.com.br\/2019\/wp-json\/wp\/v2\/users\/1"}],"replies":[{"embeddable":true,"href":"https:\/\/jorgezanoni.com.br\/2019\/wp-json\/wp\/v2\/comments?post=33610"}],"version-history":[{"count":0,"href":"https:\/\/jorgezanoni.com.br\/2019\/wp-json\/wp\/v2\/posts\/33610\/revisions"}],"wp:featuredmedia":[{"embeddable":true,"href":"https:\/\/jorgezanoni.com.br\/2019\/wp-json\/wp\/v2\/media\/33611"}],"wp:attachment":[{"href":"https:\/\/jorgezanoni.com.br\/2019\/wp-json\/wp\/v2\/media?parent=33610"}],"wp:term":[{"taxonomy":"category","embeddable":true,"href":"https:\/\/jorgezanoni.com.br\/2019\/wp-json\/wp\/v2\/categories?post=33610"},{"taxonomy":"post_tag","embeddable":true,"href":"https:\/\/jorgezanoni.com.br\/2019\/wp-json\/wp\/v2\/tags?post=33610"}],"curies":[{"name":"wp","href":"https:\/\/api.w.org\/{rel}","templated":true}]}}