{"id":33587,"date":"2020-08-27T00:47:08","date_gmt":"2020-08-27T00:47:08","guid":{"rendered":"https:\/\/jorgezanoni.com.br\/2019\/?p=33587"},"modified":"2020-08-27T00:47:08","modified_gmt":"2020-08-27T00:47:08","slug":"ameacada-de-extincao-arara-caninde-pega-carona-com-ciclista-e-transforma-pratica-do-esporte-em-experiencia-incrivel","status":"publish","type":"post","link":"https:\/\/jorgezanoni.com.br\/2019\/ameacada-de-extincao-arara-caninde-pega-carona-com-ciclista-e-transforma-pratica-do-esporte-em-experiencia-incrivel\/","title":{"rendered":"Amea\u00e7ada de extin\u00e7\u00e3o, arara-canind\u00e9 &#8216;pega carona&#8217; com ciclista e transforma pr\u00e1tica do esporte em &#8216;experi\u00eancia incr\u00edvel&#8217;"},"content":{"rendered":"<h2 class=\"content-head__subtitle\" style=\"text-align: justify;\"><strong>Apari\u00e7\u00e3o da ave \u00e9 comum na Vicinal Jo\u00e3o Luiz Bertolo, pr\u00f3ximo ao trevo de Fl\u00f3rida Paulista (SP). Praticantes se encantam com a beleza e a companhia de Lala.<\/strong><\/h2>\n<div class=\"mc-column content-text active-extra-styles \" data-block-type=\"unstyled\" data-block-weight=\"35\" data-block-id=\"2\">\n<p class=\"content-text__container \" style=\"text-align: justify;\" data-track-category=\"Link no Texto\" data-track-links=\"\">Era para ser mais um dia de pedalada normal para o ciclista Jader Melo de Oliveira, de 29 anos. No entanto, ap\u00f3s alguns quil\u00f4metros sobre a bicicleta, ele recebeu em seus ombros uma visita especial.<\/p>\n<\/div>\n<div class=\"wall protected-content\">\n<div class=\"mc-column content-text active-extra-styles \" style=\"text-align: justify;\" data-block-type=\"unstyled\" data-block-weight=\"36\" data-block-id=\"3\">\n<p class=\"content-text__container \" data-track-category=\"Link no Texto\" data-track-links=\"\">Uma arara-canind\u00e9, esp\u00e9cie que est\u00e1 amea\u00e7ada de extin\u00e7\u00e3o, decidiu acompanh\u00e1-lo durante o passeio, na Vicinal Jo\u00e3o Luiz Bertolo, no bairro Tr\u00eas Porteiras. O local fica a cerca de 4km do trevo de\u00a0<a href=\"https:\/\/g1.globo.com\/sp\/presidente-prudente-regiao\/cidade\/florida-paulista\/\">Fl\u00f3rida Paulista (SP)<\/a>.<\/p>\n<\/div>\n<div class=\"mc-column content-text active-extra-styles \" data-block-type=\"unstyled\" data-block-weight=\"31\" data-block-id=\"4\">\n<p class=\"content-text__container \" style=\"text-align: justify;\" data-track-category=\"Link no Texto\" data-track-links=\"\">A apari\u00e7\u00e3o da ave \u00e9 frequente por l\u00e1, mas essa foi a primeira vez em que a arara-canind\u00e9, carinhosamente chamada de Lala, pegou uma carona com Oliveira.<\/p>\n<p class=\"content-text__container \" style=\"text-align: justify;\" data-track-category=\"Link no Texto\" data-track-links=\"\">&#8220;A Lala \u00e9 livre pelo local, sempre aparece pelas redondezas do bairro. Ela acompanha a grande maioria dos ciclistas e tornou-se atra\u00e7\u00e3o, uma nova companhia&#8221;, disse o ciclista ao <strong>G1<\/strong>.<\/p>\n<div class=\"mc-column content-text active-extra-styles \" style=\"text-align: justify;\" data-block-type=\"unstyled\" data-block-weight=\"15\" data-block-id=\"8\">\n<p class=\"content-text__container \" data-track-category=\"Link no Texto\" data-track-links=\"\">O passeio com a ave ocorreu pela primeira vez no dia 22 de agosto.<\/p>\n<\/div>\n<div class=\"mc-column content-text active-extra-styles\" style=\"text-align: justify;\" data-block-type=\"raw\" data-block-weight=\"44\" data-block-id=\"9\">\n<blockquote class=\"content-blockquote theme-border-color-primary-before\"><p><span class=\"highlight highlighted\">&#8220;Foi uma experi\u00eancia incr\u00edvel. Sabia sobre a companhia extraordin\u00e1ria pelo local, mas nunca tinha vivenciado. O contato com a natureza, com uma arara-canind\u00e9 linda, vivendo solta pelo local, renova as nossas energias e confirma o quanto a natureza \u00e9 fant\u00e1stica&#8221;<\/span>, contou Oliveira ao\u00a0<strong>G1<\/strong>.<\/p><\/blockquote>\n<\/div>\n<div class=\"mc-column content-text active-extra-styles \" style=\"text-align: justify;\" data-block-type=\"unstyled\" data-block-weight=\"70\" data-block-id=\"10\">\n<p class=\"content-text__container \" data-track-category=\"Link no Texto\" data-track-links=\"\">O praticante, que \u00e9 de\u00a0<a href=\"https:\/\/g1.globo.com\/sp\/presidente-prudente-regiao\/cidade\/adamantina\/\">Adamantina (SP)<\/a>, mas que costuma pedalar pela regi\u00e3o, iniciou o ciclismo por conta da pandemia do novo coronav\u00edrus. Com o incentivo para exerc\u00edcios ao ar livre, ele contou ao\u00a0<strong>G1\u00a0<\/strong>que foi o esporte com que se identificou e hoje n\u00e3o se v\u00ea sem os pedais, fazendo parte da equipe Pedal da Terceira Idade. A experi\u00eancia ficou ainda melhor com a companhia de Lala.<\/p>\n<\/div>\n<div class=\"mc-column content-text active-extra-styles \" style=\"text-align: justify;\" data-block-type=\"unstyled\" data-block-weight=\"34\" data-block-id=\"11\">\n<p class=\"content-text__container \" data-track-category=\"Link no Texto\" data-track-links=\"\">&#8220;O pessoal do bairro nomeou-a assim. Lala vive livre. Entretanto, o pessoal costuma fornecer alimenta\u00e7\u00e3o adequada quando ela aparece pelo bairro. Devido a isso, sua apari\u00e7\u00e3o \u00e9 frequente por aquela regi\u00e3o&#8221;, explicou Oliveira.<\/p>\n<\/div>\n<div class=\"mc-column content-text active-extra-styles \" style=\"text-align: justify;\" data-block-type=\"unstyled\" data-block-weight=\"24\" data-block-id=\"12\">\n<p class=\"content-text__container \" data-track-category=\"Link no Texto\" data-track-links=\"\">A arara costuma sempre estar pelo local e, conforme os ciclistas v\u00e3o passando, ela os acompanha e deixa todos admirados com sua beleza.<\/p>\n<\/div>\n<div class=\"mc-column content-text active-extra-styles \" data-block-type=\"unstyled\" data-block-weight=\"61\" data-block-id=\"13\">\n<p class=\"content-text__container \" style=\"text-align: justify;\" data-track-category=\"Link no Texto\" data-track-links=\"\">Como mostram as imagens dos v\u00eddeos, destemida e corajosa, Lala n\u00e3o se intimida e aproveita o passeio. \u00c0s vezes, ela fica nos ombros do ciclista e outras no capacete. Em alguns momentos, ela voa ao lado, enquanto ele pedala.\u00a0<span class=\"highlight highlighted\">N\u00e3o importa como e onde, ela se faz presente e transforma a pr\u00e1tica do esporte em uma experi\u00eancia inesquec\u00edvel.\u00a0<\/span><\/p>\n<div class=\"row medium-uncollapsed content-media content-photo\" style=\"text-align: justify;\" data-block-type=\"backstage-photo\" data-block-id=\"16\">\n<div class=\"mc-column content-media__container\">\n<figure><img decoding=\"async\" class=\"i-amphtml-fill-content i-amphtml-replaced-content\" src=\"https:\/\/s2.glbimg.com\/T8KCIAMl8b3d3JM5f04XtBuW15E=\/0x148:868x1156\/984x0\/smart\/filters:strip_icc()\/i.s3.glbimg.com\/v1\/AUTH_59edd422c0c84a879bd37670ae4f538a\/internal_photos\/bs\/2020\/U\/B\/BnojcXQq2OVdLfo3xaGQ\/whatsapp-image-2020-08-24-at-21.50.51-1-.jpeg\" sizes=\"(max-width: 1242px) 648px, 100vw\" srcset=\"https:\/\/s2.glbimg.com\/q1fp8ewIf84jb3k22aFpIbI8Rok=\/0x148:868x1156\/1000x0\/smart\/filters:strip_icc()\/i.s3.glbimg.com\/v1\/AUTH_59edd422c0c84a879bd37670ae4f538a\/internal_photos\/bs\/2020\/U\/B\/BnojcXQq2OVdLfo3xaGQ\/whatsapp-image-2020-08-24-at-21.50.51-1-.jpeg 1000w, https:\/\/s2.glbimg.com\/T8KCIAMl8b3d3JM5f04XtBuW15E=\/0x148:868x1156\/984x0\/smart\/filters:strip_icc()\/i.s3.glbimg.com\/v1\/AUTH_59edd422c0c84a879bd37670ae4f538a\/internal_photos\/bs\/2020\/U\/B\/BnojcXQq2OVdLfo3xaGQ\/whatsapp-image-2020-08-24-at-21.50.51-1-.jpeg 984w, https:\/\/s2.glbimg.com\/_-BhXSeiTVJYOfr7Cfdv4bnVJ_0=\/0x148:868x1156\/640x0\/smart\/filters:strip_icc()\/i.s3.glbimg.com\/v1\/AUTH_59edd422c0c84a879bd37670ae4f538a\/internal_photos\/bs\/2020\/U\/B\/BnojcXQq2OVdLfo3xaGQ\/whatsapp-image-2020-08-24-at-21.50.51-1-.jpeg 640w, https:\/\/s2.glbimg.com\/NvRyXLJ47xuvrgS-dbxI5WEYKls=\/0x148:868x1156\/600x0\/smart\/filters:strip_icc()\/i.s3.glbimg.com\/v1\/AUTH_59edd422c0c84a879bd37670ae4f538a\/internal_photos\/bs\/2020\/U\/B\/BnojcXQq2OVdLfo3xaGQ\/whatsapp-image-2020-08-24-at-21.50.51-1-.jpeg 600w\" alt=\"Arara-canind\u00e9, esp\u00e9cie amea\u00e7ada de extin\u00e7\u00e3o, acompanha ciclista em 'passeio' \u2014 Foto: Leonardo Testa Suzano\" \/><\/figure>\n<p class=\"content-media__description \">Arara-canind\u00e9, esp\u00e9cie amea\u00e7ada de extin\u00e7\u00e3o, acompanha ciclista em &#8216;passeio&#8217; \u2014 Foto: Leonardo Testa Suzano<\/p>\n<\/div>\n<\/div>\n<div class=\"mc-column content-text active-extra-styles\" style=\"text-align: justify;\" data-block-type=\"raw\" data-block-weight=\"4\" data-block-id=\"17\">\n<div class=\"content-intertitle\">\n<h2>Esp\u00e9cie amea\u00e7ada de extin\u00e7\u00e3o<\/h2>\n<\/div>\n<\/div>\n<div class=\"mc-column content-text active-extra-styles \" style=\"text-align: justify;\" data-block-type=\"unstyled\" data-block-weight=\"32\" data-block-id=\"18\">\n<p class=\"content-text__container \" data-track-category=\"Link no Texto\" data-track-links=\"\">A arara-canind\u00e9 (<em>Ara ararauna<\/em>) \u00e9 encontrada, no Brasil, desde a Amaz\u00f4nia at\u00e9 o Paran\u00e1, al\u00e9m do Panam\u00e1, da Col\u00f4mbia, das Guianas, do Equador, do Peru, da Bol\u00edvia, do Paraguai e da Argentina.<\/p>\n<\/div>\n<div class=\"mc-column content-text active-extra-styles \" style=\"text-align: justify;\" data-block-type=\"unstyled\" data-block-weight=\"19\" data-block-id=\"19\">\n<p class=\"content-text__container \" data-track-category=\"Link no Texto\" data-track-links=\"\">A esp\u00e9cie, que est\u00e1 em perigo, amea\u00e7ada de extin\u00e7\u00e3o, alimenta-se de frutas e sementes, em sua maioria de palmeiras.<\/p>\n<\/div>\n<div class=\"mc-column content-text active-extra-styles \" style=\"text-align: justify;\" data-block-type=\"unstyled\" data-block-weight=\"15\" data-block-id=\"20\">\n<p class=\"content-text__container \" data-track-category=\"Link no Texto\" data-track-links=\"\">Tem um per\u00edodo de incuba\u00e7\u00e3o de aproximadamente 28 dias, botando de um a tr\u00eas ovos.<\/p>\n<\/div>\n<div class=\"row medium-uncollapsed content-media content-photo\" style=\"text-align: justify;\" data-block-type=\"backstage-photo\" data-block-id=\"21\">\n<div class=\"mc-column content-media__container\">\n<figure><img decoding=\"async\" class=\"i-amphtml-fill-content i-amphtml-replaced-content\" src=\"https:\/\/s2.glbimg.com\/NfWfo0hXRq7eV7p2MxqNTXxfj6M=\/0x438:868x1074\/984x0\/smart\/filters:strip_icc()\/i.s3.glbimg.com\/v1\/AUTH_59edd422c0c84a879bd37670ae4f538a\/internal_photos\/bs\/2020\/t\/X\/gBz41CSzeYhj0gmQoWqw\/whatsapp-image-2020-08-24-at-21.50.51.jpeg\" sizes=\"(max-width: 1242px) 648px, 100vw\" srcset=\"https:\/\/s2.glbimg.com\/2fmipeieYFRSulys6LSTQ4ofgS8=\/0x438:868x1074\/1000x0\/smart\/filters:strip_icc()\/i.s3.glbimg.com\/v1\/AUTH_59edd422c0c84a879bd37670ae4f538a\/internal_photos\/bs\/2020\/t\/X\/gBz41CSzeYhj0gmQoWqw\/whatsapp-image-2020-08-24-at-21.50.51.jpeg 1000w, https:\/\/s2.glbimg.com\/NfWfo0hXRq7eV7p2MxqNTXxfj6M=\/0x438:868x1074\/984x0\/smart\/filters:strip_icc()\/i.s3.glbimg.com\/v1\/AUTH_59edd422c0c84a879bd37670ae4f538a\/internal_photos\/bs\/2020\/t\/X\/gBz41CSzeYhj0gmQoWqw\/whatsapp-image-2020-08-24-at-21.50.51.jpeg 984w, https:\/\/s2.glbimg.com\/17q-Ky7AQXUglffvkg87G7I4mcg=\/0x438:868x1074\/640x0\/smart\/filters:strip_icc()\/i.s3.glbimg.com\/v1\/AUTH_59edd422c0c84a879bd37670ae4f538a\/internal_photos\/bs\/2020\/t\/X\/gBz41CSzeYhj0gmQoWqw\/whatsapp-image-2020-08-24-at-21.50.51.jpeg 640w, https:\/\/s2.glbimg.com\/Pweo98e_8hgQ78ZNI1FOeU5dOQ8=\/0x438:868x1074\/600x0\/smart\/filters:strip_icc()\/i.s3.glbimg.com\/v1\/AUTH_59edd422c0c84a879bd37670ae4f538a\/internal_photos\/bs\/2020\/t\/X\/gBz41CSzeYhj0gmQoWqw\/whatsapp-image-2020-08-24-at-21.50.51.jpeg 600w\" alt=\"Arara-canind\u00e9, esp\u00e9cie amea\u00e7ada de extin\u00e7\u00e3o, acompanha ciclista em 'passeio' \u2014 Foto: Leonardo Testa Suzano\" \/><\/figure>\n<p class=\"content-media__description \">Arara-canind\u00e9, esp\u00e9cie amea\u00e7ada de extin\u00e7\u00e3o, acompanha ciclista em &#8216;passeio&#8217; \u2014 Foto: Leonardo Testa Suzano<\/p>\n<\/div>\n<\/div>\n<div class=\"mc-column content-text active-extra-styles \" style=\"text-align: justify;\" data-block-type=\"unstyled\" data-block-weight=\"24\" data-block-id=\"22\">\n<p class=\"content-text__container \" data-track-category=\"Link no Texto\" data-track-links=\"\">Ave que traz na plum\u00e1ria as cores da bandeira do Brasil,\u00a0<a href=\"http:\/\/g1.globo.com\/sp\/campinas-regiao\/terra-da-gente\/fauna\/noticia\/2015\/01\/arara-caninde.html\">a arara-canind\u00e9, tamb\u00e9m conhecida como arara-de-barriga-amarela ou simplesmente arara-amarela, est\u00e1 amea\u00e7ada de extin\u00e7\u00e3o<\/a>.<\/p>\n<\/div>\n<div class=\"mc-column content-text active-extra-styles \" style=\"text-align: justify;\" data-block-type=\"unstyled\" data-block-weight=\"31\" data-block-id=\"23\">\n<p class=\"content-text__container \" data-track-category=\"Link no Texto\" data-track-links=\"\">Talvez uma das raz\u00f5es seja o fato de ela deslocar-se a grandes dist\u00e2ncias durante o dia, entre os locais de descanso e de alimenta\u00e7\u00e3o, e ser, por isso, uma presa f\u00e1cil.<\/p>\n<\/div>\n<div class=\"mc-column content-text active-extra-styles \" style=\"text-align: justify;\" data-block-type=\"unstyled\" data-block-weight=\"44\" data-block-id=\"25\">\n<p class=\"content-text__container \" data-track-category=\"Link no Texto\" data-track-links=\"\">Quando esses animais s\u00e3o ca\u00e7ados para a venda, as \u00e1rvores com os ninhos costumam ser derrubadas. Isso n\u00e3o s\u00f3 prejudica a reprodu\u00e7\u00e3o de diversas esp\u00e9cies de aves que utilizam o mesmo ninho em \u00e9pocas reprodutivas diferentes, como altera por completo o\u00a0<em>habitat\u00a0<\/em>desses animais.<\/p>\n<\/div>\n<div class=\"mc-column content-text active-extra-styles \" style=\"text-align: justify;\" data-block-type=\"unstyled\" data-block-weight=\"37\" data-block-id=\"26\">\n<p class=\"content-text__container \" data-track-category=\"Link no Texto\" data-track-links=\"\">A arara-canind\u00e9 costuma fazer seus ninhos em buracos no tronco, onde p\u00f5e seus ovos. Os filhotes permanecem no ninho at\u00e9 a 13\u00aa semana, per\u00edodo no qual s\u00e3o alimentados pelos pais, que regurgitam a comida em seus bicos.<\/p>\n<\/div>\n<div class=\"mc-column content-text active-extra-styles \" style=\"text-align: justify;\" data-block-type=\"unstyled\" data-block-weight=\"39\" data-block-id=\"27\">\n<p class=\"content-text__container \" data-track-category=\"Link no Texto\" data-track-links=\"\">O bico forte dessas aves costuma ser usado tamb\u00e9m para ingerir pedrinhas, que auxiliam na tritura\u00e7\u00e3o de sementes de algumas das palmeiras que fazem parte da dieta dessas araras. \u00c9 o caso de buriti, tucum, bocaiuva, carand\u00e1 e acuri.<\/p>\n<\/div>\n<div class=\"mc-column content-text active-extra-styles \" style=\"text-align: justify;\" data-block-type=\"unstyled\" data-block-weight=\"48\" data-block-id=\"28\">\n<p class=\"content-text__container \" data-track-category=\"Link no Texto\" data-track-links=\"\">As araras-canind\u00e9 s\u00e3o consideradas \u201cpredadoras\u201d de algumas palmeiras, porque, ao triturarem suas sementes, impedem a dispers\u00e3o destas plantas. Mas, desde a chegada dos portugueses ao territ\u00f3rio do pa\u00eds, as araras, bem como papagaios, periquitos, jandaias e maracan\u00e3s, s\u00e3o respons\u00e1veis pela alcunha dada ao Brasil de \u201cTerra dos Papagaios\u201d.<\/p>\n<\/div>\n<div class=\"mc-column content-text active-extra-styles \" style=\"text-align: justify;\" data-block-type=\"unstyled\" data-block-weight=\"30\" data-block-id=\"29\">\n<p class=\"content-text__container \" data-track-category=\"Link no Texto\" data-track-links=\"\">Geralmente elas voam em pares ou grupos de tr\u00eas indiv\u00edduos. A mesma combina\u00e7\u00e3o \u00e9 mantida quando est\u00e3o em bando (de at\u00e9 30 indiv\u00edduos). Em cativeiro, chegam a durar 60 anos.<\/p>\n<\/div>\n<div class=\"row medium-uncollapsed content-media content-photo\" style=\"text-align: justify;\" data-block-type=\"backstage-photo\" data-block-id=\"30\">\n<div class=\"mc-column content-media__container\">\n<figure><img decoding=\"async\" class=\"i-amphtml-fill-content i-amphtml-replaced-content\" src=\"https:\/\/s2.glbimg.com\/jo0R7WDMj0rSvaPcWPcwrgh_cgE=\/0x306:868x1069\/984x0\/smart\/filters:strip_icc()\/i.s3.glbimg.com\/v1\/AUTH_59edd422c0c84a879bd37670ae4f538a\/internal_photos\/bs\/2020\/g\/N\/4h2cAqTGOEqThjUWFAcw\/whatsapp-image-2020-08-24-at-21.50.52.jpeg\" sizes=\"(max-width: 1242px) 648px, 100vw\" srcset=\"https:\/\/s2.glbimg.com\/vsYCUKWAczNhNZ_Nh2Nu8hJ6rO4=\/0x306:868x1069\/1000x0\/smart\/filters:strip_icc()\/i.s3.glbimg.com\/v1\/AUTH_59edd422c0c84a879bd37670ae4f538a\/internal_photos\/bs\/2020\/g\/N\/4h2cAqTGOEqThjUWFAcw\/whatsapp-image-2020-08-24-at-21.50.52.jpeg 1000w, https:\/\/s2.glbimg.com\/jo0R7WDMj0rSvaPcWPcwrgh_cgE=\/0x306:868x1069\/984x0\/smart\/filters:strip_icc()\/i.s3.glbimg.com\/v1\/AUTH_59edd422c0c84a879bd37670ae4f538a\/internal_photos\/bs\/2020\/g\/N\/4h2cAqTGOEqThjUWFAcw\/whatsapp-image-2020-08-24-at-21.50.52.jpeg 984w, https:\/\/s2.glbimg.com\/PUO-gmbHcfjxkWn6U_azDPu4yS0=\/0x306:868x1069\/640x0\/smart\/filters:strip_icc()\/i.s3.glbimg.com\/v1\/AUTH_59edd422c0c84a879bd37670ae4f538a\/internal_photos\/bs\/2020\/g\/N\/4h2cAqTGOEqThjUWFAcw\/whatsapp-image-2020-08-24-at-21.50.52.jpeg 640w, https:\/\/s2.glbimg.com\/HUEE0s6y1dhvavblnMwYJFqockQ=\/0x306:868x1069\/600x0\/smart\/filters:strip_icc()\/i.s3.glbimg.com\/v1\/AUTH_59edd422c0c84a879bd37670ae4f538a\/internal_photos\/bs\/2020\/g\/N\/4h2cAqTGOEqThjUWFAcw\/whatsapp-image-2020-08-24-at-21.50.52.jpeg 600w\" alt=\"Arara-canind\u00e9, esp\u00e9cie amea\u00e7ada de extin\u00e7\u00e3o, acompanha ciclista em 'passeio' \u2014 Foto: Leonardo Testa Suzano\" \/><\/figure>\n<p class=\"content-media__description \">Arara-canind\u00e9, esp\u00e9cie amea\u00e7ada de extin\u00e7\u00e3o, acompanha ciclista em &#8216;passeio&#8217; \u2014 Foto: Leonardo Testa Suzano<\/p>\n<\/div>\n<\/div>\n<div class=\"row medium-uncollapsed content-media content-photo\" style=\"text-align: justify;\" data-block-type=\"backstage-photo\" data-block-id=\"31\">\n<div class=\"mc-column content-media__container\">\n<figure><img decoding=\"async\" class=\"i-amphtml-fill-content i-amphtml-replaced-content\" src=\"https:\/\/s2.glbimg.com\/K2mEhZJ_Dt8CDkFOETbUT9E9lGE=\/0x221:868x1071\/984x0\/smart\/filters:strip_icc()\/i.s3.glbimg.com\/v1\/AUTH_59edd422c0c84a879bd37670ae4f538a\/internal_photos\/bs\/2020\/W\/n\/S5doL8SSm4WISHmFaLog\/whatsapp-image-2020-08-24-at-21.50.52-1-.jpeg\" sizes=\"(max-width: 1242px) 648px, 100vw\" srcset=\"https:\/\/s2.glbimg.com\/IDb1z1dYW7ulAAMyeJm6OOfCyw0=\/0x221:868x1071\/1000x0\/smart\/filters:strip_icc()\/i.s3.glbimg.com\/v1\/AUTH_59edd422c0c84a879bd37670ae4f538a\/internal_photos\/bs\/2020\/W\/n\/S5doL8SSm4WISHmFaLog\/whatsapp-image-2020-08-24-at-21.50.52-1-.jpeg 1000w, https:\/\/s2.glbimg.com\/K2mEhZJ_Dt8CDkFOETbUT9E9lGE=\/0x221:868x1071\/984x0\/smart\/filters:strip_icc()\/i.s3.glbimg.com\/v1\/AUTH_59edd422c0c84a879bd37670ae4f538a\/internal_photos\/bs\/2020\/W\/n\/S5doL8SSm4WISHmFaLog\/whatsapp-image-2020-08-24-at-21.50.52-1-.jpeg 984w, https:\/\/s2.glbimg.com\/OgTXP5StHGR72R-ZUB0pmXNvY_o=\/0x221:868x1071\/640x0\/smart\/filters:strip_icc()\/i.s3.glbimg.com\/v1\/AUTH_59edd422c0c84a879bd37670ae4f538a\/internal_photos\/bs\/2020\/W\/n\/S5doL8SSm4WISHmFaLog\/whatsapp-image-2020-08-24-at-21.50.52-1-.jpeg 640w, https:\/\/s2.glbimg.com\/BFbwokQ9l5lgvFL-NRmu2izAOfo=\/0x221:868x1071\/600x0\/smart\/filters:strip_icc()\/i.s3.glbimg.com\/v1\/AUTH_59edd422c0c84a879bd37670ae4f538a\/internal_photos\/bs\/2020\/W\/n\/S5doL8SSm4WISHmFaLog\/whatsapp-image-2020-08-24-at-21.50.52-1-.jpeg 600w\" alt=\"Arara-canind\u00e9, esp\u00e9cie amea\u00e7ada de extin\u00e7\u00e3o, acompanha ciclista em 'passeio' \u2014 Foto: Leonardo Testa Suzano\" \/><\/figure>\n<p class=\"content-media__description \">Arara-canind\u00e9, esp\u00e9cie amea\u00e7ada de extin\u00e7\u00e3o, acompanha ciclista em &#8216;passeio&#8217; \u2014 Foto: Leonardo Testa Suzano<\/p>\n<\/div>\n<\/div>\n<div class=\"row medium-uncollapsed content-media content-photo\" data-block-type=\"backstage-photo\" data-block-id=\"33\">\n<div class=\"mc-column content-media__container\">\n<figure style=\"text-align: justify;\"><img decoding=\"async\" class=\"i-amphtml-fill-content i-amphtml-replaced-content\" src=\"https:\/\/s2.glbimg.com\/5OKiBmk-v0pLo8SSaXNdGeRX_50=\/0x0:864x1152\/984x0\/smart\/filters:strip_icc()\/i.s3.glbimg.com\/v1\/AUTH_59edd422c0c84a879bd37670ae4f538a\/internal_photos\/bs\/2020\/m\/Q\/6gd3G7S5KzSiwwJ0Bnww\/whatsapp-image-2020-08-25-at-17.47.32.jpeg\" sizes=\"(max-width: 1242px) 648px, 100vw\" srcset=\"https:\/\/s2.glbimg.com\/RNxu0qaUY6S0QtnzGgJTRc48bZU=\/0x0:864x1152\/1000x0\/smart\/filters:strip_icc()\/i.s3.glbimg.com\/v1\/AUTH_59edd422c0c84a879bd37670ae4f538a\/internal_photos\/bs\/2020\/m\/Q\/6gd3G7S5KzSiwwJ0Bnww\/whatsapp-image-2020-08-25-at-17.47.32.jpeg 1000w, https:\/\/s2.glbimg.com\/5OKiBmk-v0pLo8SSaXNdGeRX_50=\/0x0:864x1152\/984x0\/smart\/filters:strip_icc()\/i.s3.glbimg.com\/v1\/AUTH_59edd422c0c84a879bd37670ae4f538a\/internal_photos\/bs\/2020\/m\/Q\/6gd3G7S5KzSiwwJ0Bnww\/whatsapp-image-2020-08-25-at-17.47.32.jpeg 984w, https:\/\/s2.glbimg.com\/m4ltSTtsvTqJS4_WzaxCs2xpQUA=\/0x0:864x1152\/640x0\/smart\/filters:strip_icc()\/i.s3.glbimg.com\/v1\/AUTH_59edd422c0c84a879bd37670ae4f538a\/internal_photos\/bs\/2020\/m\/Q\/6gd3G7S5KzSiwwJ0Bnww\/whatsapp-image-2020-08-25-at-17.47.32.jpeg 640w, https:\/\/s2.glbimg.com\/xkib5mxp7d4FZWU5WbX_3XKpQxM=\/0x0:864x1152\/600x0\/smart\/filters:strip_icc()\/i.s3.glbimg.com\/v1\/AUTH_59edd422c0c84a879bd37670ae4f538a\/internal_photos\/bs\/2020\/m\/Q\/6gd3G7S5KzSiwwJ0Bnww\/whatsapp-image-2020-08-25-at-17.47.32.jpeg 600w\" alt=\"Grupo Pedal da Terceira Idade \u2014 Foto: Leonardo Testa Suzano\" \/><\/figure>\n<p class=\"content-media__description \" style=\"text-align: justify;\">Grupo Pedal da Terceira Idade \u2014 Foto: Leonardo Testa Suzano<\/p>\n<p style=\"text-align: justify;\">Fonte: https:\/\/g1.globo.com\/sp\/presidente-prudente-regiao\/noticia\/2020\/08\/26\/ameacada-de-extincao-arara-caninde-pega-carona-com-ciclista-e-transforma-pratica-do-esporte-em-experiencia-incrivel.ghtml<\/p>\n<\/div>\n<\/div>\n<\/div>\n<\/div>\n<\/div>\n","protected":false},"excerpt":{"rendered":"<p>Apari\u00e7\u00e3o da ave \u00e9 comum na Vicinal Jo\u00e3o Luiz Bertolo, pr\u00f3ximo ao trevo de Fl\u00f3rida Paulista (SP). Praticantes se encantam com a beleza e a companhia de Lala. Era para ser mais um dia de pedalada normal para o ciclista Jader Melo de Oliveira, de 29 anos. No entanto, ap\u00f3s alguns quil\u00f4metros sobre a bicicleta, [&hellip;]<\/p>\n","protected":false},"author":1,"featured_media":33588,"comment_status":"closed","ping_status":"open","sticky":false,"template":"","format":"standard","meta":{"footnotes":""},"categories":[176,110],"tags":[],"class_list":["post-33587","post","type-post","status-publish","format-standard","has-post-thumbnail","hentry","category-meioambienteeagricultura","category-noticiasdestaque"],"_links":{"self":[{"href":"https:\/\/jorgezanoni.com.br\/2019\/wp-json\/wp\/v2\/posts\/33587","targetHints":{"allow":["GET"]}}],"collection":[{"href":"https:\/\/jorgezanoni.com.br\/2019\/wp-json\/wp\/v2\/posts"}],"about":[{"href":"https:\/\/jorgezanoni.com.br\/2019\/wp-json\/wp\/v2\/types\/post"}],"author":[{"embeddable":true,"href":"https:\/\/jorgezanoni.com.br\/2019\/wp-json\/wp\/v2\/users\/1"}],"replies":[{"embeddable":true,"href":"https:\/\/jorgezanoni.com.br\/2019\/wp-json\/wp\/v2\/comments?post=33587"}],"version-history":[{"count":0,"href":"https:\/\/jorgezanoni.com.br\/2019\/wp-json\/wp\/v2\/posts\/33587\/revisions"}],"wp:featuredmedia":[{"embeddable":true,"href":"https:\/\/jorgezanoni.com.br\/2019\/wp-json\/wp\/v2\/media\/33588"}],"wp:attachment":[{"href":"https:\/\/jorgezanoni.com.br\/2019\/wp-json\/wp\/v2\/media?parent=33587"}],"wp:term":[{"taxonomy":"category","embeddable":true,"href":"https:\/\/jorgezanoni.com.br\/2019\/wp-json\/wp\/v2\/categories?post=33587"},{"taxonomy":"post_tag","embeddable":true,"href":"https:\/\/jorgezanoni.com.br\/2019\/wp-json\/wp\/v2\/tags?post=33587"}],"curies":[{"name":"wp","href":"https:\/\/api.w.org\/{rel}","templated":true}]}}