{"id":33579,"date":"2020-08-27T00:09:52","date_gmt":"2020-08-27T00:09:52","guid":{"rendered":"https:\/\/jorgezanoni.com.br\/2019\/?p=33579"},"modified":"2020-08-27T00:09:52","modified_gmt":"2020-08-27T00:09:52","slug":"bombeiros-capturam-lobo-guara-em-posto-de-saude-e-policia-ambiental-devolve-a-natureza","status":"publish","type":"post","link":"https:\/\/jorgezanoni.com.br\/2019\/bombeiros-capturam-lobo-guara-em-posto-de-saude-e-policia-ambiental-devolve-a-natureza\/","title":{"rendered":"Bombeiros capturam Lobo-guar\u00e1 em Posto de Sa\u00fade e Pol\u00edcia Ambiental devolve \u00e0 natureza"},"content":{"rendered":"<p style=\"text-align: justify;\"><strong>Equipe de Bombeiros de Dracena capturou o animal por volta de 04:00 Horas da manh\u00e3 em um Posto de Sa\u00fade de Panorama.<\/strong><\/p>\n<p><img loading=\"lazy\" decoding=\"async\" class=\"alignnone size-full wp-image-33581\" src=\"https:\/\/jorgezanoni.com.br\/2019\/wp-content\/uploads\/2020\/08\/bomb.jpg\" alt=\"\" width=\"864\" height=\"1152\" srcset=\"https:\/\/jorgezanoni.com.br\/2019\/wp-content\/uploads\/2020\/08\/bomb.jpg 864w, https:\/\/jorgezanoni.com.br\/2019\/wp-content\/uploads\/2020\/08\/bomb-225x300.jpg 225w, https:\/\/jorgezanoni.com.br\/2019\/wp-content\/uploads\/2020\/08\/bomb-768x1024.jpg 768w, https:\/\/jorgezanoni.com.br\/2019\/wp-content\/uploads\/2020\/08\/bomb-696x928.jpg 696w, https:\/\/jorgezanoni.com.br\/2019\/wp-content\/uploads\/2020\/08\/bomb-315x420.jpg 315w\" sizes=\"auto, (max-width: 864px) 100vw, 864px\" \/><img loading=\"lazy\" decoding=\"async\" class=\"alignnone size-full wp-image-33582\" src=\"https:\/\/jorgezanoni.com.br\/2019\/wp-content\/uploads\/2020\/08\/bomb2.jpg\" alt=\"\" width=\"960\" height=\"1280\" srcset=\"https:\/\/jorgezanoni.com.br\/2019\/wp-content\/uploads\/2020\/08\/bomb2.jpg 960w, https:\/\/jorgezanoni.com.br\/2019\/wp-content\/uploads\/2020\/08\/bomb2-225x300.jpg 225w, https:\/\/jorgezanoni.com.br\/2019\/wp-content\/uploads\/2020\/08\/bomb2-768x1024.jpg 768w, https:\/\/jorgezanoni.com.br\/2019\/wp-content\/uploads\/2020\/08\/bomb2-696x928.jpg 696w, https:\/\/jorgezanoni.com.br\/2019\/wp-content\/uploads\/2020\/08\/bomb2-315x420.jpg 315w\" sizes=\"auto, (max-width: 960px) 100vw, 960px\" \/>Fotos cedidas\/Corpo de Bombeiros<\/p>\n<h1 class=\"content-head__title\" style=\"text-align: justify;\"><strong>Amea\u00e7ado de extin\u00e7\u00e3o, lobo-guar\u00e1 encontrado em posto de sa\u00fade de Panorama \u00e9 devolvido \u00e0 natureza em Ouro Verde.<\/strong><\/h1>\n<p style=\"text-align: justify;\"><strong>VEJA O V\u00cdDEO:<\/strong><\/p>\n<div style=\"width: 640px;\" class=\"wp-video\"><video class=\"wp-video-shortcode\" id=\"video-33579-1\" width=\"640\" height=\"352\" preload=\"metadata\" controls=\"controls\"><source type=\"video\/mp4\" src=\"https:\/\/jorgezanoni.com.br\/2019\/wp-content\/uploads\/2020\/08\/WhatsApp-Video-2020-08-26-at-12.43.08.mp4?_=1\" \/><a href=\"https:\/\/jorgezanoni.com.br\/2019\/wp-content\/uploads\/2020\/08\/WhatsApp-Video-2020-08-26-at-12.43.08.mp4\">https:\/\/jorgezanoni.com.br\/2019\/wp-content\/uploads\/2020\/08\/WhatsApp-Video-2020-08-26-at-12.43.08.mp4<\/a><\/video><\/div>\n<h2 class=\"content-head__subtitle\" style=\"text-align: justify;\"><strong>Animal foi capturado em Panorama e solto, na manh\u00e3 desta quarta-feira (26), no Parque Estadual do Rio do Peixe.<\/strong><\/h2>\n<div class=\"mc-column content-text active-extra-styles \" data-block-type=\"unstyled\" data-block-weight=\"25\" data-block-id=\"2\">\n<p class=\"content-text__container \" style=\"text-align: justify;\" data-track-category=\"Link no Texto\" data-track-links=\"\">Um lobo-guar\u00e1 foi solto no Parque Estadual do Rio do Peixe, em\u00a0<a href=\"https:\/\/g1.globo.com\/sp\/presidente-prudente-regiao\/cidade\/ouro-verde-sp\/\">Ouro Verde (SP)<\/a>, na manh\u00e3 desta ter\u00e7a-feira (26), pela Pol\u00edcia Militar Ambiental.<\/p>\n<\/div>\n<div class=\"wall protected-content\">\n<div class=\"mc-column content-text active-extra-styles \" style=\"text-align: justify;\" data-block-type=\"unstyled\" data-block-weight=\"25\" data-block-id=\"3\">\n<p class=\"content-text__container \" data-track-category=\"Link no Texto\" data-track-links=\"\">De acordo com a pol\u00edcia, o animal foi encontrado em um posto de sa\u00fade, em\u00a0<a href=\"https:\/\/g1.globo.com\/sp\/presidente-prudente-regiao\/cidade\/panorama\/\">Panorama (SP)<\/a>, e foi capturado pelo Corpo de Bombeiros. Posteriormente, o animal foi devolvido \u00e0 natureza<\/p>\n<\/div>\n<div class=\"mc-column content-text active-extra-styles \" style=\"text-align: justify;\" data-block-type=\"unstyled\" data-block-weight=\"15\" data-block-id=\"5\">\n<p class=\"content-text__container \" data-track-category=\"Link no Texto\" data-track-links=\"\">A pol\u00edcia informou que o animal n\u00e3o apresentava nenhum ferimento e encontrava-se bem de sa\u00fade.<\/p>\n<\/div>\n<div class=\"mc-column content-text active-extra-styles \" data-block-type=\"unstyled\" data-block-weight=\"26\" data-block-id=\"6\">\n<p class=\"content-text__container \" style=\"text-align: justify;\" data-track-category=\"Link no Texto\" data-track-links=\"\">A soltura em\u00a0<em>habitat\u00a0<\/em>natural no Parque Estadual do Rio do Peixe, al\u00e9m dos militares, tamb\u00e9m contou com a participa\u00e7\u00e3o de vigilantes da unidade de conserva\u00e7\u00e3o.<\/p>\n<p data-track-category=\"Link no Texto\" data-track-links=\"\"><img loading=\"lazy\" decoding=\"async\" class=\"alignnone size-full wp-image-33584\" src=\"https:\/\/jorgezanoni.com.br\/2019\/wp-content\/uploads\/2020\/08\/lobo.jpg\" alt=\"\" width=\"540\" height=\"960\" srcset=\"https:\/\/jorgezanoni.com.br\/2019\/wp-content\/uploads\/2020\/08\/lobo.jpg 540w, https:\/\/jorgezanoni.com.br\/2019\/wp-content\/uploads\/2020\/08\/lobo-169x300.jpg 169w, https:\/\/jorgezanoni.com.br\/2019\/wp-content\/uploads\/2020\/08\/lobo-236x420.jpg 236w\" sizes=\"auto, (max-width: 540px) 100vw, 540px\" \/> <img loading=\"lazy\" decoding=\"async\" class=\"alignnone size-full wp-image-33585\" src=\"https:\/\/jorgezanoni.com.br\/2019\/wp-content\/uploads\/2020\/08\/lobo1.jpg\" alt=\"\" width=\"540\" height=\"960\" srcset=\"https:\/\/jorgezanoni.com.br\/2019\/wp-content\/uploads\/2020\/08\/lobo1.jpg 540w, https:\/\/jorgezanoni.com.br\/2019\/wp-content\/uploads\/2020\/08\/lobo1-169x300.jpg 169w, https:\/\/jorgezanoni.com.br\/2019\/wp-content\/uploads\/2020\/08\/lobo1-236x420.jpg 236w\" sizes=\"auto, (max-width: 540px) 100vw, 540px\" \/><\/p>\n<p data-track-category=\"Link no Texto\" data-track-links=\"\">Fonte: G1 e PMA.<\/p>\n<p data-track-category=\"Link no Texto\" data-track-links=\"\">\n<\/div>\n<\/div>\n<p>&nbsp;<\/p>\n<p>&nbsp;<\/p>\n","protected":false},"excerpt":{"rendered":"<p>Equipe de Bombeiros de Dracena capturou o animal por volta de 04:00 Horas da manh\u00e3 em um Posto de Sa\u00fade de Panorama. Fotos cedidas\/Corpo de Bombeiros Amea\u00e7ado de extin\u00e7\u00e3o, lobo-guar\u00e1 encontrado em posto de sa\u00fade de Panorama \u00e9 devolvido \u00e0 natureza em Ouro Verde. VEJA O V\u00cdDEO: Animal foi capturado em Panorama e solto, na [&hellip;]<\/p>\n","protected":false},"author":1,"featured_media":33580,"comment_status":"closed","ping_status":"open","sticky":false,"template":"","format":"video","meta":{"footnotes":""},"categories":[176,110,169],"tags":[],"class_list":["post-33579","post","type-post","status-publish","format-video","has-post-thumbnail","hentry","category-meioambienteeagricultura","category-noticiasdestaque","category-videos","post_format-post-format-video"],"_links":{"self":[{"href":"https:\/\/jorgezanoni.com.br\/2019\/wp-json\/wp\/v2\/posts\/33579","targetHints":{"allow":["GET"]}}],"collection":[{"href":"https:\/\/jorgezanoni.com.br\/2019\/wp-json\/wp\/v2\/posts"}],"about":[{"href":"https:\/\/jorgezanoni.com.br\/2019\/wp-json\/wp\/v2\/types\/post"}],"author":[{"embeddable":true,"href":"https:\/\/jorgezanoni.com.br\/2019\/wp-json\/wp\/v2\/users\/1"}],"replies":[{"embeddable":true,"href":"https:\/\/jorgezanoni.com.br\/2019\/wp-json\/wp\/v2\/comments?post=33579"}],"version-history":[{"count":0,"href":"https:\/\/jorgezanoni.com.br\/2019\/wp-json\/wp\/v2\/posts\/33579\/revisions"}],"wp:featuredmedia":[{"embeddable":true,"href":"https:\/\/jorgezanoni.com.br\/2019\/wp-json\/wp\/v2\/media\/33580"}],"wp:attachment":[{"href":"https:\/\/jorgezanoni.com.br\/2019\/wp-json\/wp\/v2\/media?parent=33579"}],"wp:term":[{"taxonomy":"category","embeddable":true,"href":"https:\/\/jorgezanoni.com.br\/2019\/wp-json\/wp\/v2\/categories?post=33579"},{"taxonomy":"post_tag","embeddable":true,"href":"https:\/\/jorgezanoni.com.br\/2019\/wp-json\/wp\/v2\/tags?post=33579"}],"curies":[{"name":"wp","href":"https:\/\/api.w.org\/{rel}","templated":true}]}}