{"id":33576,"date":"2020-08-26T23:34:40","date_gmt":"2020-08-26T23:34:40","guid":{"rendered":"https:\/\/jorgezanoni.com.br\/2019\/?p=33576"},"modified":"2020-08-26T23:34:40","modified_gmt":"2020-08-26T23:34:40","slug":"quatro-atletas-do-dracena-testam-positivo-para-a-covid-19","status":"publish","type":"post","link":"https:\/\/jorgezanoni.com.br\/2019\/quatro-atletas-do-dracena-testam-positivo-para-a-covid-19\/","title":{"rendered":"Quatro atletas do Dracena testam positivo para a Covid-19"},"content":{"rendered":"<h2 class=\"content-head__subtitle\" style=\"text-align: justify;\"><strong>Resultados sa\u00edram no come\u00e7o da tarde desta quarta-feira; treinos est\u00e3o suspensos.<\/strong><\/h2>\n<div class=\"mc-column content-text active-extra-styles active-capital-letter\" data-block-type=\"unstyled\" data-block-weight=\"24\" data-block-id=\"1\">\n<p class=\"content-text__container theme-color-primary-first-letter\" style=\"text-align: justify;\" data-track-category=\"Link no Texto\" data-track-links=\"\">Quatro atletas do Dracena testaram positivo para a Covid-19. Os resultados sa\u00edram no come\u00e7o da tarde desta quarta-feira (26). Os nomes n\u00e3o foram divulgados.<\/p>\n<\/div>\n<div class=\"wall protected-content\">\n<div class=\"mc-column content-text active-extra-styles \" style=\"text-align: justify;\" data-block-type=\"unstyled\" data-block-weight=\"40\" data-block-id=\"2\">\n<p class=\"content-text__container \" data-track-category=\"Link no Texto\" data-track-links=\"\">Segundo a assessoria de imprensa, seis integrantes do time foram submetidos a testes r\u00e1pidos durante a manh\u00e3, como parte do protocolo aprovado para o in\u00edcio da Liga Nacional de Futsal (LNF). O restante do grupo ser\u00e1 testado nesta quinta (27).<\/p>\n<\/div>\n<div class=\"row medium-uncollapsed content-media content-photo\" style=\"text-align: justify;\" data-block-type=\"backstage-photo\" data-block-id=\"3\">\n<div class=\"mc-column content-media__container\">\n<figure><img decoding=\"async\" class=\"i-amphtml-fill-content i-amphtml-replaced-content\" src=\"https:\/\/s2.glbimg.com\/A0jDsoL6tsstMUv69UoWvQsuIOA=\/86x102:1164x720\/984x0\/smart\/filters:strip_icc()\/i.s3.glbimg.com\/v1\/AUTH_bc8228b6673f488aa253bbcb03c80ec5\/internal_photos\/bs\/2020\/r\/R\/uwUE6rTs6PAX1M7SSiSQ\/divulg-2.jpg\" sizes=\"(max-width: 1366px) 648px, 100vw\" srcset=\"https:\/\/s2.glbimg.com\/jYTk2LGkAWgchdHtQPcEBqi1r08=\/86x102:1164x720\/1000x0\/smart\/filters:strip_icc()\/i.s3.glbimg.com\/v1\/AUTH_bc8228b6673f488aa253bbcb03c80ec5\/internal_photos\/bs\/2020\/r\/R\/uwUE6rTs6PAX1M7SSiSQ\/divulg-2.jpg 1000w, https:\/\/s2.glbimg.com\/A0jDsoL6tsstMUv69UoWvQsuIOA=\/86x102:1164x720\/984x0\/smart\/filters:strip_icc()\/i.s3.glbimg.com\/v1\/AUTH_bc8228b6673f488aa253bbcb03c80ec5\/internal_photos\/bs\/2020\/r\/R\/uwUE6rTs6PAX1M7SSiSQ\/divulg-2.jpg 984w, https:\/\/s2.glbimg.com\/4qSYRj9Neibcua0gluKvqqvsIUM=\/86x102:1164x720\/640x0\/smart\/filters:strip_icc()\/i.s3.glbimg.com\/v1\/AUTH_bc8228b6673f488aa253bbcb03c80ec5\/internal_photos\/bs\/2020\/r\/R\/uwUE6rTs6PAX1M7SSiSQ\/divulg-2.jpg 640w, https:\/\/s2.glbimg.com\/hX0evny1ClaIfppTiMO_s83tXdM=\/86x102:1164x720\/600x0\/smart\/filters:strip_icc()\/i.s3.glbimg.com\/v1\/AUTH_bc8228b6673f488aa253bbcb03c80ec5\/internal_photos\/bs\/2020\/r\/R\/uwUE6rTs6PAX1M7SSiSQ\/divulg-2.jpg 600w\" alt=\"Dracenenses treinavam desde a \u00faltima segunda-feira (24) em Andradina \u2014 Foto: Dracena Futsal\/Divulga\u00e7\u00e3o\" \/><\/figure>\n<p class=\"content-media__description \">Dracenenses treinavam desde a \u00faltima segunda-feira (24) em Andradina \u2014 Foto: Dracena Futsal\/Divulga\u00e7\u00e3o<\/p>\n<\/div>\n<\/div>\n<div class=\"mc-column content-text active-extra-styles \" style=\"text-align: justify;\" data-block-type=\"unstyled\" data-block-weight=\"34\" data-block-id=\"4\">\n<p class=\"content-text__container \" data-track-category=\"Link no Texto\" data-track-links=\"\">A diretoria dracenense suspendeu os treinos, que estavam sendo realizados em Andradina, a cerca de 80km de Dracena. E vai esperar o restante do elenco passar pela testagem para decidir os pr\u00f3ximos passos.<\/p>\n<\/div>\n<div class=\"mc-column content-text active-extra-styles \" style=\"text-align: justify;\" data-block-type=\"unstyled\" data-block-weight=\"31\" data-block-id=\"5\">\n<p class=\"content-text__container \" data-track-category=\"Link no Texto\" data-track-links=\"\">Por enquanto, a estreia segue marcada para domingo (30), \u00e0s 11h15, contra o Sorocaba, em Votorantim. Os jogadores que testaram positivo est\u00e3o assintom\u00e1ticos. Eles foram isolados e come\u00e7aram a cumprir quarentena.<\/p>\n<\/div>\n<div class=\"mc-column content-text active-extra-styles \" style=\"text-align: justify;\" data-block-type=\"unstyled\" data-block-weight=\"28\" data-block-id=\"6\">\n<p class=\"content-text__container \" data-track-category=\"Link no Texto\" data-track-links=\"\"><a href=\"https:\/\/globoesporte.globo.com\/sp\/presidente-prudente-regiao\/futsal\/noticia\/angustia-e-balde-de-agua-fria-veja-como-o-dracena-recebeu-a-noticia-dos-testes-positivos-para-covid-19.ghtml\">+ Ang\u00fastia e balde de \u00e1gua fria: veja como o Dracena recebeu a not\u00edcia dos testes positivos para Covid-19<\/a><\/p>\n<p class=\"content-text__container \" data-track-category=\"Link no Texto\" data-track-links=\"\"><span style=\"color: #111111; font-family: Roboto, sans-serif; font-size: 27px;\">Antes disso<\/span><\/p>\n<\/div>\n<div class=\"mc-column content-text active-extra-styles \" data-block-type=\"unstyled\" data-block-weight=\"62\" data-block-id=\"8\">\n<p class=\"content-text__container \" style=\"text-align: justify;\" data-track-category=\"Link no Texto\" data-track-links=\"\">O Dracena retomou a pr\u00e9-temporada\u00a0<a href=\"https:\/\/globoesporte.globo.com\/sp\/presidente-prudente-regiao\/futsal\/noticia\/dracena-retoma-pre-temporada-com-treino-em-campo-de-futebol.ghtml\">em 10 de junho<\/a>, com trabalhos de forma improvisada em um campo particular de futebol e cuidados quanto \u00e0 pandemia, como a divis\u00e3o do grupo e uso de m\u00e1scaras. Antes da pausa,\u00a0<a href=\"https:\/\/globoesporte.globo.com\/sp\/presidente-prudente-regiao\/futsal\/noticia\/dracena-e-o-2o-time-profissional-do-oeste-paulista-a-interromper-os-treinos-por-conta-do-coronavirus.ghtml\">a \u00faltima atividade<\/a>\u00a0foi realizada no dia 19 de mar\u00e7o.\u00a0<a href=\"https:\/\/globoesporte.globo.com\/sp\/presidente-prudente-regiao\/futsal\/noticia\/dracena-transfere-treinos-para-andradina-e-trabalhos-em-quadra-voltam-apos-158-dias.ghtml\">O reencontro oficial com as quadras<\/a>\u00a0se deu nesta semana e\u00a0<a href=\"https:\/\/globoesporte.globo.com\/sp\/presidente-prudente-regiao\/futsal\/noticia\/ala-marcelinho-ve-grupo-do-dracena-feliz-por-voltar-as-quadras-e-em-processo-de-readaptacao.ghtml\">deixou os jogadores felizes<\/a>.<\/p>\n<p style=\"text-align: justify;\" data-track-category=\"Link no Texto\" data-track-links=\"\">Fonte: https:\/\/globoesporte.globo.com\/<\/p>\n<\/div>\n<\/div>\n","protected":false},"excerpt":{"rendered":"<p>Resultados sa\u00edram no come\u00e7o da tarde desta quarta-feira; treinos est\u00e3o suspensos. Quatro atletas do Dracena testaram positivo para a Covid-19. Os resultados sa\u00edram no come\u00e7o da tarde desta quarta-feira (26). Os nomes n\u00e3o foram divulgados. Segundo a assessoria de imprensa, seis integrantes do time foram submetidos a testes r\u00e1pidos durante a manh\u00e3, como parte do [&hellip;]<\/p>\n","protected":false},"author":1,"featured_media":33577,"comment_status":"closed","ping_status":"open","sticky":false,"template":"","format":"standard","meta":{"footnotes":""},"categories":[111,110],"tags":[],"class_list":["post-33576","post","type-post","status-publish","format-standard","has-post-thumbnail","hentry","category-esporteecultura","category-noticiasdestaque"],"_links":{"self":[{"href":"https:\/\/jorgezanoni.com.br\/2019\/wp-json\/wp\/v2\/posts\/33576","targetHints":{"allow":["GET"]}}],"collection":[{"href":"https:\/\/jorgezanoni.com.br\/2019\/wp-json\/wp\/v2\/posts"}],"about":[{"href":"https:\/\/jorgezanoni.com.br\/2019\/wp-json\/wp\/v2\/types\/post"}],"author":[{"embeddable":true,"href":"https:\/\/jorgezanoni.com.br\/2019\/wp-json\/wp\/v2\/users\/1"}],"replies":[{"embeddable":true,"href":"https:\/\/jorgezanoni.com.br\/2019\/wp-json\/wp\/v2\/comments?post=33576"}],"version-history":[{"count":0,"href":"https:\/\/jorgezanoni.com.br\/2019\/wp-json\/wp\/v2\/posts\/33576\/revisions"}],"wp:featuredmedia":[{"embeddable":true,"href":"https:\/\/jorgezanoni.com.br\/2019\/wp-json\/wp\/v2\/media\/33577"}],"wp:attachment":[{"href":"https:\/\/jorgezanoni.com.br\/2019\/wp-json\/wp\/v2\/media?parent=33576"}],"wp:term":[{"taxonomy":"category","embeddable":true,"href":"https:\/\/jorgezanoni.com.br\/2019\/wp-json\/wp\/v2\/categories?post=33576"},{"taxonomy":"post_tag","embeddable":true,"href":"https:\/\/jorgezanoni.com.br\/2019\/wp-json\/wp\/v2\/tags?post=33576"}],"curies":[{"name":"wp","href":"https:\/\/api.w.org\/{rel}","templated":true}]}}