{"id":33552,"date":"2020-08-26T16:29:50","date_gmt":"2020-08-26T16:29:50","guid":{"rendered":"https:\/\/jorgezanoni.com.br\/2019\/?p=33552"},"modified":"2020-08-26T16:29:50","modified_gmt":"2020-08-26T16:29:50","slug":"rotary-club-sul-lancara-projeto-mundial-em-prol-do-hrcpp","status":"publish","type":"post","link":"https:\/\/jorgezanoni.com.br\/2019\/rotary-club-sul-lancara-projeto-mundial-em-prol-do-hrcpp\/","title":{"rendered":"Rotary Club Sul lan\u00e7ar\u00e1 projeto Mundial em prol do HRCPP"},"content":{"rendered":"<p style=\"font-weight: 400; text-align: justify;\"><em>R<\/em><em>epresentantes do Rotary Club Presidente Prudente Sul lan\u00e7ar\u00e3o um projeto mundial em prol do Hospital Regional do C\u00e2ncer de Presidente Prudente (HRCPP) para a aquisi\u00e7\u00e3o da avan\u00e7ada tecnologia da radiocirurgia, tratamento menos invasivo que at\u00e9 ent\u00e3o s\u00f3 \u00e9 oferecido em Barretos ou grandes centros como S\u00e3o Paulo.<\/em><\/p>\n<p style=\"font-weight: 400; text-align: justify;\">Na manh\u00e3 do \u00faltimo s\u00e1bado (22), Jair Bernardi, Yoshihiro Tomyoshi, Wagner Hatisuka e Regis Assad \u2013 representantes do Rotary \u2013 se reuniram com Francelino Magalh\u00e3es, presidente do HRCPP, Bruna Minotti, f\u00edsica m\u00e9dica e coordenadora da Radioterapia, e Jos\u00e9 Roberto Cust\u00f3dio Garcia e Mayara Moraes, gerentes do HRCPP, para acertar mais detalhes sobre a cria\u00e7\u00e3o do projeto que permitir\u00e1 a implementa\u00e7\u00e3o \u00a0da avan\u00e7ada t\u00e9cnica de radiocirurgia no hospital, avaliada em cerca de 540 mil d\u00f3lares, por meio do upgrade do acelerador linear \u2013 aparelho de radioterapia \u2013 da institui\u00e7\u00e3o.<\/p>\n<p style=\"font-weight: 400; text-align: justify;\"><strong>Benef\u00edcios<\/strong><\/p>\n<p style=\"font-weight: 400; text-align: justify;\">Dentre os assuntos abordados em reuni\u00e3o, os participantes discutiram os benef\u00edcios da implementa\u00e7\u00e3o dessa nova modalidade de tratamento para a comunidade. Segundo Bruna, trata-se de uma t\u00e9cnica de tratamento precisa e n\u00e3o invasiva, que envolve a aplica\u00e7\u00e3o de altas doses de radia\u00e7\u00e3o em pequenas fra\u00e7\u00f5es.<\/p>\n<p style=\"font-weight: 400; text-align: justify;\">\u201cAtualmente, atendemos 50 pacientes diariamente. Com a implementa\u00e7\u00e3o da radiocirurgia, poderemos expandir o tratamento para especialidades que n\u00e3o atendemos atualmente, justamente por n\u00e3o possuirmos a radiocirurgia. Precisamos dessa nova t\u00e9cnica para evitar a evas\u00e3o dos pacientes para outros centros, possibilitando o tratamento integrado em um s\u00f3 local\u201d, afirmou Bruna.<\/p>\n<p style=\"font-weight: 400; text-align: justify;\">A coordenadora tamb\u00e9m explicou que o acelerador linear conta com a t\u00e9cnica do IMRT, a Radioterapia de Intensidade Modulada.<\/p>\n<p style=\"font-weight: 400; text-align: justify;\">\u201cTrata-se de uma avan\u00e7ada modalidade de tratamento altamente preciso que permite administrar altas doses de radia\u00e7\u00e3o aos volumes-alvos, minimizando as doses nos tecidos normais adjacentes de forma muito eficaz\u201d, explica Bruna.<\/p>\n<p style=\"font-weight: 400; text-align: justify;\">A f\u00edsica m\u00e9dica explicou que o IMRT j\u00e1 \u00e9 um \u201cupgrade\u201d e que a implementa\u00e7\u00e3o da radiocirurgia permitir\u00e1 que o equipamento chegue ao seu n\u00edvel m\u00e1ximo de atua\u00e7\u00e3o. Dessa forma, os pacientes da regi\u00e3o contar\u00e3o com tratamento de alta qualidade e tecnologia.<\/p>\n<p style=\"font-weight: 400; text-align: justify;\"><strong>Pr\u00f3ximos passos<\/strong><\/p>\n<p style=\"font-weight: 400; text-align: justify;\">Agora, o Rotary Club de Presidente Prudente Sul ir\u00e1 elaborar um projeto, buscar um parceiro internacional e pleitear a aprova\u00e7\u00e3o junto \u00e0 Funda\u00e7\u00e3o Rot\u00e1ria.<\/p>\n<p style=\"font-weight: 400; text-align: justify;\"><strong>LEGENDAS<\/strong><\/p>\n<p style=\"font-weight: 400; text-align: justify;\">08.jpg \u2013 Rotarianos conheceram o aparelho de radioterapia do HRCPP, o acelerador linear &#8211; Foto: Amanda Albuquerque\/Assessoria de Imprensa HRCPP<\/p>\n<p style=\"font-weight: 400; text-align: justify;\">01.jpg \u2013 Segundo encontro entre Rotary e HRCPP acertou detalhes sobre o projeto &#8211; Foto: Amanda Albuquerque\/Assessoria de Imprensa HRCPP<\/p>\n<p style=\"font-weight: 400; text-align: justify;\">07.jpg \u2013 Rotarianos e Bruna Minotti, coordenadora do setor de radioterapia, durante visita ao local &#8211; Foto: Amanda Albuquerque\/Assessoria de Imprensa HRCPP<\/p>\n<p style=\"font-weight: 400; text-align: justify;\"><strong>Link para as fotos em alta qualidade<\/strong>:\u00a0<a href=\"https:\/\/we.tl\/t-H5TxYnGfq5\">https:\/\/we.tl\/t-H5TxYnGfq5<\/a><\/p>\n<p style=\"font-weight: 400; text-align: justify;\"><img loading=\"lazy\" decoding=\"async\" class=\"alignnone size-full wp-image-33553\" src=\"https:\/\/jorgezanoni.com.br\/2019\/wp-content\/uploads\/2020\/08\/hospital-2.jpg\" alt=\"\" width=\"513\" height=\"176\" srcset=\"https:\/\/jorgezanoni.com.br\/2019\/wp-content\/uploads\/2020\/08\/hospital-2.jpg 513w, https:\/\/jorgezanoni.com.br\/2019\/wp-content\/uploads\/2020\/08\/hospital-2-300x103.jpg 300w\" sizes=\"auto, (max-width: 513px) 100vw, 513px\" \/><\/p>\n","protected":false},"excerpt":{"rendered":"<p>Representantes do Rotary Club Presidente Prudente Sul lan\u00e7ar\u00e3o um projeto mundial em prol do Hospital Regional do C\u00e2ncer de Presidente Prudente (HRCPP) para a aquisi\u00e7\u00e3o da avan\u00e7ada tecnologia da radiocirurgia, tratamento menos invasivo que at\u00e9 ent\u00e3o s\u00f3 \u00e9 oferecido em Barretos ou grandes centros como S\u00e3o Paulo. Na manh\u00e3 do \u00faltimo s\u00e1bado (22), Jair Bernardi, [&hellip;]<\/p>\n","protected":false},"author":1,"featured_media":33555,"comment_status":"closed","ping_status":"open","sticky":false,"template":"","format":"standard","meta":{"footnotes":""},"categories":[110,118,196],"tags":[],"class_list":["post-33552","post","type-post","status-publish","format-standard","has-post-thumbnail","hentry","category-noticiasdestaque","category-religiaoesolidariedade","category-santamercedes"],"_links":{"self":[{"href":"https:\/\/jorgezanoni.com.br\/2019\/wp-json\/wp\/v2\/posts\/33552","targetHints":{"allow":["GET"]}}],"collection":[{"href":"https:\/\/jorgezanoni.com.br\/2019\/wp-json\/wp\/v2\/posts"}],"about":[{"href":"https:\/\/jorgezanoni.com.br\/2019\/wp-json\/wp\/v2\/types\/post"}],"author":[{"embeddable":true,"href":"https:\/\/jorgezanoni.com.br\/2019\/wp-json\/wp\/v2\/users\/1"}],"replies":[{"embeddable":true,"href":"https:\/\/jorgezanoni.com.br\/2019\/wp-json\/wp\/v2\/comments?post=33552"}],"version-history":[{"count":0,"href":"https:\/\/jorgezanoni.com.br\/2019\/wp-json\/wp\/v2\/posts\/33552\/revisions"}],"wp:featuredmedia":[{"embeddable":true,"href":"https:\/\/jorgezanoni.com.br\/2019\/wp-json\/wp\/v2\/media\/33555"}],"wp:attachment":[{"href":"https:\/\/jorgezanoni.com.br\/2019\/wp-json\/wp\/v2\/media?parent=33552"}],"wp:term":[{"taxonomy":"category","embeddable":true,"href":"https:\/\/jorgezanoni.com.br\/2019\/wp-json\/wp\/v2\/categories?post=33552"},{"taxonomy":"post_tag","embeddable":true,"href":"https:\/\/jorgezanoni.com.br\/2019\/wp-json\/wp\/v2\/tags?post=33552"}],"curies":[{"name":"wp","href":"https:\/\/api.w.org\/{rel}","templated":true}]}}