{"id":33548,"date":"2020-08-26T16:12:31","date_gmt":"2020-08-26T16:12:31","guid":{"rendered":"https:\/\/jorgezanoni.com.br\/2019\/?p=33548"},"modified":"2020-08-26T16:12:31","modified_gmt":"2020-08-26T16:12:31","slug":"liga-academica-de-patologia-de-dracena-completa-seu-primeiro-ano","status":"publish","type":"post","link":"https:\/\/jorgezanoni.com.br\/2019\/liga-academica-de-patologia-de-dracena-completa-seu-primeiro-ano\/","title":{"rendered":"Liga Acad\u00eamica de Patologia de Dracena completa seu primeiro ano"},"content":{"rendered":"<p dir=\"ltr\" style=\"text-align: justify;\">A Liga Acad\u00eamica de Patologia de Dracena (LAPAD) completou seu primeiro ano de exist\u00eancia no m\u00eas de agosto. A Liga \u00e9 composta por alunos e docentes do curso de Medicina da Unifadra\/Fundec de Dracena e tem como preceptor respons\u00e1vel o Prof. Dr. Jos\u00e9 Burgos Ponce.<br \/>\nA coordenadora de Medicina da Unifadra Profa. Dra. Marilda Morgado de Abreu explicou que uma liga acad\u00eamica \u00e9 uma associa\u00e7\u00e3o civil e cient\u00edfica livre, de dura\u00e7\u00e3o indeterminada, sem fins lucrativos, com sede e foro na cidade da institui\u00e7\u00e3o de ensino que a abriga, que visa complementar a forma\u00e7\u00e3o acad\u00eamica em uma \u00e1rea espec\u00edfica, por meio de atividades que atendam os princ\u00edpios do trip\u00e9 universit\u00e1rio de ensino, pesquisa e extens\u00e3o.<\/p>\n<p style=\"text-align: justify;\"><span id=\"gmail-docs-internal-guid-93b6bdd9-7fff-0095-0248-42c22a5f51c2\">O diretor acad\u00eamico da Unifadra prof. Dr. Enio Garbelini parabenizou os integrantes da Liga por esse ano de atividades. &#8220;Iniciativas como essa s\u00e3o essenciais para que os estudantes tenham ainda mais qualifica\u00e7\u00e3o para o exerc\u00edcio da profiss\u00e3o e para contribui\u00e7\u00f5es com a Medicina do Pa\u00eds&#8221;, comentou o diretor.<br \/>\nO aluno do 4\u00ba termo de Medicina da Unifadra Leonardo Medeiros, presidente da Liga, ressaltou que, em 2019, a LAPAD organizou o I Simp\u00f3sio de Patologia da regi\u00e3o, com a presen\u00e7a do Prof. Dr. Geraldo Brasileiro Filho, refer\u00eancia nacional na \u00e1rea, al\u00e9m da participa\u00e7\u00e3o de alunos, docentes e do p\u00fablico acad\u00eamico regional. &#8220;Durante a pandemia, continuamos com nossas reuni\u00f5es mensais on-line. Gostar\u00edamos de agradecer toda a diretoria, nosso preceptor Dr. Jos\u00e9 Burgos Ponce e os ligantes que acompanharam as atividades da liga e aprenderam em conjunto conosco durante o percurso! Preparamos uma programa\u00e7\u00e3o especial de anivers\u00e1rio que ser\u00e1 divulgada em breve&#8221;, comentou. Leonardo acrescentou que divulgam informa\u00e7\u00f5es em Sa\u00fade e na \u00e1rea de patologia por meio do Instagram: @lapaddracena e do Facebook: LAPAD .<\/span><\/p>\n<div style=\"text-align: justify;\"><img loading=\"lazy\" decoding=\"async\" class=\"alignnone size-full wp-image-33549\" src=\"https:\/\/jorgezanoni.com.br\/2019\/wp-content\/uploads\/2020\/08\/pato.jpg\" alt=\"\" width=\"1280\" height=\"960\" srcset=\"https:\/\/jorgezanoni.com.br\/2019\/wp-content\/uploads\/2020\/08\/pato.jpg 1280w, https:\/\/jorgezanoni.com.br\/2019\/wp-content\/uploads\/2020\/08\/pato-300x225.jpg 300w, https:\/\/jorgezanoni.com.br\/2019\/wp-content\/uploads\/2020\/08\/pato-1024x768.jpg 1024w, https:\/\/jorgezanoni.com.br\/2019\/wp-content\/uploads\/2020\/08\/pato-768x576.jpg 768w, https:\/\/jorgezanoni.com.br\/2019\/wp-content\/uploads\/2020\/08\/pato-80x60.jpg 80w, https:\/\/jorgezanoni.com.br\/2019\/wp-content\/uploads\/2020\/08\/pato-265x198.jpg 265w, https:\/\/jorgezanoni.com.br\/2019\/wp-content\/uploads\/2020\/08\/pato-696x522.jpg 696w, https:\/\/jorgezanoni.com.br\/2019\/wp-content\/uploads\/2020\/08\/pato-1068x801.jpg 1068w, https:\/\/jorgezanoni.com.br\/2019\/wp-content\/uploads\/2020\/08\/pato-560x420.jpg 560w\" sizes=\"auto, (max-width: 1280px) 100vw, 1280px\" \/><\/div>\n<div style=\"text-align: justify;\">Foto001: Liga de Patologia de Dracena na Unifadra.<\/div>\n<div style=\"text-align: justify;\">Foto003: Encontros continuaram on-line durante a pandemia.<\/div>\n<p style=\"text-align: justify;\">\n<p style=\"text-align: justify;\"><b>Carolina Colnago<\/b><\/p>\n<div class=\"gmail_signature\" dir=\"ltr\">\n<div dir=\"ltr\" style=\"text-align: justify;\"><b>Assistente de Comunica\u00e7\u00e3o\u00a0<\/b><br \/>\n<b>Funda\u00e7\u00e3o Dracenense de Educa\u00e7\u00e3o e Cultura<\/b><\/div>\n<\/div>\n","protected":false},"excerpt":{"rendered":"<p>A Liga Acad\u00eamica de Patologia de Dracena (LAPAD) completou seu primeiro ano de exist\u00eancia no m\u00eas de agosto. A Liga \u00e9 composta por alunos e docentes do curso de Medicina da Unifadra\/Fundec de Dracena e tem como preceptor respons\u00e1vel o Prof. Dr. Jos\u00e9 Burgos Ponce. A coordenadora de Medicina da Unifadra Profa. Dra. Marilda Morgado [&hellip;]<\/p>\n","protected":false},"author":1,"featured_media":33550,"comment_status":"closed","ping_status":"open","sticky":false,"template":"","format":"standard","meta":{"footnotes":""},"categories":[122],"tags":[],"class_list":["post-33548","post","type-post","status-publish","format-standard","has-post-thumbnail","hentry","category-saudeeducacaoeconcurso"],"_links":{"self":[{"href":"https:\/\/jorgezanoni.com.br\/2019\/wp-json\/wp\/v2\/posts\/33548","targetHints":{"allow":["GET"]}}],"collection":[{"href":"https:\/\/jorgezanoni.com.br\/2019\/wp-json\/wp\/v2\/posts"}],"about":[{"href":"https:\/\/jorgezanoni.com.br\/2019\/wp-json\/wp\/v2\/types\/post"}],"author":[{"embeddable":true,"href":"https:\/\/jorgezanoni.com.br\/2019\/wp-json\/wp\/v2\/users\/1"}],"replies":[{"embeddable":true,"href":"https:\/\/jorgezanoni.com.br\/2019\/wp-json\/wp\/v2\/comments?post=33548"}],"version-history":[{"count":0,"href":"https:\/\/jorgezanoni.com.br\/2019\/wp-json\/wp\/v2\/posts\/33548\/revisions"}],"wp:featuredmedia":[{"embeddable":true,"href":"https:\/\/jorgezanoni.com.br\/2019\/wp-json\/wp\/v2\/media\/33550"}],"wp:attachment":[{"href":"https:\/\/jorgezanoni.com.br\/2019\/wp-json\/wp\/v2\/media?parent=33548"}],"wp:term":[{"taxonomy":"category","embeddable":true,"href":"https:\/\/jorgezanoni.com.br\/2019\/wp-json\/wp\/v2\/categories?post=33548"},{"taxonomy":"post_tag","embeddable":true,"href":"https:\/\/jorgezanoni.com.br\/2019\/wp-json\/wp\/v2\/tags?post=33548"}],"curies":[{"name":"wp","href":"https:\/\/api.w.org\/{rel}","templated":true}]}}