{"id":33542,"date":"2020-08-26T15:14:28","date_gmt":"2020-08-26T15:14:28","guid":{"rendered":"https:\/\/jorgezanoni.com.br\/2019\/?p=33542"},"modified":"2020-08-26T15:14:28","modified_gmt":"2020-08-26T15:14:28","slug":"vestibular-de-inverno-dos-cursos-noturnos-unifadra-fundec-dracena-ultimos-dias-para-inscricoes","status":"publish","type":"post","link":"https:\/\/jorgezanoni.com.br\/2019\/vestibular-de-inverno-dos-cursos-noturnos-unifadra-fundec-dracena-ultimos-dias-para-inscricoes\/","title":{"rendered":"Vestibular de Inverno dos cursos noturnos Unifadra\/Fundec Dracena: \u00faltimos dias para inscri\u00e7\u00f5es"},"content":{"rendered":"<p dir=\"ltr\" style=\"text-align: justify;\">Em raz\u00e3o da pandemia, a institui\u00e7\u00e3o realizar\u00e1 o processo seletivo com agendamentos de provas individuais ou com a nota do ENEM.<\/p>\n<p>Devido \u00e0s incertezas causadas pela pandemia e para resguardar a sa\u00fade dos candidatos e de seus familiares, a faculdade Unifadra\/Fundec de Dracena realizar\u00e1 o Vestibular de Inverno dos cursos noturnos por meio de provas individuais agendadas ou utilizando a nota do ENEM.<\/p>\n<p dir=\"ltr\" style=\"text-align: justify;\">As provas s\u00e3o agendadas pela Secretaria Geral da Fundec em dias e hor\u00e1rios que permitam que os candidatos fa\u00e7am as provas sozinhos, evitando assim aglomera\u00e7\u00f5es. Os candidatos que optarem por utilizar o ENEM (Programa Proinf) ter\u00e3o sua classifica\u00e7\u00e3o de acordo com a nota do exame.<\/p>\n<p dir=\"ltr\" style=\"text-align: justify;\">As inscri\u00e7\u00f5es para este processo seletivo v\u00e3o at\u00e9 a pr\u00f3xima sexta-feira, dia 28 de agosto.<\/p>\n<p dir=\"ltr\" style=\"text-align: justify;\">Todas as informa\u00e7\u00f5es e inscri\u00e7\u00f5es est\u00e3o dispon\u00edveis no edital pelo link: <a href=\"https:\/\/fundec.edu.br\/vestibularagendado\" target=\"_blank\" rel=\"noopener noreferrer\">https:\/\/fundec.edu.br\/vestibularagendado<\/a> .<\/p>\n<p dir=\"ltr\" style=\"text-align: justify;\">Mais informa\u00e7\u00f5es: <a href=\"mailto:secretaria@fundec.edu.br\" rel=\"noreferrer\">secretaria@fundec.edu.br<\/a> ou (18) 3821-9009 (atendimento das 8h \u00e0s 17h).<span id=\"gmail-docs-internal-guid-f27df848-7fff-6bb4-ea38-a295b7e9c1ab\"><\/span><\/p>\n<div class=\"gmail_signature\" dir=\"ltr\">\n<div dir=\"ltr\" style=\"text-align: justify;\">Carolina Colnago<br \/>\nAssistente de Comunica\u00e7\u00e3o<br \/>\nFunda\u00e7\u00e3o Dracenense de Educa\u00e7\u00e3o e Cultura<\/div>\n<\/div>\n","protected":false},"excerpt":{"rendered":"<p>Em raz\u00e3o da pandemia, a institui\u00e7\u00e3o realizar\u00e1 o processo seletivo com agendamentos de provas individuais ou com a nota do ENEM. Devido \u00e0s incertezas causadas pela pandemia e para resguardar a sa\u00fade dos candidatos e de seus familiares, a faculdade Unifadra\/Fundec de Dracena realizar\u00e1 o Vestibular de Inverno dos cursos noturnos por meio de provas [&hellip;]<\/p>\n","protected":false},"author":1,"featured_media":33543,"comment_status":"closed","ping_status":"open","sticky":false,"template":"","format":"standard","meta":{"footnotes":""},"categories":[110,122],"tags":[],"class_list":["post-33542","post","type-post","status-publish","format-standard","has-post-thumbnail","hentry","category-noticiasdestaque","category-saudeeducacaoeconcurso"],"_links":{"self":[{"href":"https:\/\/jorgezanoni.com.br\/2019\/wp-json\/wp\/v2\/posts\/33542","targetHints":{"allow":["GET"]}}],"collection":[{"href":"https:\/\/jorgezanoni.com.br\/2019\/wp-json\/wp\/v2\/posts"}],"about":[{"href":"https:\/\/jorgezanoni.com.br\/2019\/wp-json\/wp\/v2\/types\/post"}],"author":[{"embeddable":true,"href":"https:\/\/jorgezanoni.com.br\/2019\/wp-json\/wp\/v2\/users\/1"}],"replies":[{"embeddable":true,"href":"https:\/\/jorgezanoni.com.br\/2019\/wp-json\/wp\/v2\/comments?post=33542"}],"version-history":[{"count":0,"href":"https:\/\/jorgezanoni.com.br\/2019\/wp-json\/wp\/v2\/posts\/33542\/revisions"}],"wp:featuredmedia":[{"embeddable":true,"href":"https:\/\/jorgezanoni.com.br\/2019\/wp-json\/wp\/v2\/media\/33543"}],"wp:attachment":[{"href":"https:\/\/jorgezanoni.com.br\/2019\/wp-json\/wp\/v2\/media?parent=33542"}],"wp:term":[{"taxonomy":"category","embeddable":true,"href":"https:\/\/jorgezanoni.com.br\/2019\/wp-json\/wp\/v2\/categories?post=33542"},{"taxonomy":"post_tag","embeddable":true,"href":"https:\/\/jorgezanoni.com.br\/2019\/wp-json\/wp\/v2\/tags?post=33542"}],"curies":[{"name":"wp","href":"https:\/\/api.w.org\/{rel}","templated":true}]}}