{"id":33534,"date":"2020-08-26T14:31:46","date_gmt":"2020-08-26T14:31:46","guid":{"rendered":"https:\/\/jorgezanoni.com.br\/2019\/?p=33534"},"modified":"2020-08-26T14:31:46","modified_gmt":"2020-08-26T14:31:46","slug":"alunos-de-enfermagem-da-unifadra-retomam-suas-atividades-praticas","status":"publish","type":"post","link":"https:\/\/jorgezanoni.com.br\/2019\/alunos-de-enfermagem-da-unifadra-retomam-suas-atividades-praticas\/","title":{"rendered":"Alunos de Enfermagem da Unifadra retomam suas atividades pr\u00e1ticas"},"content":{"rendered":"<p dir=\"ltr\" style=\"text-align: justify;\">Os alunos do curso de Enfermagem da Unifadra\/Fundec de Dracena retomaram suas atividades pr\u00e1ticas supervisionadas na \u00faltima semana, em conformidade com o Plano de Retomada do Estado de S\u00e3o Paulo, publicado em 07 de agosto de 2020. A Unifadra organizou o retorno dos est\u00e1gios curriculares supervisionados e das aulas pr\u00e1ticas zelando pela seguran\u00e7a e prote\u00e7\u00e3o dos estudantes e docentes supervisores, adotando protocolos sanit\u00e1rios r\u00edgidos frente \u00e0 pandemia da Covid-19.<br \/>\nA coordenadora do curso de Enfermagem da Unifadra Profa. Dra. Lilian Sossai Panicio explicou que os alunos foram devidamente capacitados e orientados, receberam os EPIs e foram divididos em pequenos grupos. Os acad\u00eamicos, organizados nesses pequenos grupos, voltaram a realizar suas atividades pr\u00e1ticas e est\u00e1gios na Santa Casa de Miseric\u00f3rdia de Dracena, nas Unidades B\u00e1sicas de Sa\u00fade (UBS) e na Unidade de Sa\u00fade da Fam\u00edlia (ESF) de Dracena.<\/p>\n<p dir=\"ltr\" style=\"text-align: justify;\">&#8220;A retomada das atividades curriculares pr\u00e1ticas e dos est\u00e1gios obrigat\u00f3rios s\u00e3o fundamentais para a forma\u00e7\u00e3o adequada dos acad\u00eamicos de Enfermagem. Esse retorno busca assegurar as aprendizagens previstas nas diretrizes curriculares do curso. Assim, al\u00e9m de adquirir os conhecimentos cient\u00edficos necess\u00e1rios, dar\u00e1 aos alunos a conscientiza\u00e7\u00e3o da responsabilidade social&#8221;, concluiu a coordenadora.<\/p>\n<p dir=\"ltr\" style=\"text-align: justify;\">O diretor acad\u00eamico da Unifadra Prof. Dr. Enio Garbelini explicou que, a partir da autoriza\u00e7\u00e3o do Governo do Estado de S\u00e3o Paulo, houve a possibilidade da retomada das atividades pr\u00e1ticas do curso. &#8220;Essa volta \u00e9 muito importante para a completa forma\u00e7\u00e3o do aluno. A partir do dia 24, os alunos de Medicina tamb\u00e9m retomar\u00e3o suas atividades pr\u00e1ticas seguindo as medidas de seguran\u00e7a&#8221;, finalizou o diretor.<span id=\"gmail-docs-internal-guid-05323328-7fff-ca4d-2c42-f0075405b446\"><\/span><\/p>\n<p dir=\"ltr\"><img loading=\"lazy\" decoding=\"async\" class=\"alignnone size-full wp-image-33536\" src=\"https:\/\/jorgezanoni.com.br\/2019\/wp-content\/uploads\/2020\/08\/alunos1.jpg\" alt=\"\" width=\"116\" height=\"240\" \/><\/p>\n<div style=\"text-align: justify;\">Fotos: Alunos da Unifadra nas atividades pr\u00e1ticas externas.<\/div>\n<div style=\"text-align: justify;\"><\/div>\n<div class=\"gmail_signature\" dir=\"ltr\">\n<div dir=\"ltr\" style=\"text-align: justify;\">Carolina Colnago<br \/>\nAssistente de Comunica\u00e7\u00e3o<br \/>\nFunda\u00e7\u00e3o Dracenense de Educa\u00e7\u00e3o e Cultura<\/div>\n<\/div>\n","protected":false},"excerpt":{"rendered":"<p>Os alunos do curso de Enfermagem da Unifadra\/Fundec de Dracena retomaram suas atividades pr\u00e1ticas supervisionadas na \u00faltima semana, em conformidade com o Plano de Retomada do Estado de S\u00e3o Paulo, publicado em 07 de agosto de 2020. A Unifadra organizou o retorno dos est\u00e1gios curriculares supervisionados e das aulas pr\u00e1ticas zelando pela seguran\u00e7a e prote\u00e7\u00e3o [&hellip;]<\/p>\n","protected":false},"author":1,"featured_media":33535,"comment_status":"closed","ping_status":"open","sticky":false,"template":"","format":"standard","meta":{"footnotes":""},"categories":[122],"tags":[],"class_list":["post-33534","post","type-post","status-publish","format-standard","has-post-thumbnail","hentry","category-saudeeducacaoeconcurso"],"_links":{"self":[{"href":"https:\/\/jorgezanoni.com.br\/2019\/wp-json\/wp\/v2\/posts\/33534","targetHints":{"allow":["GET"]}}],"collection":[{"href":"https:\/\/jorgezanoni.com.br\/2019\/wp-json\/wp\/v2\/posts"}],"about":[{"href":"https:\/\/jorgezanoni.com.br\/2019\/wp-json\/wp\/v2\/types\/post"}],"author":[{"embeddable":true,"href":"https:\/\/jorgezanoni.com.br\/2019\/wp-json\/wp\/v2\/users\/1"}],"replies":[{"embeddable":true,"href":"https:\/\/jorgezanoni.com.br\/2019\/wp-json\/wp\/v2\/comments?post=33534"}],"version-history":[{"count":0,"href":"https:\/\/jorgezanoni.com.br\/2019\/wp-json\/wp\/v2\/posts\/33534\/revisions"}],"wp:featuredmedia":[{"embeddable":true,"href":"https:\/\/jorgezanoni.com.br\/2019\/wp-json\/wp\/v2\/media\/33535"}],"wp:attachment":[{"href":"https:\/\/jorgezanoni.com.br\/2019\/wp-json\/wp\/v2\/media?parent=33534"}],"wp:term":[{"taxonomy":"category","embeddable":true,"href":"https:\/\/jorgezanoni.com.br\/2019\/wp-json\/wp\/v2\/categories?post=33534"},{"taxonomy":"post_tag","embeddable":true,"href":"https:\/\/jorgezanoni.com.br\/2019\/wp-json\/wp\/v2\/tags?post=33534"}],"curies":[{"name":"wp","href":"https:\/\/api.w.org\/{rel}","templated":true}]}}