{"id":33525,"date":"2020-08-26T14:09:44","date_gmt":"2020-08-26T14:09:44","guid":{"rendered":"https:\/\/jorgezanoni.com.br\/2019\/?p=33525"},"modified":"2020-08-26T14:10:26","modified_gmt":"2020-08-26T14:10:26","slug":"conexao-familiar-ja-supera-1-milhao-de-mensagens-trocadas-e-50-mil-visitas-virtuais","status":"publish","type":"post","link":"https:\/\/jorgezanoni.com.br\/2019\/conexao-familiar-ja-supera-1-milhao-de-mensagens-trocadas-e-50-mil-visitas-virtuais\/","title":{"rendered":"Conex\u00e3o familiar j\u00e1 supera 1 milh\u00e3o de mensagens trocadas e 50 mil visitas virtuais em pres\u00eddios"},"content":{"rendered":"<div>\n<p style=\"text-align: justify;\"><strong><span style=\"font-family: Calibri;\"><i><span lang=\"PT\">Pres\u00eddios da regi\u00e3o Oeste se destacaram no p<\/span><\/i><i><span lang=\"PT\">rojeto, que permite envio de cartas por e-mail e videochamadas para aproximar parentes e reeducandos.<\/span><\/i><\/span><span lang=\"PT\"><span style=\"font-family: Calibri;\">\u00a0<\/span><\/span><\/strong><\/p>\n<p style=\"text-align: justify;\"><span lang=\"PT\"><span style=\"font-family: Calibri;\">Desde o final de junho, o projeto &#8220;Conex\u00e3o Familiar&#8221; tem ajudado a minimizar a dist\u00e2ncia entre familiares e custodiados nas 176 unidades prisionais do Estado. Os n\u00fameros demonstram o sucesso da iniciativa: em quase dois meses, foram mais de 1 milh\u00e3o de mensagens trocadas &#8211; 580.142 recebidas e 505.080 enviadas -, al\u00e9m de 51.062 visitas virtuais realizadas nos pres\u00eddios.<\/span><\/span><span lang=\"PT\"><span style=\"font-family: Calibri;\">\u00a0<\/span><\/span><\/p>\n<p style=\"text-align: justify;\"><b><span lang=\"PT\"><span style=\"color: #000000; font-family: Calibri;\">Unidades da regi\u00e3o<\/span><\/span><\/b><\/p>\n<p style=\"text-align: justify;\"><span style=\"font-family: Calibri;\"><span lang=\"PT\">Dentre as seis coordenadorias existentes no Estado, a Coordenadoria de Unidades Prisionais da Regi\u00e3o Oeste (Croeste) \u00e9 a que mais entregou e recebeu cartas por e-mail atrav\u00e9s do\u00a0<\/span>C<span lang=\"PT\">onex\u00e3o Familiar. Foram recebidas 160.204 cartas, das quais j\u00e1 respondidas 142.502 de modo virtual aos familiares.<\/span><\/span><span lang=\"PT\"><span style=\"font-family: Calibri;\">\u00a0<\/span><\/span><\/p>\n<p style=\"text-align: justify;\"><span lang=\"PT\"><span style=\"font-family: Calibri;\">A Croeste tamb\u00e9m se destacou na realiza\u00e7\u00e3o de visitas virtuais de familiares nas 45 unidades prisionais de abrang\u00eancia,\u00a0\u00a0onde atingiu a marca de 12.470 visitas efetuadas, ficando atr\u00e1s apenas da regi\u00e3o Central que realizou 12.551 visitas . Al\u00e9m disso, possibilitou 25.726 teleaudi\u00eancias nestes pres\u00eddios, como meio de contato entre\u00a0\u00a0custodiados e ju\u00edzes, advogados, defensores p\u00fablicos e oficiais de justi\u00e7a.<\/span><\/span><span lang=\"PT\"><span style=\"font-family: Calibri;\">\u00a0<\/span><\/span><\/p>\n<p style=\"text-align: justify;\"><b><span lang=\"PT\"><span style=\"font-family: Calibri;\">Como funciona<\/span><\/span><\/b><\/p>\n<p style=\"text-align: justify;\"><span lang=\"PT\"><span style=\"font-family: Calibri;\">A primeira etapa do projeto possibilitou que visitantes pudessem mandar mensagens por meio de um formul\u00e1rio dispon\u00edvel no site da Secretaria da Administra\u00e7\u00e3o Penitenci\u00e1ria. Posteriormente, a resposta do parente preso retorna no e-mail da pessoa. Na segunda etapa, que come\u00e7ou no dia 22 de julho, foi poss\u00edvel ainda agendar as videochamadas por meio de um aplicativo.<\/span><\/span><span lang=\"PT\"><span style=\"font-family: Calibri;\">\u00a0<\/span><\/span><\/p>\n<p style=\"text-align: justify;\"><b><span lang=\"PT\"><span style=\"font-family: Calibri;\">Objetivo<\/span><\/span><\/b><\/p>\n<p style=\"text-align: justify;\"><span lang=\"PT\"><span style=\"font-family: Calibri;\">O Conex\u00e3o Familiar tem como meta diminuir os efeitos do isolamento com a manuten\u00e7\u00e3o dos la\u00e7os familiares das pessoas privadas de liberdade. Para o Secret\u00e1rio da Administra\u00e7\u00e3o Penitenci\u00e1ria, Coronel Nivaldo Cesar Restivo, a iniciativa \u00e9 &#8220;emergencial e tempor\u00e1ria&#8221;, em raz\u00e3o das restri\u00e7\u00f5es impostas pela pandemia de Covid-19. &#8220;H\u00e1 um esfor\u00e7o coletivo dos nossos funcion\u00e1rios para que a nova modalidade se desenvolva da melhor forma,&#8221;, salienta. Atualmente, existem 324 esta\u00e7\u00f5es de teleaud\u00eancia nas unidades para que o projeto ocorra. Outras 20 est\u00e3o sendo providenciadas.<\/span><\/span><span style=\"color: #000000; font-family: Calibri; font-size: medium;\">\u00a0<\/span><\/p>\n<p><img loading=\"lazy\" decoding=\"async\" class=\"alignnone size-full wp-image-33527\" src=\"https:\/\/jorgezanoni.com.br\/2019\/wp-content\/uploads\/2020\/08\/peni1.jpg\" alt=\"\" width=\"800\" height=\"600\" srcset=\"https:\/\/jorgezanoni.com.br\/2019\/wp-content\/uploads\/2020\/08\/peni1.jpg 800w, https:\/\/jorgezanoni.com.br\/2019\/wp-content\/uploads\/2020\/08\/peni1-300x225.jpg 300w, https:\/\/jorgezanoni.com.br\/2019\/wp-content\/uploads\/2020\/08\/peni1-768x576.jpg 768w, https:\/\/jorgezanoni.com.br\/2019\/wp-content\/uploads\/2020\/08\/peni1-80x60.jpg 80w, https:\/\/jorgezanoni.com.br\/2019\/wp-content\/uploads\/2020\/08\/peni1-265x198.jpg 265w, https:\/\/jorgezanoni.com.br\/2019\/wp-content\/uploads\/2020\/08\/peni1-696x522.jpg 696w, https:\/\/jorgezanoni.com.br\/2019\/wp-content\/uploads\/2020\/08\/peni1-560x420.jpg 560w\" sizes=\"auto, (max-width: 800px) 100vw, 800px\" \/><\/p>\n<\/div>\n<div>\n<div style=\"text-align: justify;\">Respeitosamente,<\/div>\n<div id=\"x_Signature\">\n<div><\/div>\n<div><img decoding=\"async\" class=\"x_EmojiInsert\" src=\"https:\/\/jorgezanoni.com.br:2096\/cpsess5296728538\/3rdparty\/roundcube\/?_task=mail&amp;_action=get&amp;_mbox=INBOX&amp;_uid=17085&amp;_token=W9lY0lynpPyeQ9RXMK4RWZV7AM9HsFoN&amp;_part=1.3&amp;_embed=1&amp;_mimeclass=image\" \/><\/div>\n<div><\/div>\n<div><\/div>\n<\/div>\n<\/div>\n","protected":false},"excerpt":{"rendered":"<p>Pres\u00eddios da regi\u00e3o Oeste se destacaram no projeto, que permite envio de cartas por e-mail e videochamadas para aproximar parentes e reeducandos.\u00a0 Desde o final de junho, o projeto &#8220;Conex\u00e3o Familiar&#8221; tem ajudado a minimizar a dist\u00e2ncia entre familiares e custodiados nas 176 unidades prisionais do Estado. Os n\u00fameros demonstram o sucesso da iniciativa: em [&hellip;]<\/p>\n","protected":false},"author":1,"featured_media":33526,"comment_status":"closed","ping_status":"open","sticky":false,"template":"","format":"standard","meta":{"footnotes":""},"categories":[114,110],"tags":[],"class_list":["post-33525","post","type-post","status-publish","format-standard","has-post-thumbnail","hentry","category-geralecomercio","category-noticiasdestaque"],"_links":{"self":[{"href":"https:\/\/jorgezanoni.com.br\/2019\/wp-json\/wp\/v2\/posts\/33525","targetHints":{"allow":["GET"]}}],"collection":[{"href":"https:\/\/jorgezanoni.com.br\/2019\/wp-json\/wp\/v2\/posts"}],"about":[{"href":"https:\/\/jorgezanoni.com.br\/2019\/wp-json\/wp\/v2\/types\/post"}],"author":[{"embeddable":true,"href":"https:\/\/jorgezanoni.com.br\/2019\/wp-json\/wp\/v2\/users\/1"}],"replies":[{"embeddable":true,"href":"https:\/\/jorgezanoni.com.br\/2019\/wp-json\/wp\/v2\/comments?post=33525"}],"version-history":[{"count":0,"href":"https:\/\/jorgezanoni.com.br\/2019\/wp-json\/wp\/v2\/posts\/33525\/revisions"}],"wp:featuredmedia":[{"embeddable":true,"href":"https:\/\/jorgezanoni.com.br\/2019\/wp-json\/wp\/v2\/media\/33526"}],"wp:attachment":[{"href":"https:\/\/jorgezanoni.com.br\/2019\/wp-json\/wp\/v2\/media?parent=33525"}],"wp:term":[{"taxonomy":"category","embeddable":true,"href":"https:\/\/jorgezanoni.com.br\/2019\/wp-json\/wp\/v2\/categories?post=33525"},{"taxonomy":"post_tag","embeddable":true,"href":"https:\/\/jorgezanoni.com.br\/2019\/wp-json\/wp\/v2\/tags?post=33525"}],"curies":[{"name":"wp","href":"https:\/\/api.w.org\/{rel}","templated":true}]}}