{"id":33489,"date":"2020-08-26T01:45:54","date_gmt":"2020-08-26T01:45:54","guid":{"rendered":"https:\/\/jorgezanoni.com.br\/2019\/?p=33489"},"modified":"2020-08-26T01:45:54","modified_gmt":"2020-08-26T01:45:54","slug":"refletindo-a-respeito-da-pandemia","status":"publish","type":"post","link":"https:\/\/jorgezanoni.com.br\/2019\/refletindo-a-respeito-da-pandemia\/","title":{"rendered":"Refletindo a respeito da Pandemia"},"content":{"rendered":"<p style=\"text-align: justify;\"><strong>REFLETINDO A RESPEITO DA PANDEMIA<\/strong><\/p>\n<p style=\"text-align: justify;\"><strong>Pandemia = Oportunidade<\/strong><\/p>\n<ul style=\"text-align: justify;\">\n<li>Este momento que vivemos, \u00e9 o momento em que temos a oportunidade de transformar a realidade do nosso mundo.<\/li>\n<li>Este \u00e9 o momento de construir um mundo mais humano e fraterno.<\/li>\n<\/ul>\n<p style=\"text-align: justify;\">Dores +distanciamentos+isolamentos<\/p>\n<p style=\"text-align: justify;\">\u00a0\u00a0\u00a0\u00a0\u00a0\u00a0\u00a0\u00a0\u00a0\u00a0\u00a0 O MOMENTO \u00c9 DEOPORTUNIDADES\u00a0 DE:<\/p>\n<ul style=\"text-align: justify;\">\n<li>Aprendizado moral<\/li>\n<li>Melhores sentimentos<\/li>\n<li>Fortalecer nossas cren\u00e7as<\/li>\n<li>Novos h\u00e1bitos<\/li>\n<li>Tamb\u00e9m \u00e9 o momento em que muitas pessoas ficam mais em casa.<\/li>\n<li>Momento de maior conviv\u00eancia<\/li>\n<li>Inclusive entre os c\u00f4njuges<\/li>\n<li>E entre pais e filhos<\/li>\n<\/ul>\n<ul style=\"text-align: justify;\">\n<li><strong>QUAIS S\u00c3O AS TUAS CREN\u00c7AS DIANTE DO FRACASSO E DO SUCESSO?<\/strong><\/li>\n<li><strong>NOSSAS CREN\u00c7AS S\u00c3O DETERMINANTES PARA OS NOSSOS RESULTADOS NA VIDA<\/strong><\/li>\n<\/ul>\n<p style=\"text-align: justify;\">CUIDADO com as cren\u00e7as limitantes tais como:<\/p>\n<ul style=\"text-align: justify;\">\n<li><em>N\u00e3o nasci para ter alegria e felicidade<\/em><\/li>\n<li><em>Sou um incompetente<\/em><\/li>\n<li><em>Tudo o que eu fa\u00e7o \u00e9 ruim<\/em><\/li>\n<li><em>N\u00e3o sou capaz<\/em><\/li>\n<li><em>N\u00e3o consigo me organizar<\/em><\/li>\n<li><em>N\u00e3o tenho sorte na vida<\/em><\/li>\n<li><em>Sou a talnegra<\/em><\/li>\n<li><em>Ganhar dinheiro \u00e9 dif\u00edcil<\/em><\/li>\n<li><em>Sou assim e n\u00e3o mudo<\/em><\/li>\n<li><em>Vou ficar doente e vou morrer<\/em><em>\u00a0<\/em><\/li>\n<\/ul>\n<ul style=\"text-align: justify;\">\n<li><strong>TUDO O QUE VOC\u00ca ACREDITA ATRAIR\u00c1 OS TEUS RESULTADOS<\/strong><\/li>\n<li><strong>UMA CREN\u00c7A PODE TE SABOTAR<\/strong><\/li>\n<li><\/li>\n<li><strong>A sua imunidade tamb\u00e9m depende do meu emocional.<\/strong><\/li>\n<\/ul>\n<p style=\"text-align: justify;\"><strong>Sentimentos ruins da pandemia:<\/strong><\/p>\n<ul style=\"text-align: justify;\">\n<li><strong>Medo <\/strong><\/li>\n<li><strong>Incerteza<\/strong><\/li>\n<li><strong>Stress<\/strong><\/li>\n<li><strong>Inseguran\u00e7a <\/strong><\/li>\n<li><strong>Tristeza<\/strong><\/li>\n<li><strong>Culpa<\/strong><\/li>\n<li><strong>Solid\u00e3o<\/strong><\/li>\n<li><strong>Saudade<\/strong><\/li>\n<li><strong>Impulsividade<\/strong><\/li>\n<li><strong>Compulsividade<\/strong><\/li>\n<li><strong>Impaci\u00eancia<\/strong><\/li>\n<li><strong>Ansiedade<\/strong><\/li>\n<li><strong>Inferioridade<\/strong><\/li>\n<li><strong>Desejo de n\u00e3o continuar vivendo<\/strong><\/li>\n<li><strong>Depress\u00e3o<\/strong><strong>\u00a0<\/strong><\/li>\n<\/ul>\n<p style=\"text-align: justify;\"><strong>PSICOSSOMATIZA\u00c7\u00c3O E SEUS EFEITOS:<\/strong><\/p>\n<p style=\"text-align: justify;\"><strong>Psicossomatizar \u00e9 quando nossas emo\u00e7\u00f5es exercem influ\u00eancia sobre o nosso corpo.<\/strong><\/p>\n<ul style=\"text-align: justify;\">\n<li><strong>Ins\u00f4nia<\/strong><\/li>\n<li><strong>Palpita\u00e7\u00e3o<\/strong><\/li>\n<li><strong>Problemas digestivos<\/strong><\/li>\n<li><strong>Fadiga cr\u00f4nica<\/strong><\/li>\n<li><strong>Dores<\/strong><\/li>\n<li><strong>Fome psicol\u00f3gica<\/strong><\/li>\n<li><strong>Obesidade<\/strong><\/li>\n<li><strong>Baixa concetra\u00e7\u00e3o<\/strong><\/li>\n<li><strong>Memoria ruim<\/strong><\/li>\n<\/ul>\n<p style=\"text-align: justify;\"><strong>O que o momento nos exige?<\/strong><\/p>\n<ul style=\"text-align: justify;\">\n<li><strong>Momento de auto-reinven\u00e7\u00e3o<\/strong><\/li>\n<li><strong>Aprender a lidar com as afli\u00e7\u00f5es<\/strong><\/li>\n<li><strong>Aprender a lidar com as perdas <\/strong><\/li>\n<li><strong>Momento do exerc\u00edcio da paci\u00eancia<\/strong><\/li>\n<li><strong>Com o desapego<\/strong><\/li>\n<li><strong>Sair da zona de conforto<\/strong><\/li>\n<li><strong>Desenvolver novas habilidades<\/strong><\/li>\n<li><strong>CUIDADO COM O QUE VOC\u00ca FALA <\/strong><\/li>\n<li><strong>Em casa<\/strong><\/li>\n<li><strong>No trabalho<\/strong><\/li>\n<li><strong>No dia a dia<\/strong><\/li>\n<li><strong>Cuidado com o que est\u00e1 ouvindo das pessoas<\/strong><\/li>\n<li><strong>CUIDADO COM O VITIMISMO<\/strong><\/li>\n<li><strong>Pare de colocar a culpa nos outros<\/strong><\/li>\n<li><strong>Diante da dificuldade financeira, \u00e9 preciso buscar novos conhecimentos e epreender.<\/strong><\/li>\n<li><strong>Se ficarmos parados as dificuldades nos devorar\u00e3o.<\/strong><\/li>\n<li><strong>ESTE \u00c9 O MOMENTO DE BUSCAR O EQUILIBRIO<\/strong><\/li>\n<li><strong>PESSOAS DE SUCESSO SABEM COISAS QUE VOC\u00ca N\u00c3O SABE<\/strong><\/li>\n<li><strong>\u00c9 preciso atrair o Sucesso!<\/strong><\/li>\n<li><strong>Mudan\u00e7a e resultado na vida \u00e9 pura consequ\u00eancia.<\/strong><\/li>\n<li><strong>Meus resultados, s\u00e3o produto das decis\u00f5es que tomei na vida.<\/strong><\/li>\n<li><strong>Precisamos de precau\u00e7\u00f5es<\/strong><\/li>\n<li><strong>Cuidado com a m\u00eddia<\/strong><\/li>\n<li><strong>Cuidado com not\u00edcias que geram ansiedade<\/strong><\/li>\n<li><strong>Cuidado com as redes sociais<\/strong><\/li>\n<li><strong>Cuidado com as fake News<\/strong><\/li>\n<li><strong>Busque fontes confi\u00e1veis<\/strong><\/li>\n<li><strong>Cuidado com o que voc\u00ea compartilha e publica.<\/strong><\/li>\n<li><strong>N\u00e3o estamos sozinhos<\/strong><\/li>\n<li><strong>Procure rede de apoio<\/strong><\/li>\n<li><strong>Participe de grupos de estudos pela internet<\/strong><\/li>\n<li><strong>Assista \u00e0s lives<\/strong><\/li>\n<li><strong>Some for\u00e7as<\/strong><\/li>\n<li><strong>Seja solid\u00e1rio<\/strong><\/li>\n<li><strong>Adapte-se<\/strong><\/li>\n<li><strong>Realize atividades f\u00edsicas em casa<\/strong><\/li>\n<li><strong>\u00c9 preciso ter firmeza de prop\u00f3sitos!<\/strong><\/li>\n<li><strong>O QUE FAZ PARTE DO NOSSO APRENDIZADO NESTE MOMENTO DE PANDEMIA?<\/strong><\/li>\n<li><strong>Uma voz interna nos puxa para baixo.<\/strong><\/li>\n<li><strong>Muita aten\u00e7\u00e3o com ela.<\/strong><strong>\u00a0<\/strong><\/li>\n<\/ul>\n<ul style=\"text-align: justify;\">\n<li><strong>SE FOR POSS\u00cdVEL EVITE SAIR DE CASA<\/strong><\/li>\n<li><strong>MAS SE ISTO N\u00c3O TE \u00c9 POSSIVEL NOMOMENTO, FA\u00c7A-O COM A RESPONSABILIDADE RECOMENDADA OU SEJA:<\/strong><\/li>\n<li><strong>Aten\u00e7\u00e3o para as condutas preventivas recomendadas:<\/strong><\/li>\n<li><strong>Utilize sempre a m\u00e1scara<\/strong><\/li>\n<li><strong>Lave sempre as m\u00e3os<\/strong><\/li>\n<li><strong>Utilize sempre o \u00e1lcool em gel<\/strong><\/li>\n<li><strong>Deixe os cal\u00e7ados na porta de casa <\/strong><\/li>\n<li><strong>Coloque suas roupas para lavar sempre que voltar da rua<\/strong><\/li>\n<li><strong>Evite colocar as m\u00e3os na boca e nos olhos<\/strong><\/li>\n<li><strong>Evite elevadores<\/strong><\/li>\n<li><strong>Evite aglomera\u00e7\u00f5es<\/strong><\/li>\n<\/ul>\n<p style=\"text-align: justify;\"><strong>\u00a0\u00a0\u00a0\u00a0\u00a0\u00a0\u00a0\u00a0\u00a0\u00a0\u00a0\u00a0\u00a0 ESTE \u00c9 O MOMENTO PARA VOC\u00ca CUIDAR DA SUA ESPIRITUALIDADE!<\/strong><\/p>\n<p style=\"text-align: justify;\"><strong>\u00a0 ACREDITE QUE ESTE MOMENTO VAI PASSAR!<\/strong><\/p>\n<div style=\"text-align: justify;\">Anuar Mamede<\/div>\n<div style=\"text-align: justify;\">Psic\u00f3logo e Consultor<\/div>\n<div style=\"text-align: justify;\"><\/div>\n<div style=\"text-align: justify;\">Contatos:<\/div>\n<div style=\"text-align: justify;\">Psicoclinica Dracena<br \/>\n17. 982243033 (whatzapp)<br \/>\n17 997080834<\/div>\n<div style=\"text-align: justify;\"><\/div>\n<p style=\"text-align: justify;\"><strong>QUEM \u00c9 ANUAR MAMEDE?<\/strong><\/p>\n<p style=\"text-align: justify;\"><strong><em>Psic\u00f3logo, formado pela Universidade Estadual Paulista de Assis S.P. UNESP, p\u00f3s graduado em recursos humanos, orientador vocacional e profissional, psicoterapeuta\u00a0 individual e familiar, consultor de empresas, ministra cursos e palestras para empresas comerciais, agr\u00edcolas e industriais, escolas, cooperativas, fazendas, universidades, prefeituras, associa\u00e7\u00f5es comerciais, sindicatos, cl\u00ednicas , hospitais , redes de drogarias e farm\u00e1cias , diretorias de ensino, postos de combust\u00edveis, usinas de alcool e a\u00e7ucar, usinas de beneficiamento do l\u00e1tex, Redes de Lojas e \u00f3ticas, hot\u00e9is e restaurantes.<\/em>\u00c9 Consultor e Palestrante homologado pela ODONTOCOMPANY e PARTMED.<\/strong><\/p>\n<p style=\"text-align: justify;\">NOTA: O <strong>Site Jorge Zanoni\u00a0<\/strong>passa a contar a partir de agora com a colabora\u00e7\u00e3o de Artigos diversos do amigo de longa data, Anuar Mamede, relacionados a sua \u00e1rea de atua\u00e7\u00e3o: Psicologia e Consultoria. A partir da pr\u00f3xima semana o encontro com os amigos leitores ser\u00e1 todas as segundas-feira. Bem vindo Anuar.<\/p>\n<div style=\"text-align: justify;\"><\/div>\n<p><strong>\u00a0<\/strong><\/p>\n","protected":false},"excerpt":{"rendered":"<p>REFLETINDO A RESPEITO DA PANDEMIA Pandemia = Oportunidade Este momento que vivemos, \u00e9 o momento em que temos a oportunidade de transformar a realidade do nosso mundo. Este \u00e9 o momento de construir um mundo mais humano e fraterno. Dores +distanciamentos+isolamentos \u00a0\u00a0\u00a0\u00a0\u00a0\u00a0\u00a0\u00a0\u00a0\u00a0\u00a0 O MOMENTO \u00c9 DEOPORTUNIDADES\u00a0 DE: Aprendizado moral Melhores sentimentos Fortalecer nossas cren\u00e7as Novos [&hellip;]<\/p>\n","protected":false},"author":1,"featured_media":33490,"comment_status":"closed","ping_status":"open","sticky":false,"template":"","format":"standard","meta":{"footnotes":""},"categories":[175],"tags":[],"class_list":["post-33489","post","type-post","status-publish","format-standard","has-post-thumbnail","hentry","category-artigos"],"_links":{"self":[{"href":"https:\/\/jorgezanoni.com.br\/2019\/wp-json\/wp\/v2\/posts\/33489","targetHints":{"allow":["GET"]}}],"collection":[{"href":"https:\/\/jorgezanoni.com.br\/2019\/wp-json\/wp\/v2\/posts"}],"about":[{"href":"https:\/\/jorgezanoni.com.br\/2019\/wp-json\/wp\/v2\/types\/post"}],"author":[{"embeddable":true,"href":"https:\/\/jorgezanoni.com.br\/2019\/wp-json\/wp\/v2\/users\/1"}],"replies":[{"embeddable":true,"href":"https:\/\/jorgezanoni.com.br\/2019\/wp-json\/wp\/v2\/comments?post=33489"}],"version-history":[{"count":0,"href":"https:\/\/jorgezanoni.com.br\/2019\/wp-json\/wp\/v2\/posts\/33489\/revisions"}],"wp:featuredmedia":[{"embeddable":true,"href":"https:\/\/jorgezanoni.com.br\/2019\/wp-json\/wp\/v2\/media\/33490"}],"wp:attachment":[{"href":"https:\/\/jorgezanoni.com.br\/2019\/wp-json\/wp\/v2\/media?parent=33489"}],"wp:term":[{"taxonomy":"category","embeddable":true,"href":"https:\/\/jorgezanoni.com.br\/2019\/wp-json\/wp\/v2\/categories?post=33489"},{"taxonomy":"post_tag","embeddable":true,"href":"https:\/\/jorgezanoni.com.br\/2019\/wp-json\/wp\/v2\/tags?post=33489"}],"curies":[{"name":"wp","href":"https:\/\/api.w.org\/{rel}","templated":true}]}}